{"id":55520,"date":"2024-09-10T18:26:52","date_gmt":"2024-09-11T00:26:52","guid":{"rendered":"https:\/\/mediagroup.mx\/?p=55520"},"modified":"2024-09-10T18:26:52","modified_gmt":"2024-09-11T00:26:52","slug":"formar-futuros-profesionistas-de-calidad-para-el-avance-de-las-letras-y-las-humanidades-acreditadores","status":"publish","type":"post","link":"https:\/\/mediagroup.mx\/index.php\/2024\/09\/10\/formar-futuros-profesionistas-de-calidad-para-el-avance-de-las-letras-y-las-humanidades-acreditadores\/","title":{"rendered":"Formar futuros profesionistas de calidad para el avance de las Letras y las Humanidades: Acreditadores"},"content":{"rendered":"<p>Al iniciar los trabajos del proceso de reacreditaci\u00f3n de la Licenciatura en Lengua y Literaturas Hisp\u00e1nicas, actividad a la que asisti\u00f3 la rectora Yarab\u00ed \u00c1vila Gonz\u00e1lez, el presidente del Consejo para la Acreditaci\u00f3n de Programas Educativos en Humanidades (COAPEHUM), Roberto Hern\u00e1ndez Oramas, se\u00f1al\u00f3 que las y los integrantes de la Facultad de Letras de la Universidad Michoacana forman parte de todo un n\u00facleo de profesores, investigadores, creadores, literatos que est\u00e1n dispersos por todo el pa\u00eds, con un objetivo com\u00fan, que las Letras y que las Humanidades avancen en M\u00e9xico, lo que solamente se podr\u00e1 lograr haciendo bien su labor y formando futuros profesionistas de calidad.<\/p>\n<p>&nbsp;<\/p>\n<p>En este marco, la rectora Yarab\u00ed \u00c1vila, destac\u00f3 la presencia de la y los integrantes del Comit\u00e9 T\u00e9cnico de Acreditaci\u00f3n, tras se\u00f1alar que tenerlos en la M\u00e1xima Casa de Estudios implica saber \u201chacia d\u00f3nde vamos y en d\u00f3nde estamos\u201d.<\/p>\n<p>&nbsp;<\/p>\n<p>El d\u00eda de hoy, dijo, demostraremos lo que se ha hecho en este espacio y sobre todo recibiendo sugerencias, comentarios y recomendaciones que nos permitir\u00e1n seguir creciendo y seguir transformando nuestra Universidad, \u201cporque lo m\u00e1s importante ya lo tenemos, es el coraz\u00f3n de todos nuestros estudiantes, nuestros maestros, maestras y nuestros administrativos\u201d.<\/p>\n<p>&nbsp;<\/p>\n<p>\u00c1vila Gonz\u00e1lez apunt\u00f3 que los procesos de acreditaci\u00f3n son un trabajo en equipo, en donde todas y todos quienes integran la dependencia juegan un papel importante, por lo que destac\u00f3 la labor que realizan desde las diferentes \u00e1reas.<\/p>\n<p>&nbsp;<\/p>\n<p>\u201cFelicidades a la Facultad de Letras, muchas gracias se\u00f1or director por trabajar de manera coordinada con la Secretar\u00eda Acad\u00e9mica, pero sobre todo gracias a ustedes maestras, maestros, personal administrativo, alumnas y alumnos por su contribuci\u00f3n\u201d.<\/p>\n<p>&nbsp;<\/p>\n<p>Indic\u00f3 que la UMSNH seguir\u00e1 trabajando para que las y los alumnos tengan espacios dignos para su formaci\u00f3n integral, tras compartir que se est\u00e1n construyendo aulas en esta dependencia en beneficio de la comunidad estudiantil, y coment\u00f3 que se continuar\u00e1n buscando las mejores alternativas para aplicar correctamente el recurso, no solamente el financiero sino tambi\u00e9n el humano que permita seguir creciendo a la instituci\u00f3n.<\/p>\n<p>&nbsp;<\/p>\n<p>Por su parte, el presidente del COAPEHUM, Roberto Hern\u00e1ndez Oramas, indic\u00f3 que las funciones fundamentales como la docencia, la investigaci\u00f3n y la difusi\u00f3n de la cultura, son esenciales en las instituciones de educaci\u00f3n superior, sin embargo consider\u00f3 que para que esas funciones se lleven a efecto de la mejor forma posible y con la mejor calidad, es necesario que estos sean sometidos a un continuo examen, a una continua reflexi\u00f3n de miradas externas, de pares profesionistas \u201cque nos vengan a decir c\u00f3mo ven nuestro programa y hacia d\u00f3nde podemos seguir avanzando\u201d.<\/p>\n<p>&nbsp;<\/p>\n<p>Coment\u00f3 que este proceso no se trata de un an\u00e1lisis o emitir un juicio, se trata de constatar el trabajo que se est\u00e1 realizado y conjuntamente buscar nuevas alternativas para un mejor desarrollo con la finalidad de brindarle a los futuros profesionistas una formaci\u00f3n de calidad.<\/p>\n<p>&nbsp;<\/p>\n<p>\u201cEstudiantes si\u00e9ntanse orgullosos de estar en esta carrera, los humanistas no s\u00f3lo somos importantes, somos indispensables en nuestra Universidad y somos indispensables en este pa\u00eds, sin humanidades no hay avance de la cultura. Estamos en esta Facultad que espera que sus futuros egresados salgan realmente con calidad\u201d, indic\u00f3.<\/p>\n<p>&nbsp;<\/p>\n<p>Tras recordar que fue en el a\u00f1o 2018 cuando la Licenciatura en Lengua y Literaturas Hisp\u00e1nicas recibi\u00f3 su primera acreditaci\u00f3n, el director de la Facultad de Letras, Iv\u00e1n \u00c1vila Gonz\u00e1lez, se\u00f1al\u00f3 que despu\u00e9s de un an\u00e1lisis hist\u00f3rico, social, econ\u00f3mico, pol\u00edtico y cultural, as\u00ed como el respaldo por parte de la autoridad central de la UMSNH y del organismo acreditador COAPEHUM, hoy se formaliza de nueva cuenta la visita de evaluadores y colegas externos quienes guiar\u00e1n en el proceso para la reacreditaci\u00f3n del programa acad\u00e9mico.<\/p>\n<p>&nbsp;<\/p>\n<p>Hoy las preocupaciones sociales son distintas, a\u00f1adi\u00f3, las humanidades tienen m\u00e1s retos y la Facultad de Letras siempre buscar\u00e1 la mejora constante de sus programas acad\u00e9micos y su vinculaci\u00f3n con la sociedad, un ejemplo de ello es la evaluaci\u00f3n in situ que hoy comienza.<\/p>\n<p>&nbsp;<\/p>\n<p>Durante el evento, tambi\u00e9n estuvo presente el secretario Acad\u00e9mico de la UMSNH, Antonio Ramos; el coordinador general de Estudios de Licenciatura, Jaime Espino; Mar\u00eda de Jes\u00fas Mart\u00ednez, jefa del Departamento de Acreditaci\u00f3n y Evaluaci\u00f3n; Rom\u00e1n Ponce, coordinador de la Licenciatura en Lengua y Literaturas Hisp\u00e1nicas, as\u00ed como integrantes del Comit\u00e9 T\u00e9cnico de Acreditaci\u00f3n provenientes de diversas universidades del pa\u00eds.<\/p>\n","protected":false},"excerpt":{"rendered":"<p>Al iniciar los trabajos del proceso de reacreditaci\u00f3n de la Licenciatura en Lengua y Literaturas Hisp\u00e1nicas, actividad a la que asisti\u00f3 la rectora Yarab\u00ed \u00c1vila Gonz\u00e1lez, el presidente del Consejo para la Acreditaci\u00f3n de Programas Educativos en Humanidades (COAPEHUM), Roberto Hern\u00e1ndez Oramas, se\u00f1al\u00f3 que las y los integrantes de la Facultad de Letras de la [&hellip;]<\/p>\n","protected":false},"author":2,"featured_media":55521,"comment_status":"closed","ping_status":"closed","sticky":false,"template":"","format":"standard","meta":{"om_disable_all_campaigns":false,"_monsterinsights_skip_tracking":false,"_monsterinsights_sitenote_active":false,"_monsterinsights_sitenote_note":"","_monsterinsights_sitenote_category":0,"_uf_show_specific_survey":0,"_uf_disable_surveys":false,"_jetpack_memberships_contains_paid_content":false,"footnotes":"","jetpack_publicize_message":"Formar futuros profesionistas de calidad para el avance de las Letras y las Humanidades: Acreditadores\r\n\r\n\u00b7 La rectora Yarab\u00ed \u00c1vila asiste al inicio de los trabajos del proceso de reacreditaci\u00f3n del programa educativo de Lengua y Literaturas Hisp\u00e1nicas.","jetpack_publicize_feature_enabled":true,"jetpack_social_post_already_shared":true,"jetpack_social_options":{"image_generator_settings":{"template":"highway","default_image_id":0,"enabled":false},"version":2}},"categories":[22],"tags":[],"class_list":{"0":"post-55520","1":"post","2":"type-post","3":"status-publish","4":"format-standard","5":"has-post-thumbnail","7":"category-educacion"},"aioseo_notices":[],"jetpack_publicize_connections":[],"jetpack_featured_media_url":"https:\/\/mediagroup.mx\/wp-content\/uploads\/2024\/09\/IMG-20240910-WA0098.jpg","jetpack_sharing_enabled":true,"_links":{"self":[{"href":"https:\/\/mediagroup.mx\/index.php\/wp-json\/wp\/v2\/posts\/55520","targetHints":{"allow":["GET"]}}],"collection":[{"href":"https:\/\/mediagroup.mx\/index.php\/wp-json\/wp\/v2\/posts"}],"about":[{"href":"https:\/\/mediagroup.mx\/index.php\/wp-json\/wp\/v2\/types\/post"}],"author":[{"embeddable":true,"href":"https:\/\/mediagroup.mx\/index.php\/wp-json\/wp\/v2\/users\/2"}],"replies":[{"embeddable":true,"href":"https:\/\/mediagroup.mx\/index.php\/wp-json\/wp\/v2\/comments?post=55520"}],"version-history":[{"count":1,"href":"https:\/\/mediagroup.mx\/index.php\/wp-json\/wp\/v2\/posts\/55520\/revisions"}],"predecessor-version":[{"id":55522,"href":"https:\/\/mediagroup.mx\/index.php\/wp-json\/wp\/v2\/posts\/55520\/revisions\/55522"}],"wp:featuredmedia":[{"embeddable":true,"href":"https:\/\/mediagroup.mx\/index.php\/wp-json\/wp\/v2\/media\/55521"}],"wp:attachment":[{"href":"https:\/\/mediagroup.mx\/index.php\/wp-json\/wp\/v2\/media?parent=55520"}],"wp:term":[{"taxonomy":"category","embeddable":true,"href":"https:\/\/mediagroup.mx\/index.php\/wp-json\/wp\/v2\/categories?post=55520"},{"taxonomy":"post_tag","embeddable":true,"href":"https:\/\/mediagroup.mx\/index.php\/wp-json\/wp\/v2\/tags?post=55520"}],"curies":[{"name":"wp","href":"https:\/\/api.w.org\/{rel}","templated":true}]}}