{"id":55523,"date":"2024-09-11T10:32:35","date_gmt":"2024-09-11T16:32:35","guid":{"rendered":"https:\/\/mediagroup.mx\/?p=55523"},"modified":"2024-09-11T10:32:35","modified_gmt":"2024-09-11T16:32:35","slug":"mexico-se-aprueba-la-controvertida-reforma-judicial-que-somete-al-voto-popular-la-eleccion-de-jueces","status":"publish","type":"post","link":"https:\/\/mediagroup.mx\/index.php\/2024\/09\/11\/mexico-se-aprueba-la-controvertida-reforma-judicial-que-somete-al-voto-popular-la-eleccion-de-jueces\/","title":{"rendered":"#M\u00e9xico Se aprueba la controvertida reforma judicial que somete al voto popular la elecci\u00f3n de jueces"},"content":{"rendered":"<p class=\"\" style=\"text-align: justify;\">Pasada la medianoche, ya este 11 de septiembre de 2024, Morena, el partido que gobierna M\u00e9xico con mayor\u00eda aplastante, logr\u00f3 sacar adelante uno de los cambios en la Constituci\u00f3n m\u00e1s controvertidos de la historia reciente del pa\u00eds. Una\u00a0<a href=\"https:\/\/elpais.com\/mexico\/2024-09-11\/maxima-tension-en-el-senado-ante-la-discusion-de-la-reforma-judicial-los-legisladores-cambian-de-sede-tras-la-irrupcion-de-manifestantes.html\" data-link-track-dtm=\"\" data-mrf-link=\"https:\/\/elpais.com\/mexico\/2024-09-11\/maxima-tension-en-el-senado-ante-la-discusion-de-la-reforma-judicial-los-legisladores-cambian-de-sede-tras-la-irrupcion-de-manifestantes.html\">reforma judicial<\/a>\u00a0que pretende cambiar de arriba abajo el sistema de justicia y que sume a M\u00e9xico en un terreno desconocido, lleno de incertidumbre. Ning\u00fan pa\u00eds en el mundo del tama\u00f1o de M\u00e9xico ha elegido hasta ahora a sus jueces por voto popular, la piedra angular de la enmienda. Una reforma constitucional que el presidente, Andr\u00e9s Manuel L\u00f3pez Obrador, ha perseguido el \u00faltimo a\u00f1o de su mandato y que consigue a menos de un mes de ceder el poder a Claudia Sheinbaum, su sucesora, que ha apoyado sin equ\u00edvocos la enmienda. Lo ha conseguido gracias al apoyo<i>\u00a0in extremis<\/i>\u00a0de una de las familias pol\u00edticas que m\u00e1s ha criticado en la \u00faltima d\u00e9cada:\u00a0<a href=\"https:\/\/elpais.com\/mexico\/2024-09-11\/la-acorralada-familia-yunes-el-aliado-inesperado-de-morena-para-la-reforma-judicial.html\" data-link-track-dtm=\"\" data-mrf-link=\"https:\/\/elpais.com\/mexico\/2024-09-11\/la-acorralada-familia-yunes-el-aliado-inesperado-de-morena-para-la-reforma-judicial.html\">los Yunes<\/a>, panistas, es decir, n\u00e9mesis de L\u00f3pez Obrador, acorralados por la justicia y que, en el \u00faltimo momento, dieron su brazo a torcer para permitir la mayor\u00eda calificada de 86 votos que necesitaba Morena.<\/p>\n<p class=\"\" style=\"text-align: justify;\">Se trata del cambio m\u00e1s importante al sistema judicial desde 1994, cuando la Suprema Corte se redujo de 23 a 11 asientos y se cre\u00f3 el Consejo de la Judicatura. La propuesta se ha abierto finalmente camino entre enormes presiones y advertencias a lo largo de meses. El\u00a0<a href=\"https:\/\/www.google.com\/search?q=site%3Aelpais.com+reforma+judicial+peso&amp;sca_esv=d4927bc780c8916e&amp;sca_upv=1&amp;rlz=1C5CHFA_enMX992MX992&amp;sxsrf=ADLYWIIIDcKEv4CNoXW4jO7nj5Ytgey8Bg%3A1726004928759&amp;ei=wL7gZseGLrn3kPIPs4eMiAM&amp;ved=0ahUKEwjH5qK1rbmIAxW5O0QIHbMDAzEQ4dUDCA8&amp;uact=5&amp;oq=site%3Aelpais.com+reforma+judicial+peso&amp;gs_lp=Egxnd3Mtd2l6LXNlcnAiJXNpdGU6ZWxwYWlzLmNvbSByZWZvcm1hIGp1ZGljaWFsIHBlc29IqhJQ5QFYrxBwBHgAkAEBmAGzAqABsw6qAQczLjQuMy4xuAEDyAEA-AEBmAIAoAIAmAMAiAYBkgcAoAfvAw&amp;sclient=gws-wiz-serp#:~:text=La%20reforma%20judicial,la%2Dreforma%2Djudic...\" data-link-track-dtm=\"\" data-mrf-link=\"https:\/\/www.google.com\/search?q=site%3Aelpais.com+reforma+judicial+peso&amp;sca_esv=d4927bc780c8916e&amp;sca_upv=1&amp;rlz=1C5CHFA_enMX992MX992&amp;sxsrf=ADLYWIIIDcKEv4CNoXW4jO7nj5Ytgey8Bg%3A1726004928759&amp;ei=wL7gZseGLrn3kPIPs4eMiAM&amp;ved=0ahUKEwjH5qK1rbmIAxW5O0QIHbMDAzEQ4dUDCA8&amp;uact=5&amp;oq=site%3Aelpais.com+reforma+judicial+peso&amp;gs_lp=Egxnd3Mtd2l6LXNlcnAiJXNpdGU6ZWxwYWlzLmNvbSByZWZvcm1hIGp1ZGljaWFsIHBlc29IqhJQ5QFYrxBwBHgAkAEBmAGzAqABsw6qAQczLjQuMy4xuAEDyAEA-AEBmAIAoAIAmAMAiAYBkgcAoAfvAw&amp;sclient=gws-wiz-serp#:~:text=La%20reforma%20judicial,la%2Dreforma%2Djudic...\">peso mexicano<\/a>\u00a0ha sufrido una depreciaci\u00f3n debido a la incertidumbre de los inversionistas, que temen que la judicatura pierda independencia respecto del Ejecutivo. El Gobierno de Estados Unidos se ha hecho eco de esas preocupaciones, lo que a su vez deriv\u00f3 en el asomo de una crisis de vuelos diplom\u00e1ticos. Grupos de ciudadanos, nutridos por contingentes de trabajadores del Poder Judicial, han salido a protestar a las calles y han intensificado sus movilizaciones.<\/p>\n<p class=\"\" style=\"text-align: justify;\">El bloque formado por Morena, PVEM y PT ha sumado el apoyo del senador Miguel \u00c1ngel Yunes M\u00e1rquez, del PAN, hijo del exgobernador veracruzano Miguel \u00c1ngel Yunes Linares. Con este esca\u00f1o, el oficialismo ha reunido 86 votos, exactamente el m\u00ednimo requerido para aprobar la reforma a la Constituci\u00f3n. A la mayor\u00eda le ha beneficiado tambi\u00e9n la ausencia de otro senador de oposici\u00f3n,\u00a0<a href=\"https:\/\/elpais.com\/mexico\/2024-09-11\/donde-esta-el-senador-barreda-de-la-presunta-detencion-de-su-padre-en-campeche-a-la-llamada-de-norona.html\" data-link-track-dtm=\"\" data-mrf-link=\"https:\/\/elpais.com\/mexico\/2024-09-11\/donde-esta-el-senador-barreda-de-la-presunta-detencion-de-su-padre-en-campeche-a-la-llamada-de-norona.html\">Daniel Barreda<\/a>, de MC, que no acudi\u00f3 a la sesi\u00f3n alegando que ha estado acompa\u00f1ando a su padre, arrestado este mismo martes en Campeche, seg\u00fan la versi\u00f3n dada por su partido.<\/p>\n<p class=\"\" style=\"text-align: justify;\">La oposici\u00f3n ha visto en el apoyo de Yunes y la ausencia de Barreda el resultado de una agresiva campa\u00f1a del oficialismo basada en amenazas y persecuci\u00f3n, para hacerse a como diera lugar con los votos necesarios para aprobar la enmienda. Morena ha negado las acusaciones, que tampoco fueron sustentadas con evidencias. Finalmente, 41 senadores del PAN, PRI y MC votaron contra la reforma.<\/p>\n<p class=\"\" style=\"text-align: justify;\">La enmienda ha sido aprobada al t\u00e9rmino de una sesi\u00f3n convulsa en extremo, que implic\u00f3 un repentino cambio de sede parlamentaria, ante la irrupci\u00f3n de cientos de manifestantes hasta el pleno del recinto legislativo. Corr\u00edan se\u00f1alamientos de coacciones, chantajes y\u00a0<a href=\"https:\/\/elpais.com\/mexico\/2024-09-10\/la-oposicion-se-atrinchera-en-el-senado-ante-la-amenaza-de-que-un-transfuga-facilite-la-aprobacion-de-la-reforma-judicial.html\" data-link-track-dtm=\"\" data-mrf-link=\"https:\/\/elpais.com\/mexico\/2024-09-10\/la-oposicion-se-atrinchera-en-el-senado-ante-la-amenaza-de-que-un-transfuga-facilite-la-aprobacion-de-la-reforma-judicial.html\">traiciones dentro de las filas de la oposici\u00f3n<\/a>. Nada m\u00e1s comenzar el debate, Clemente Casta\u00f1eda, coordinador de MC, denunci\u00f3 que tanto el senador Barreda como su padre hab\u00edan sido detenidos y acus\u00f3 directamente a la gobernadora de Campeche, la morenista Layda Sansores, que neg\u00f3 el se\u00f1alamiento de inmediato a trav\u00e9s de sus redes sociales. \u201cUstedes saben que no cuentan con los votos para pasar la reforma constitucional y que es una realidad que est\u00e1n presionando, utilizando a las Fiscal\u00edas de los Estados para obtener los votos que les faltan\u201d, acus\u00f3 el panista Ricardo Anaya.<\/p>\n<p class=\"\" style=\"text-align: justify;\">Durante el d\u00eda, las noticias sobre la circunstancia de Barreda fueron cambiando. El coordinador de Morena, Ad\u00e1n Augusto L\u00f3pez, y el presidente de la Mesa Directiva del Senado, el petista Gerardo Fern\u00e1ndez Noro\u00f1a, aseguraron que ni el emecista ni su padre estaban arrestados. Noro\u00f1a afirm\u00f3 que, tras una llamada directamente con Barreda, este le dijo que estaba en Ciudad de M\u00e9xico \u201cen perfectas condiciones\u201d. MC no quit\u00f3 el dedo del rengl\u00f3n y sostuvo hasta tarde que su correligionario estaba ilocalizable. El diputado emecista Juan Zavala se traslad\u00f3 hasta Campeche y desde all\u00ed inform\u00f3 de que, si bien Barreda no estaba arrestado, su padre s\u00ed. La senadora del PAN Lilly T\u00e9llez acus\u00f3 a Morena de haber \u201csecuestrado\u201d al legislador de MC. Al frente de la sesi\u00f3n, Fern\u00e1ndez Noro\u00f1a se\u00f1alaba reiteradamente que Barreda estaba libre. Mientras la sesi\u00f3n transcurr\u00eda en la noche, Barreda grab\u00f3 un video desde Campeche, lo que pon\u00eda en duda la afirmaci\u00f3n de Fern\u00e1ndez Noro\u00f1a de que el senador estaba en la capital.<\/p>\n<p class=\"\" style=\"text-align: justify;\">Luego surgi\u00f3 la inc\u00f3gnita y el galimat\u00edas de\u00a0<a href=\"https:\/\/elpais.com\/mexico\/2024-09-11\/los-yunes-generan-una-crisis-interna-en-el-pan-y-ponen-contra-las-cuerdas-a-marko-cortes.html\" data-link-track-dtm=\"\" data-mrf-link=\"https:\/\/elpais.com\/mexico\/2024-09-11\/los-yunes-generan-una-crisis-interna-en-el-pan-y-ponen-contra-las-cuerdas-a-marko-cortes.html\">Yunes M\u00e1rquez<\/a>. Desde la noche del lunes, cuando rompi\u00f3 todo contacto con su partido, se alzaron las dudas sobre su adhesi\u00f3n al oficialismo. Las sospechas crecieron cuando Fern\u00e1ndez Noro\u00f1a comunic\u00f3 al pleno que el senador panista hab\u00eda solicitado licencia por un padecimiento en la columna vertebral. La licencia dio paso a que su esca\u00f1o lo tomase su suplente, nada menos que su propio padre, Yunes Linares. Cuando el exgobernador veracruzano entr\u00f3 al pleno, escoltado por morenistas y abrazado por Augusto L\u00f3pez, pas\u00f3 a la tribuna y se enzarz\u00f3 en una bronca con Marko Cort\u00e9s, senador y dirigente del PAN, que momentos antes hab\u00eda cargado contra Yunes hijo. La confrontaci\u00f3n dej\u00f3 ver que el clan Yunes, que enfrenta varias acusaciones de corrupci\u00f3n, tomaba distancia del bloque opositor. \u201cHubiera sido m\u00e1s decente, querido amigo, que nos hubieras tomado la llamada y nos hubieras dicho: voy a traicionarlos\u201d, dijo Cort\u00e9s desde la tribuna, la voz quebrada, los ojos enrojecidos.<\/p>\n<p class=\"\" style=\"text-align: justify;\">La bancada del PAN lanz\u00f3 descalificaciones a Yunes Linares. \u201c\u00a1Traidor, traidor!\u201d, le gritaron. Yunes padre desliz\u00f3 que su hijo podr\u00eda reaparecer por la tarde para defender \u00e9l mismo el sentido de su voto, que ambos mantuvieron reservado hasta la noche. Y entonces sucedi\u00f3 lo inesperado. Ya en la sede alterna a la que fueron a sesionar los senadores, la Antigua Casona de Xicot\u00e9ncatl, apareci\u00f3 Yunes M\u00e1rquez, sin se\u00f1ales de convalecencia, y retom\u00f3 el esca\u00f1o que por pocas horas le resguard\u00f3 su padre. Fue el propio Yunes hijo quien disip\u00f3 las dudas en torno a su posici\u00f3n: votar\u00eda con Morena. \u201cS\u00e9 que la reforma al Poder Judicial que se nos ha propuesto no es la mejor, pero en las leyes secundarias tendremos la oportunidad de perfeccionarla y de instrumentarla\u201d, dijo, y a\u00f1adi\u00f3: \u201cPor eso, en la decisi\u00f3n m\u00e1s dif\u00edcil de mi vida, he determinado dar mi voto a favor del dictamen para crear un nuevo modelo de impartici\u00f3n de justicia\u201d.<\/p>\n<p class=\"\" style=\"text-align: justify;\">Los legisladores del bloque oficialista celebraron la adhesi\u00f3n del panista. \u201c\u00a1La reforma va, la reforma va!\u201d, vitorearon. Yunes M\u00e1rquez denunci\u00f3 que s\u00ed fue objeto de presiones por el sentido de su voto, pero no desde el oficialismo, como ha denunciado durante los d\u00edas pasados la oposici\u00f3n, sino desde su propio partido. \u201cNo puedo aceptar que se me quiera imponer el sentido de mi voto en ning\u00fan caso; nunca hab\u00eda visto en el PAN un intento de imposici\u00f3n y sojuzgamiento tan burdo como el de estos d\u00edas\u201d, lanz\u00f3. \u201cA base de amenazas y agresiones han querido obligarme a que me pronuncie en contra de una reforma sin analizarla, sin discutirla, sin dialogar, simplemente porque se decidi\u00f3 ir en contra de la mayor\u00eda\u201d, agreg\u00f3, para rematar con una frase que lo situaba como h\u00e9roe de la noche: \u201cSe requiere m\u00e1s valor para ir en contra de la corriente que montarse en ella. El tiempo dir\u00e1\u201d.<\/p>\n<p class=\"\" style=\"text-align: justify;\">La sesi\u00f3n en el Senado, en la sede inicial y en la alterna, transcurri\u00f3 con protestas a las afueras encabezadas por ciudadanos que se oponen a la reforma judicial. A media tarde, decenas de manifestantes, en su mayor\u00eda j\u00f3venes, irrumpieron en el recinto legislativo, a pesar del despliegue de polic\u00edas de Ciudad de M\u00e9xico en el per\u00edmetro del sitio. Dentro, el personal de resguardo intent\u00f3 frenar los destrozos con l\u00edquido de extintores. Mientras una parte de los manifestantes intentaba derribar las puertas del sal\u00f3n de sesiones, otros lanzaban c\u00e1nticos: \u201c\u00a1El Poder Judicial no va a caer, no va a caer!\u201d y \u201c\u00a1D\u00f3nde est\u00e1n, d\u00f3nde est\u00e1n, los senadores que nos iban a escuchar!\u201d. La sesi\u00f3n se suspendi\u00f3. Los parlamentarios del bloque de Morena, PVEM y PT salieron del pleno por puertas alternas, mientras que los del PAN, PRI y MC permanecieron en sus esca\u00f1os.<\/p>\n<p class=\"\" style=\"text-align: justify;\">Despu\u00e9s de varios intentos de derribarlas, las puertas del pleno se abrieron de par en par y el tumulto ocup\u00f3 los lugares de los senadores. Dentro, decenas de j\u00f3venes cantaron el Himno Nacional y mostraron su respaldo a los legisladores de oposici\u00f3n. \u201c\u00a1No est\u00e1n solos, no est\u00e1n solos!\u201d, les gritaron. Instalado ya en la sede de Xicot\u00e9ncatl, Fern\u00e1ndez Noro\u00f1a acus\u00f3 a la oposici\u00f3n de haber permitido deliberadamente el ingreso de personas ajenas al Senado, que fue \u201cobjeto de una irrupci\u00f3n violenta\u201d. \u201cSe present\u00f3 un intento de golpe que buscaba generar vac\u00edo en el ejercicio del Poder Legislativo, afectando de esta manera las instituciones democr\u00e1ticas del Estado mexicano\u201d, dijo el presidente de la C\u00e1mara alta. El ingreso de cientos de manifestantes hasta el sal\u00f3n de sesiones pone en evidencia los protocolos de seguridad de las autoridades y revela, cuando menos, negligencia.<\/p>\n<p class=\"\" style=\"text-align: justify;\">Nada, sin embargo, detuvo la maquinaria del oficialismo. Ni las protestas ciudadanas de esta tarde, ni las acusaciones de chantaje de la oposici\u00f3n, ni las advertencias de inestabilidad econ\u00f3mica anunciadas durante meses. Los senadores de Morena emitieron su voto recordando en cada momento a L\u00f3pez Obrador, a quien definieron como el mejor mandatario de la historia reciente. Para concluir el tr\u00e1mite de la enmienda, debe ser ratificada por los Congresos de al menos 17 Estados. Tarea m\u00e1s que sencilla para Morena, que gobierna en dos tercios del pa\u00eds. Y entonces, L\u00f3pez Obrador podr\u00e1 promulgar su reforma antes de dejar el poder. Tocar\u00e1 a Sheinbaum implementarla. Y pagar los costes.<\/p>\n<p>Por: <a href=\"https:\/\/elpais.com\/autor\/zedryk-raziel-cruz-merino\/\" rel=\"autor_bottom\">Zedryk Raziel<\/a> \u00b7 El Pa\u00eds<\/p>\n","protected":false},"excerpt":{"rendered":"<p>Pasada la medianoche, ya este 11 de septiembre de 2024, Morena, el partido que gobierna M\u00e9xico con mayor\u00eda aplastante, logr\u00f3 sacar adelante uno de los cambios en la Constituci\u00f3n m\u00e1s controvertidos de la historia reciente del pa\u00eds. Una\u00a0reforma judicial\u00a0que pretende cambiar de arriba abajo el sistema de justicia y que sume a M\u00e9xico en un [&hellip;]<\/p>\n","protected":false},"author":2,"featured_media":55524,"comment_status":"closed","ping_status":"closed","sticky":false,"template":"","format":"standard","meta":{"om_disable_all_campaigns":false,"_monsterinsights_skip_tracking":false,"_monsterinsights_sitenote_active":false,"_monsterinsights_sitenote_note":"","_monsterinsights_sitenote_category":0,"_uf_show_specific_survey":0,"_uf_disable_surveys":false,"_jetpack_memberships_contains_paid_content":false,"footnotes":"","jetpack_publicize_message":"#M\u00e9xico Se aprueba la controvertida reforma judicial que somete al voto popular la elecci\u00f3n de jueces","jetpack_publicize_feature_enabled":true,"jetpack_social_post_already_shared":true,"jetpack_social_options":{"image_generator_settings":{"template":"highway","default_image_id":0,"enabled":false},"version":2}},"categories":[23,16],"tags":[],"class_list":{"0":"post-55523","1":"post","2":"type-post","3":"status-publish","4":"format-standard","5":"has-post-thumbnail","7":"category-nacional","8":"category-viral"},"aioseo_notices":[],"jetpack_publicize_connections":[],"jetpack_featured_media_url":"https:\/\/mediagroup.mx\/wp-content\/uploads\/2024\/09\/Captura-de-pantalla-2024-09-11-a-las-10.31.17.png","jetpack_sharing_enabled":true,"_links":{"self":[{"href":"https:\/\/mediagroup.mx\/index.php\/wp-json\/wp\/v2\/posts\/55523","targetHints":{"allow":["GET"]}}],"collection":[{"href":"https:\/\/mediagroup.mx\/index.php\/wp-json\/wp\/v2\/posts"}],"about":[{"href":"https:\/\/mediagroup.mx\/index.php\/wp-json\/wp\/v2\/types\/post"}],"author":[{"embeddable":true,"href":"https:\/\/mediagroup.mx\/index.php\/wp-json\/wp\/v2\/users\/2"}],"replies":[{"embeddable":true,"href":"https:\/\/mediagroup.mx\/index.php\/wp-json\/wp\/v2\/comments?post=55523"}],"version-history":[{"count":1,"href":"https:\/\/mediagroup.mx\/index.php\/wp-json\/wp\/v2\/posts\/55523\/revisions"}],"predecessor-version":[{"id":55525,"href":"https:\/\/mediagroup.mx\/index.php\/wp-json\/wp\/v2\/posts\/55523\/revisions\/55525"}],"wp:featuredmedia":[{"embeddable":true,"href":"https:\/\/mediagroup.mx\/index.php\/wp-json\/wp\/v2\/media\/55524"}],"wp:attachment":[{"href":"https:\/\/mediagroup.mx\/index.php\/wp-json\/wp\/v2\/media?parent=55523"}],"wp:term":[{"taxonomy":"category","embeddable":true,"href":"https:\/\/mediagroup.mx\/index.php\/wp-json\/wp\/v2\/categories?post=55523"},{"taxonomy":"post_tag","embeddable":true,"href":"https:\/\/mediagroup.mx\/index.php\/wp-json\/wp\/v2\/tags?post=55523"}],"curies":[{"name":"wp","href":"https:\/\/api.w.org\/{rel}","templated":true}]}}