{"id":55526,"date":"2024-09-11T10:36:34","date_gmt":"2024-09-11T16:36:34","guid":{"rendered":"https:\/\/mediagroup.mx\/?p=55526"},"modified":"2024-09-11T10:36:34","modified_gmt":"2024-09-11T16:36:34","slug":"lomasreciente-sobre-la-reforma-judicial-en-mexico-votacion-en-el-senado-protestas-y-mas","status":"publish","type":"post","link":"https:\/\/mediagroup.mx\/index.php\/2024\/09\/11\/lomasreciente-sobre-la-reforma-judicial-en-mexico-votacion-en-el-senado-protestas-y-mas\/","title":{"rendered":"#LoM\u00e1sReciente Sobre la reforma judicial en M\u00e9xico: votaci\u00f3n en el Senado, protestas y m\u00e1s"},"content":{"rendered":"<div id=\"newsliveblog\" class=\"newsliveblog\">\n<div class=\"newsliveblog__item\">\n<div id=\"liveblog-5a7777a5-efec-4bf0-8c00-14d44909e218\" class=\"liveblog-entry\">\n<div class=\"liveblog-entry-main\">\n<div class=\"liveblog__title\">\n<h2>L\u00f3pez Obrador saluda la aprobaci\u00f3n de la reforma del Poder Judicial y resta importancia a cambio de voto de senadores<\/h2>\n<\/div>\n<header class=\"liveblog-meta-authors\">\n<div class=\"liveblog-meta-author\"><span class=\"liveblog-meta-author-name\">Por CNN Espa\u00f1ol<\/span><\/div>\n<\/header>\n<div class=\"liveblog-entry-content\">\n<div id=\"attachment_1751089\" class=\"wp-caption alignnone\"><a href=\"https:\/\/cnnespanol.cnn.com\/wp-content\/uploads\/2024\/09\/GettyImages-2169366401.jpg?quality=100&amp;strip=info\"><img loading=\"lazy\" decoding=\"async\" class=\"size-large wp-image-1751089\" src=\"https:\/\/cnnespanol.cnn.com\/wp-content\/uploads\/2024\/09\/GettyImages-2169366401.jpg?quality=100&amp;strip=info&amp;w=1024\" sizes=\"auto, (max-width: 1024px) 100vw, 1024px\" srcset=\"https:\/\/cnnespanol.cnn.com\/wp-content\/uploads\/2024\/09\/GettyImages-2169366401.jpg 1024w, https:\/\/cnnespanol.cnn.com\/wp-content\/uploads\/2024\/09\/GettyImages-2169366401.jpg?resize=300,200 300w, https:\/\/cnnespanol.cnn.com\/wp-content\/uploads\/2024\/09\/GettyImages-2169366401.jpg?resize=768,512 768w\" alt=\"\" width=\"1024\" height=\"683\" aria-describedby=\"caption-attachment-1751089\" data-lazy-loaded=\"true\" \/><\/a><\/p>\n<p id=\"caption-attachment-1751089\" class=\"wp-caption-text\">AMLO en una de sus conferencias matutinas.<\/p>\n<\/div>\n<p>El presidente de M\u00e9xico, Andr\u00e9s Manuel L\u00f3pez Obrador, dijo este mi\u00e9rcoles en su ma\u00f1anera que le agrada que se haya aprobado la reforma al poder judicial y rest\u00f3 importancia a la pol\u00e9mica en torno a Miguel \u00c1ngel Yunes, un senador opositor quien decidi\u00f3 al \u00faltimo minuto unirse a las filas de su partido para aprobar la reforma.<\/p>\n<p>\u00abEs una decisi\u00f3n que tomaron los legisladores, y dir\u00eda de manera libre. Esto no deja satisfechos a muchos. A otros, s\u00ed, les agrada que se haya aprobado esta reforma. Yo estoy entre \u00e9stos los \u00faltimos\u00bb, dijo AMLO.<\/p>\n<p>El presidente tambi\u00e9n se refiri\u00f3 a los incidentes ocurridos en la madrugada del mi\u00e9rcoles en el Senado, y dijo que los manifestantes que irrumpieron en la c\u00e1mara \u00abdestruyeron\u00bb y que eso es \u00abotra caracter\u00edstica del conservadurismo\u00bb.<\/p>\n<p>\u00abAyer, de repente, toman el Congreso, el Senado de la Rep\u00fablica, destruyen\u2026 esa es la otra caracter\u00edstica del conservadurismo. Entonces estoy muy contento porque se va a lograr la renovaci\u00f3n del poder judicial. Hac\u00eda falta\u00bb, indic\u00f3.<\/p>\n<\/div>\n<\/div>\n<\/div>\n<div id=\"liveblog-7f74b768-cf28-438d-b3f4-7adc19659f8f\" class=\"liveblog-entry\">\n<div class=\"liveblog-entry-aside\"><span class=\"liveblog-meta-time\"><span class=\"livebloghp__article__time\">Hace 2 horas<\/span><\/span><\/div>\n<div class=\"liveblog-entry-main\">\n<div class=\"liveblog__title\">\n<h2>El Centro de DDHH Miguel Angel Pro Ju\u00e1rez dice que la reforma judicial \u00abanula la divisi\u00f3n de poderes\u00bb en M\u00e9xico<\/h2>\n<\/div>\n<header class=\"liveblog-meta-authors\">\n<div class=\"liveblog-meta-author\"><span class=\"liveblog-meta-author-name\">Por CNN Espa\u00f1ol<\/span><\/div>\n<\/header>\n<div class=\"liveblog-entry-content\">\n<p>El Centro de Derechos Humanos Miguel \u00c1ngel Pro Ju\u00e1rez manifest\u00f3 este mi\u00e9rcoles a trav\u00e9s de un comunicado que la reforma judicia aprobada durante las primeras horas de este 11 de septiembre \u00abanula la divisi\u00f3n de poderes\u00bb y \u00abpone en riesgo los derechos humanos\u00bb en M\u00e9xico.<\/p>\n<p>\u00abLa #ReformaJudicial aprobada en lo general esta madrugada anula la divisi\u00f3n de poderes y pone en riesgo los derechos humanos. El llamado \u201cPlan C\u201d est\u00e1 generando erosi\u00f3n democr\u00e1tica: prisi\u00f3n preventiva oficiosa, militarizaci\u00f3n, eliminaci\u00f3n de \u00f3rganos protectores de derechos, captura pol\u00edtica de la judicatura\u00bb, se\u00f1al\u00f3 en una publicaci\u00f3n en su perfil en X.<button class=\"storyfull__social__liveblog__button\" type=\"button\"><\/button><\/p>\n<p><span style=\"font-family: Verdana, BlinkMacSystemFont, -apple-system, 'Segoe UI', Roboto, Oxygen, Ubuntu, Cantarell, 'Open Sans', 'Helvetica Neue', sans-serif;\">Hace 3 horas<\/span><\/p>\n<\/div>\n<\/div>\n<\/div>\n<div id=\"liveblog-0379c0c5-8817-45b0-9fd6-ea95e94d9948\" class=\"liveblog-entry\">\n<div class=\"liveblog-entry-main\">\n<div class=\"liveblog__title\">\n<h2>Oaxaca se convierte en el primero de lo 32 estados de M\u00e9xico en avalar la reforma al Poder Judicial<\/h2>\n<\/div>\n<header class=\"liveblog-meta-authors\">\n<div class=\"liveblog-meta-author\"><span class=\"liveblog-meta-author-name\">Por CNN Espa\u00f1ol<\/span><\/div>\n<\/header>\n<div class=\"liveblog-entry-content\">\n<p>Oaxaca se convirti\u00f3 este mi\u00e9rcoles en el primero de los 32 estados de M\u00e9xico en avalar la reforma al Poder Judicial, aprobada durante las primeras horas de este 11 de septiembre.<\/p>\n<p>\u00abCon 41 votos a favor, el Congreso de Oaxaca aval\u00f3 la reforma constitucional relativa al Poder Judicial, convirti\u00e9ndose en el primero del pa\u00eds en respaldar esta modificaci\u00f3n federal\u00bb, se\u00f1ala un comunicado.<\/p>\n<div class=\"liveblog-entry-content-footer\"><button class=\"storyfull__social__liveblog__button\" type=\"button\"><\/button><\/p>\n<div class=\"storyfull__social__liveblog \"><\/div>\n<\/div>\n<\/div>\n<\/div>\n<\/div>\n<div id=\"liveblog-d8cf35a9-88cf-4354-8a0e-73045fa576b7\" class=\"liveblog-entry\">\n<div class=\"liveblog-entry-aside\"><span class=\"liveblog-meta-time\"><span class=\"livebloghp__article__time\">Hace 3 horas<\/span><\/span><\/div>\n<div class=\"liveblog-entry-main\">\n<div class=\"liveblog__title\">\n<h2>Tras la aprobaci\u00f3n en el Senado, \u00bfc\u00f3mo sigue el camino de la reforma judicial?<\/h2>\n<\/div>\n<header class=\"liveblog-meta-authors\">\n<div class=\"liveblog-meta-author\"><span class=\"liveblog-meta-author-name\">Por CNN Espa\u00f1ol<\/span><\/div>\n<\/header>\n<div class=\"liveblog-entry-content\">\n<div id=\"attachment_1750777\" class=\"wp-caption alignnone\"><a href=\"https:\/\/cnnespanol.cnn.com\/wp-content\/uploads\/2024\/09\/gettyimages-2170573686-20240911031154370.jpg?quality=100&amp;strip=info\"><img loading=\"lazy\" decoding=\"async\" class=\"size-large wp-image-1750777\" src=\"https:\/\/cnnespanol.cnn.com\/wp-content\/uploads\/2024\/09\/gettyimages-2170573686-20240911031154370.jpg?quality=100&amp;strip=info&amp;w=1024\" sizes=\"auto, (max-width: 1024px) 100vw, 1024px\" srcset=\"https:\/\/cnnespanol.cnn.com\/wp-content\/uploads\/2024\/09\/gettyimages-2170573686-20240911031154370.jpg 1024w, https:\/\/cnnespanol.cnn.com\/wp-content\/uploads\/2024\/09\/gettyimages-2170573686-20240911031154370.jpg?resize=300,170 300w, https:\/\/cnnespanol.cnn.com\/wp-content\/uploads\/2024\/09\/gettyimages-2170573686-20240911031154370.jpg?resize=768,432 768w, https:\/\/cnnespanol.cnn.com\/wp-content\/uploads\/2024\/09\/gettyimages-2170573686-20240911031154370.jpg?resize=700,393 700w, https:\/\/cnnespanol.cnn.com\/wp-content\/uploads\/2024\/09\/gettyimages-2170573686-20240911031154370.jpg?resize=105,60 105w, https:\/\/cnnespanol.cnn.com\/wp-content\/uploads\/2024\/09\/gettyimages-2170573686-20240911031154370.jpg?resize=130,74 130w, https:\/\/cnnespanol.cnn.com\/wp-content\/uploads\/2024\/09\/gettyimages-2170573686-20240911031154370.jpg?resize=140,80 140w, https:\/\/cnnespanol.cnn.com\/wp-content\/uploads\/2024\/09\/gettyimages-2170573686-20240911031154370.jpg?resize=175,98 175w, https:\/\/cnnespanol.cnn.com\/wp-content\/uploads\/2024\/09\/gettyimages-2170573686-20240911031154370.jpg?resize=220,125 220w, https:\/\/cnnespanol.cnn.com\/wp-content\/uploads\/2024\/09\/gettyimages-2170573686-20240911031154370.jpg?resize=250,140 250w, https:\/\/cnnespanol.cnn.com\/wp-content\/uploads\/2024\/09\/gettyimages-2170573686-20240911031154370.jpg?resize=257,145 257w, https:\/\/cnnespanol.cnn.com\/wp-content\/uploads\/2024\/09\/gettyimages-2170573686-20240911031154370.jpg?resize=273,153 273w, https:\/\/cnnespanol.cnn.com\/wp-content\/uploads\/2024\/09\/gettyimages-2170573686-20240911031154370.jpg?resize=320,180 320w, https:\/\/cnnespanol.cnn.com\/wp-content\/uploads\/2024\/09\/gettyimages-2170573686-20240911031154370.jpg?resize=352,199 352w, https:\/\/cnnespanol.cnn.com\/wp-content\/uploads\/2024\/09\/gettyimages-2170573686-20240911031154370.jpg?resize=380,215 380w, https:\/\/cnnespanol.cnn.com\/wp-content\/uploads\/2024\/09\/gettyimages-2170573686-20240911031154370.jpg?resize=384,216 384w, https:\/\/cnnespanol.cnn.com\/wp-content\/uploads\/2024\/09\/gettyimages-2170573686-20240911031154370.jpg?resize=414,233 414w, https:\/\/cnnespanol.cnn.com\/wp-content\/uploads\/2024\/09\/gettyimages-2170573686-20240911031154370.jpg?resize=447,252 447w, https:\/\/cnnespanol.cnn.com\/wp-content\/uploads\/2024\/09\/gettyimages-2170573686-20240911031154370.jpg?resize=460,260 460w, https:\/\/cnnespanol.cnn.com\/wp-content\/uploads\/2024\/09\/gettyimages-2170573686-20240911031154370.jpg?resize=580,326 580w, https:\/\/cnnespanol.cnn.com\/wp-content\/uploads\/2024\/09\/gettyimages-2170573686-20240911031154370.jpg?resize=780,439 780w, https:\/\/cnnespanol.cnn.com\/wp-content\/uploads\/2024\/09\/gettyimages-2170573686-20240911031154370.jpg?resize=800,450 800w, https:\/\/cnnespanol.cnn.com\/wp-content\/uploads\/2024\/09\/gettyimages-2170573686-20240911031154370.jpg?resize=940,530 940w\" alt=\"As\u00ed anunci\u00f3 Yunes M\u00e1rquez su voto a favor de la reforma judicial en M\u00e9xico\" width=\"1024\" height=\"576\" aria-describedby=\"caption-attachment-1750777\" data-lazy-loaded=\"true\" \/><\/a><\/p>\n<p id=\"caption-attachment-1750777\" class=\"wp-caption-text\">Cr\u00e9dito: CESAR SANCHEZ\/AFP\/AFP via Getty Images<\/p>\n<\/div>\n<p>El Senado de M\u00e9xico aprob\u00f3 en particular en la madrugada de este mi\u00e9rcoles, en medio de disturbios, la reforma de AMLO para el Poder Judicial al alcanzar la mayor\u00eda calificada necesaria.<\/p>\n<p><strong>\u00bfQu\u00e9 sigue a continuaci\u00f3n?<\/strong><\/p>\n<p>Este mi\u00e9rcoles fue remitida una minuta con el proyecto de decreto a los congresos locales de los 31 estados de la Rep\u00fablica, m\u00e1s la Ciudad de M\u00e9xico, para su aprobaci\u00f3n.<\/p>\n<p>\u00abAl ser una reforma constitucional tiene que ser aprobada en el Congreso, por la C\u00e1mara de Diputados y la de Senadores, por dos terceras partes, y adem\u00e1s deber\u00e1 ser aprobada por la mayor\u00eda de las legislaturas de los 32 estados que conforman al pa\u00eds, incluida la capital mexicana\u00bb,\u00a0<a href=\"https:\/\/cnnespanol.cnn.com\/2024\/09\/04\/reforma-judicial-pasos-amlo-mexico-orix\/\" target=\"_blank\" rel=\"noopener\">se\u00f1al\u00f3<\/a>\u00a0a CNN Arturo Ramos Sobarzo, director del Centro de Investigaci\u00f3n Jur\u00eddica de la Escuela Libre de Derecho.<\/p>\n<p>Una vez que el proyecto de ley es probado por la C\u00e1mara de Diputados y la de Senadores, se comunicar\u00e1 al Ejecutivo Federal, firmado por los presidentes de cada una de las c\u00e1maras. Corresponde en este momento al presidente de la Rep\u00fablica manifestar su acuerdo sancionando la ley y ordenando su promulgaci\u00f3n o expresar su disconformidad formulando objeciones al proyecto.<\/p>\n<p>En caso de que el presidente est\u00e9 de acuerdo con la totalidad del proyecto proceder\u00e1 a sancionarlo y a disponer que se promulgue como ley. Cabe se\u00f1alar que la sanci\u00f3n \u00abes el acto de aceptaci\u00f3n de una iniciativa de ley o decreto por parte del Poder Ejecutivo\u00bb, establecido en el art\u00edculo 72 de la Constituci\u00f3n Mexicana.<\/p>\n<p>De acuerdo con lo establecido por la Constituci\u00f3n, los dict\u00e1menes, sin excepci\u00f3n, \u00abdeber\u00e1n publicarse en la Gaceta Parlamentaria a m\u00e1s tardar 48 horas antes del inicio de la sesi\u00f3n en que ser\u00e1n puestos a disposici\u00f3n en la sesi\u00f3n\u00bb.<\/p>\n<p>Las reformas constitucionales en M\u00e9xico comienzan a regir el mismo d\u00eda en que son publicadas en el Diario Oficial de la Federaci\u00f3n, excepto que el Constituyente establezca una fecha espec\u00edfica de entrada en vigor.<\/p>\n<div>\n<div id=\"generated-id-cd14d51137548ef7304dbadd046096ad\"><\/div>\n<\/div>\n<div><em>Con informaci\u00f3n de Natalia Cano, de CNN.\u00a0<\/em><\/div>\n<div class=\"liveblog-entry-content-footer\"><button class=\"storyfull__social__liveblog__button\" type=\"button\"><\/button><\/p>\n<div class=\"storyfull__social__liveblog \"><\/div>\n<\/div>\n<\/div>\n<\/div>\n<\/div>\n<div id=\"liveblog-0fb46c3a-45a8-42a5-95bd-bd88961bee5a\" class=\"liveblog-entry\">\n<div class=\"liveblog-entry-aside\"><span class=\"liveblog-meta-time\"><span class=\"livebloghp__article__time\">Hace 3 horas<\/span><\/span><\/div>\n<div class=\"liveblog-entry-main\">\n<div class=\"liveblog__title\">\n<h2>El Senado vot\u00f3 a favor de la reforma judicial<\/h2>\n<\/div>\n<header class=\"liveblog-meta-authors\">\n<div class=\"liveblog-meta-author\"><span class=\"liveblog-meta-author-name\">Por CNN Espa\u00f1ol<\/span><\/div>\n<\/header>\n<div class=\"liveblog-entry-content\">\n<div class=\"m-infographic\">\n<div id=\"responsive-embed-chart-5YOSG\" data-ref=\"pym ix.cnn.io\"><iframe id=\"embeded-datawrapper-chart-5YOSG\" title=\"CNN Chart\" src=\"https:\/\/ix.cnn.io\/charts\/5YOSG\" height=\"918\" frameborder=\"0\" scrolling=\"no\" data-mce-fragment=\"1\"><\/iframe><\/div>\n<\/div>\n<div class=\"liveblog-entry-content-footer\"><button class=\"storyfull__social__liveblog__button\" type=\"button\"><\/button><\/p>\n<div class=\"storyfull__social__liveblog \"><\/div>\n<\/div>\n<\/div>\n<\/div>\n<\/div>\n<div id=\"liveblog-c2f5864b-b57a-4f80-8f4f-57a833835817\" class=\"liveblog-entry\">\n<div class=\"liveblog-entry-aside\"><span class=\"liveblog-meta-time\"><span class=\"livebloghp__article__time\">Hace 3 horas<\/span><\/span><\/div>\n<div class=\"liveblog-entry-main\">\n<div class=\"liveblog__title\">\n<h2>La presidenta electa de M\u00e9xico, Claudia Sheinbaum, felicita a senadores por aprobar la reforma judicial<\/h2>\n<\/div>\n<header class=\"liveblog-meta-authors\">\n<div class=\"liveblog-meta-author\"><span class=\"liveblog-meta-author-name\">Por CNN Espa\u00f1ol<\/span><\/div>\n<\/header>\n<div class=\"liveblog-entry-content\">\n<div id=\"attachment_1701721\" class=\"wp-caption alignnone\"><a href=\"https:\/\/cnnespanol.cnn.com\/wp-content\/uploads\/2024\/06\/gettyimages-2155234693.jpg?quality=100&amp;strip=info\"><img loading=\"lazy\" decoding=\"async\" class=\"size-large wp-image-1701721\" src=\"https:\/\/cnnespanol.cnn.com\/wp-content\/uploads\/2024\/06\/gettyimages-2155234693.jpg?quality=100&amp;strip=info&amp;w=1024\" sizes=\"auto, (max-width: 1024px) 100vw, 1024px\" srcset=\"https:\/\/cnnespanol.cnn.com\/wp-content\/uploads\/2024\/06\/gettyimages-2155234693.jpg 5392w, https:\/\/cnnespanol.cnn.com\/wp-content\/uploads\/2024\/06\/gettyimages-2155234693.jpg?resize=300,170 300w, https:\/\/cnnespanol.cnn.com\/wp-content\/uploads\/2024\/06\/gettyimages-2155234693.jpg?resize=768,432 768w, https:\/\/cnnespanol.cnn.com\/wp-content\/uploads\/2024\/06\/gettyimages-2155234693.jpg?resize=1024,576 1024w, https:\/\/cnnespanol.cnn.com\/wp-content\/uploads\/2024\/06\/gettyimages-2155234693.jpg?resize=1536,864 1536w, https:\/\/cnnespanol.cnn.com\/wp-content\/uploads\/2024\/06\/gettyimages-2155234693.jpg?resize=2048,1152 2048w, https:\/\/cnnespanol.cnn.com\/wp-content\/uploads\/2024\/06\/gettyimages-2155234693.jpg?resize=700,393 700w, https:\/\/cnnespanol.cnn.com\/wp-content\/uploads\/2024\/06\/gettyimages-2155234693.jpg?resize=105,60 105w, https:\/\/cnnespanol.cnn.com\/wp-content\/uploads\/2024\/06\/gettyimages-2155234693.jpg?resize=130,74 130w, https:\/\/cnnespanol.cnn.com\/wp-content\/uploads\/2024\/06\/gettyimages-2155234693.jpg?resize=140,80 140w, https:\/\/cnnespanol.cnn.com\/wp-content\/uploads\/2024\/06\/gettyimages-2155234693.jpg?resize=175,98 175w, https:\/\/cnnespanol.cnn.com\/wp-content\/uploads\/2024\/06\/gettyimages-2155234693.jpg?resize=220,125 220w, https:\/\/cnnespanol.cnn.com\/wp-content\/uploads\/2024\/06\/gettyimages-2155234693.jpg?resize=250,140 250w, https:\/\/cnnespanol.cnn.com\/wp-content\/uploads\/2024\/06\/gettyimages-2155234693.jpg?resize=257,145 257w, https:\/\/cnnespanol.cnn.com\/wp-content\/uploads\/2024\/06\/gettyimages-2155234693.jpg?resize=273,153 273w, https:\/\/cnnespanol.cnn.com\/wp-content\/uploads\/2024\/06\/gettyimages-2155234693.jpg?resize=320,180 320w, https:\/\/cnnespanol.cnn.com\/wp-content\/uploads\/2024\/06\/gettyimages-2155234693.jpg?resize=352,199 352w, https:\/\/cnnespanol.cnn.com\/wp-content\/uploads\/2024\/06\/gettyimages-2155234693.jpg?resize=380,215 380w, https:\/\/cnnespanol.cnn.com\/wp-content\/uploads\/2024\/06\/gettyimages-2155234693.jpg?resize=384,216 384w, https:\/\/cnnespanol.cnn.com\/wp-content\/uploads\/2024\/06\/gettyimages-2155234693.jpg?resize=414,233 414w, https:\/\/cnnespanol.cnn.com\/wp-content\/uploads\/2024\/06\/gettyimages-2155234693.jpg?resize=447,252 447w, https:\/\/cnnespanol.cnn.com\/wp-content\/uploads\/2024\/06\/gettyimages-2155234693.jpg?resize=460,260 460w, https:\/\/cnnespanol.cnn.com\/wp-content\/uploads\/2024\/06\/gettyimages-2155234693.jpg?resize=580,326 580w, https:\/\/cnnespanol.cnn.com\/wp-content\/uploads\/2024\/06\/gettyimages-2155234693.jpg?resize=780,439 780w, https:\/\/cnnespanol.cnn.com\/wp-content\/uploads\/2024\/06\/gettyimages-2155234693.jpg?resize=800,450 800w, https:\/\/cnnespanol.cnn.com\/wp-content\/uploads\/2024\/06\/gettyimages-2155234693.jpg?resize=940,530 940w, https:\/\/cnnespanol.cnn.com\/wp-content\/uploads\/2024\/06\/gettyimages-2155234693.jpg?resize=1080,609 1080w, https:\/\/cnnespanol.cnn.com\/wp-content\/uploads\/2024\/06\/gettyimages-2155234693.jpg?resize=1100,620 1100w, https:\/\/cnnespanol.cnn.com\/wp-content\/uploads\/2024\/06\/gettyimages-2155234693.jpg?resize=1600,900 1600w\" alt=\"Este es el poder que podr\u00edan tener los aliados de Sheinbaum en el Congreso\" width=\"1024\" height=\"576\" aria-describedby=\"caption-attachment-1701721\" data-lazy-loaded=\"true\" \/><\/a><\/p>\n<p id=\"caption-attachment-1701721\" class=\"wp-caption-text\">Claudia Sheinbaum (Cr\u00e9dito: ALFREDO ESTRELLA\/AFP\/AFP via Getty Images)<\/p>\n<\/div>\n<p>La presidenta electa de M\u00e9xico, Claudia Sheinbaum, felicit\u00f3 este mi\u00e9rcoles a los senadores de su partido, el oficialista Movimiento de Regeneraci\u00f3n Nacional (Morena) por la aprobaci\u00f3n de la reforma judicial, que, asegur\u00f3, \u00abfortalecer\u00e1 la impartici\u00f3n de justicia\u00bb en el pa\u00eds.<\/p>\n<p>\u00abBuenos d\u00edas. Felicito a las y los senadores de nuestro movimiento por la aprobaci\u00f3n de la Reforma Judicial. Con la elecci\u00f3n de jueces, magistrados y ministros se fortalecer\u00e1 la impartici\u00f3n de justicia en nuestro pa\u00eds. El r\u00e9gimen de corrupci\u00f3n y privilegios se queda cada d\u00eda m\u00e1s en el pasado y se construye una verdadera democracia y un verdadero estado de derecho\u00bb,\u00a0<a href=\"https:\/\/x.com\/Claudiashein\/status\/1833849022395625935\">escribi\u00f3<\/a>\u00a0en su perfil en X.<\/p>\n<p>&nbsp;<\/p>\n<p>&nbsp;<\/p>\n<div class=\"liveblog-entry-content-footer\"><button class=\"storyfull__social__liveblog__button\" type=\"button\"><\/button><\/p>\n<div class=\"storyfull__social__liveblog \"><\/div>\n<\/div>\n<\/div>\n<\/div>\n<\/div>\n<div id=\"liveblog-c0bd948b-8306-4bcb-8c54-f9c4fb122375\" class=\"liveblog-entry\">\n<div class=\"liveblog-entry-aside\"><span class=\"liveblog-meta-time\"><span class=\"livebloghp__article__time\">Hace 4 horas<\/span><\/span><\/div>\n<div class=\"liveblog-entry-main\">\n<div class=\"liveblog__title\">\n<h2>El peso mexicano cerr\u00f3 la jornada del martes con una cotizaci\u00f3n de $20.01 por d\u00f3lar, seg\u00fan Banco de M\u00e9xico<\/h2>\n<\/div>\n<header class=\"liveblog-meta-authors\">\n<div class=\"liveblog-meta-author\"><span class=\"liveblog-meta-author-name\">Por CNN Espa\u00f1ol<\/span><\/div>\n<\/header>\n<div class=\"liveblog-entry-content\">\n<p>El peso mexicano cerr\u00f3 la jornada del martes con una cotizaci\u00f3n de $20.01 por un d\u00f3lar, un alza de casi un 4.6% con respecto al valor que ten\u00eda el 2 de septiembre ($19.81). La variaci\u00f3n se produjo horas antes de que se aprobara la reforma del Poder Judicial propuesta por el presidente Andr\u00e9s Manuel L\u00f3pez Obrador en medio de enfrentamientos que culminaron con la irrupci\u00f3n de la sesi\u00f3n del Senado.<\/p>\n<p>La divisa ha perdido un 15.6% de su valor (aproximadamente un sexto) en lo que va del a\u00f1o, de acuerdo con datos del Banco de M\u00e9xico. Analistas consultados por CNN hab\u00edan previsto que la aprobaci\u00f3n de la reforma afectar\u00e1 a la moneda mexicana, as\u00ed como a la inversi\u00f3n extranjera.<\/p>\n<\/div>\n<\/div>\n<\/div>\n<div id=\"liveblog-2010acab-f146-424e-9703-818bd2cd0099\" class=\"liveblog-entry\">\n<div class=\"liveblog-entry-aside\"><span class=\"liveblog-meta-time\"><span class=\"livebloghp__article__time\">Hace 3 horas<\/span><\/span><\/div>\n<div class=\"liveblog-entry-main\">\n<div class=\"liveblog__title\">\n<h2>Al menos un herido en irrupci\u00f3n en el Senado de M\u00e9xico por opositores a la reforma judicial<\/h2>\n<\/div>\n<div class=\"liveblog-entry-content\">\n<div id=\"attachment_1750708\" class=\"wp-caption alignnone\"><a href=\"https:\/\/cnnespanol.cnn.com\/wp-content\/uploads\/2024\/09\/GettyImages-2170579697.jpg?quality=100&amp;strip=info\"><img loading=\"lazy\" decoding=\"async\" class=\"size-large wp-image-1750708\" src=\"https:\/\/cnnespanol.cnn.com\/wp-content\/uploads\/2024\/09\/GettyImages-2170579697.jpg?quality=100&amp;strip=info&amp;w=1024\" sizes=\"auto, (max-width: 1024px) 100vw, 1024px\" srcset=\"https:\/\/cnnespanol.cnn.com\/wp-content\/uploads\/2024\/09\/GettyImages-2170579697.jpg 1024w, https:\/\/cnnespanol.cnn.com\/wp-content\/uploads\/2024\/09\/GettyImages-2170579697.jpg?resize=300,200 300w, https:\/\/cnnespanol.cnn.com\/wp-content\/uploads\/2024\/09\/GettyImages-2170579697.jpg?resize=768,512 768w\" alt=\"\" width=\"1024\" height=\"683\" aria-describedby=\"caption-attachment-1750708\" data-lazy-loaded=\"true\" \/><\/a><\/p>\n<p id=\"caption-attachment-1750708\" class=\"wp-caption-text\">Manifestantes arrojan pintura blanca a una puerta dentro del Senado durante la legislaci\u00f3n de la reforma judicial impulsada por el presidente Andr\u00e9s Manuel L\u00f3pez Obrador en el Congreso Nacional en la Ciudad de M\u00e9xico el 10 de septiembre de 2024. Cr\u00e9dito: SILVANA FLORES\/AFP\/Getty Images<\/p>\n<\/div>\n<p>Al menos un trabajador del Senado de M\u00e9xico result\u00f3 herido este martes durante la irrupci\u00f3n de manifestantes contrarios a la reforma judicial, que provoc\u00f3 un receso de la misma, inform\u00f3 el \u00e1rea de Comunicaci\u00f3n Social de la c\u00e1mara alta. Un funcionario dijo a CNN que est\u00e1n consultando sobre el estado de salud de la persona afectada.<\/p>\n<p>Los manifestantes, quienes llevaban d\u00edas acampando afuera del recinto legislativo, ingresaron a la explanada principal de la sede, luego subieron al segundo piso y posteriormente ingresaron al sal\u00f3n de plenos, donde los legisladores estaban exponiendo sus posicionamientos.<\/p>\n<p>Antes, al recibir informaci\u00f3n sobre el ingreso imprevisto a la sede, el presidente de la c\u00e1mara alta, Gerardo Fern\u00e1ndez Noro\u00f1a, decret\u00f3 un receso.<\/p>\n<p>\u201cTenemos informaci\u00f3n de que ingres\u00f3 un n\u00famero de manifestantes al interior de este inmueble, est\u00e1n en la explanada principal (\u2026) Las cosas hasta ahora a pesar del ingreso de manifestantes est\u00e1 bajo control\u201d, dijo el legislador del Partido del Trabajo, de la coalici\u00f3n oficialista, antes de decretar el receso.<\/p>\n<p>La propuesta que ha causado m\u00e1s inconformidad de esta iniciativa es la elecci\u00f3n mediante voto popular de jueces, magistrados y ministros. A lo largo del d\u00eda, cientos de opositores, en su mayor\u00eda trabajadores del Poder Judicial, se reunieron sobre la avenida Paseo de la Reforma y calles aleda\u00f1as al recinto legislativo. Tambi\u00e9n han realizado manifestaciones en otras partes de la Ciudad de M\u00e9xico.<\/p>\n<p>LEE EL ART\u00cdCULO COMPLETO\u00a0<a href=\"https:\/\/cnnespanol.cnn.com\/2024\/09\/10\/manifestantes-irrumpen-senado-mexico-protesta-reforma-judicial-orix\/\">AQU\u00cd<\/a><\/p>\n<div class=\"liveblog-entry-content-footer\"><\/div>\n<\/div>\n<\/div>\n<\/div>\n<div id=\"liveblog-57c887e1-771b-4d47-b9c5-0209418d62c6\" class=\"liveblog-entry\">\n<div class=\"liveblog-entry-aside\"><span class=\"liveblog-meta-time\"><span class=\"livebloghp__article__time\">Hace 4 horas<\/span><\/span><\/div>\n<div class=\"liveblog-entry-main\">\n<div class=\"liveblog__title\">\n<h2>Senado de M\u00e9xico aprueba en particular la reforma del Poder Judicial<\/h2>\n<\/div>\n<header class=\"liveblog-meta-authors\">\n<div class=\"liveblog-meta-author\"><span class=\"liveblog-meta-author-name\">Por CNN Espa\u00f1ol<\/span><\/div>\n<\/header>\n<div class=\"liveblog-entry-content\">\n<p><a href=\"https:\/\/cnnespanol.cnn.com\/wp-content\/uploads\/2024\/09\/GettyImages-2170614708.jpg?quality=100&amp;strip=info\"><img loading=\"lazy\" decoding=\"async\" class=\"size-large wp-image-1750969\" src=\"https:\/\/cnnespanol.cnn.com\/wp-content\/uploads\/2024\/09\/GettyImages-2170614708.jpg?quality=100&amp;strip=info&amp;w=1024\" sizes=\"auto, (max-width: 1024px) 100vw, 1024px\" srcset=\"https:\/\/cnnespanol.cnn.com\/wp-content\/uploads\/2024\/09\/GettyImages-2170614708.jpg 1024w, https:\/\/cnnespanol.cnn.com\/wp-content\/uploads\/2024\/09\/GettyImages-2170614708.jpg?resize=300,200 300w, https:\/\/cnnespanol.cnn.com\/wp-content\/uploads\/2024\/09\/GettyImages-2170614708.jpg?resize=768,512 768w\" alt=\"\" width=\"1024\" height=\"683\" data-lazy-loaded=\"true\" \/><\/a><\/p>\n<div class=\"mceTemp\" style=\"text-align: justify;\">\n<p>El Senado de M\u00e9xico aprob\u00f3 en particular en la madrugada de este mi\u00e9rcoles la reforma del Poder Judicial al alcanzar la mayor\u00eda calificada necesaria.<\/p>\n<p>Votos a favor: 86<br \/>\nVotos en contra: 41<br \/>\nAbstenciones: 0<br \/>\nTotal de votos: 127<\/p>\n<p>El senador Miguel \u00c1ngel Yunes M\u00e1rquez \u2015del opositor Partido Acci\u00f3n Nacional (PAN)\u2015, quien este martes se reincorpor\u00f3 a la c\u00e1mara alta horas despu\u00e9s de que se le otorgara una licencia por razones de salud, dio el voto clave a favor de la controvertida reforma judicial.<\/p>\n<p>\u00abS\u00e9 que la reforma al poder judicial que se nos ha propuesto no es la mejor. S\u00e9 tambi\u00e9n que en las leyes secundarias tendremos la oportunidad de perfeccionarla y de instrumentarla. Por eso, en la decisi\u00f3n m\u00e1s dif\u00edcil de mi vida, he determinado dar mi voto a favor del dictamen para crear un nuevo modelo de impartici\u00f3n de justicia\u00bb, dijo este martes despu\u00e9s de que se reanudara el debate en la antigua sede del Senado, ubicada en la casona de Xicot\u00e9ncatl, en el centro de la Ciudad de M\u00e9xico.<\/p>\n<\/div>\n<\/div>\n<\/div>\n<\/div>\n<\/div>\n<\/div>\n","protected":false},"excerpt":{"rendered":"<p>L\u00f3pez Obrador saluda la aprobaci\u00f3n de la reforma del Poder Judicial y resta importancia a cambio de voto de senadores Por CNN Espa\u00f1ol AMLO en una de sus conferencias matutinas. El presidente de M\u00e9xico, Andr\u00e9s Manuel L\u00f3pez Obrador, dijo este mi\u00e9rcoles en su ma\u00f1anera que le agrada que se haya aprobado la reforma al poder [&hellip;]<\/p>\n","protected":false},"author":2,"featured_media":55527,"comment_status":"closed","ping_status":"closed","sticky":false,"template":"","format":"standard","meta":{"om_disable_all_campaigns":false,"_monsterinsights_skip_tracking":false,"_monsterinsights_sitenote_active":false,"_monsterinsights_sitenote_note":"","_monsterinsights_sitenote_category":0,"_uf_show_specific_survey":0,"_uf_disable_surveys":false,"_jetpack_memberships_contains_paid_content":false,"footnotes":"","jetpack_publicize_message":"#LoM\u00e1sReciente Sobre la reforma judicial en M\u00e9xico: votaci\u00f3n en el Senado, protestas y m\u00e1s","jetpack_publicize_feature_enabled":true,"jetpack_social_post_already_shared":true,"jetpack_social_options":{"image_generator_settings":{"template":"highway","default_image_id":0,"enabled":false},"version":2}},"categories":[6,23],"tags":[],"class_list":{"0":"post-55526","1":"post","2":"type-post","3":"status-publish","4":"format-standard","5":"has-post-thumbnail","7":"category-global","8":"category-nacional"},"aioseo_notices":[],"jetpack_publicize_connections":[],"jetpack_featured_media_url":"https:\/\/mediagroup.mx\/wp-content\/uploads\/2024\/09\/Captura-de-pantalla-2024-09-11-a-las-10.34.11.png","jetpack_sharing_enabled":true,"_links":{"self":[{"href":"https:\/\/mediagroup.mx\/index.php\/wp-json\/wp\/v2\/posts\/55526","targetHints":{"allow":["GET"]}}],"collection":[{"href":"https:\/\/mediagroup.mx\/index.php\/wp-json\/wp\/v2\/posts"}],"about":[{"href":"https:\/\/mediagroup.mx\/index.php\/wp-json\/wp\/v2\/types\/post"}],"author":[{"embeddable":true,"href":"https:\/\/mediagroup.mx\/index.php\/wp-json\/wp\/v2\/users\/2"}],"replies":[{"embeddable":true,"href":"https:\/\/mediagroup.mx\/index.php\/wp-json\/wp\/v2\/comments?post=55526"}],"version-history":[{"count":1,"href":"https:\/\/mediagroup.mx\/index.php\/wp-json\/wp\/v2\/posts\/55526\/revisions"}],"predecessor-version":[{"id":55528,"href":"https:\/\/mediagroup.mx\/index.php\/wp-json\/wp\/v2\/posts\/55526\/revisions\/55528"}],"wp:featuredmedia":[{"embeddable":true,"href":"https:\/\/mediagroup.mx\/index.php\/wp-json\/wp\/v2\/media\/55527"}],"wp:attachment":[{"href":"https:\/\/mediagroup.mx\/index.php\/wp-json\/wp\/v2\/media?parent=55526"}],"wp:term":[{"taxonomy":"category","embeddable":true,"href":"https:\/\/mediagroup.mx\/index.php\/wp-json\/wp\/v2\/categories?post=55526"},{"taxonomy":"post_tag","embeddable":true,"href":"https:\/\/mediagroup.mx\/index.php\/wp-json\/wp\/v2\/tags?post=55526"}],"curies":[{"name":"wp","href":"https:\/\/api.w.org\/{rel}","templated":true}]}}