{"id":56155,"date":"2024-09-23T15:49:23","date_gmt":"2024-09-23T21:49:23","guid":{"rendered":"https:\/\/mediagroup.mx\/?p=56155"},"modified":"2024-09-23T15:49:23","modified_gmt":"2024-09-23T21:49:23","slug":"augura-moron-fortalecimiento-de-morena-con-luisa-maria-alcalde-al-frente-2","status":"publish","type":"post","link":"https:\/\/mediagroup.mx\/index.php\/2024\/09\/23\/augura-moron-fortalecimiento-de-morena-con-luisa-maria-alcalde-al-frente-2\/","title":{"rendered":"Augura Mor\u00f3n fortalecimiento de Morena con Luisa Mar\u00eda Alcalde al frente"},"content":{"rendered":"<p>La llegada de Luisa Mar\u00eda Alcalde Luj\u00e1n a la presidencia del Comit\u00e9 Ejecutivo Nacional de Morena fortalecer\u00e1 e impulsar\u00e1 al movimiento a sus siguientes objetivos, siempre en defensa de la democracia, la justicia y las libertades, asegur\u00f3 el senador por Michoac\u00e1n, Ra\u00fal Mor\u00f3n Orozco.<\/p>\n<p>El senador estuvo presente en el S\u00e9ptimo Congreso de Morena, realizado para renovar la dirigencia de su Comit\u00e9 Ejecutivo Nacional, en donde las y los consejeros votaron por unanimidad por Luisa Mar\u00eda Alcalde para asumir como la nueva presidenta y tambi\u00e9n destacan las emancipaciones de Andr\u00e9s Manuel L\u00f3pez Beltr\u00e1n como secretario de Organizaci\u00f3n y de la pol\u00edtica michoacana, Carolina Rangel Gracida a la Secretar\u00eda General del partido.<\/p>\n<p>Mor\u00f3n, reflexion\u00f3 sobre el mensaje brindado por la presidenta electa de M\u00e9xico, Claudia Sheinbaum Pardo, quien indic\u00f3 que es importante Morena se mantenga firme en sus principios y valores, de trabajar por un M\u00e9xico de libertades, de justicia, soberano, de democracia verdadera donde el que mande sea siempre el pueblo de M\u00e9xico, lo que calific\u00f3 de necesario para evitar los errores en los que otros partidos pol\u00edticos han ca\u00eddo.<\/p>\n<p>A\u00f1adi\u00f3, que la conversaci\u00f3n del futuro del movimiento debe incluir el papel que juega dentro del proceso de la Cuarta Transformaci\u00f3n, para a partir de ah\u00ed fortalecer su trabajo de unidad y movilizaci\u00f3n con el pueblo y mantenerse fiel a sus causas.<\/p>\n<p>Finalmente, celebr\u00f3 la llegada de Carolina Rangel Gracida como secretaria general de Morena, posibilidad que la michoacana ha construido con su trabajo y habilidad pol\u00edtica, adem\u00e1s de ser una responsabilidad para la cual Carolina ha demostrado amplia preparaci\u00f3n a lo largo de su desempe\u00f1o profesional y social.<\/p>\n","protected":false},"excerpt":{"rendered":"<p>La llegada de Luisa Mar\u00eda Alcalde Luj\u00e1n a la presidencia del Comit\u00e9 Ejecutivo Nacional de Morena fortalecer\u00e1 e impulsar\u00e1 al movimiento a sus siguientes objetivos, siempre en defensa de la democracia, la justicia y las libertades, asegur\u00f3 el senador por Michoac\u00e1n, Ra\u00fal Mor\u00f3n Orozco. El senador estuvo presente en el S\u00e9ptimo Congreso de Morena, realizado [&hellip;]<\/p>\n","protected":false},"author":2,"featured_media":56156,"comment_status":"closed","ping_status":"closed","sticky":false,"template":"","format":"standard","meta":{"om_disable_all_campaigns":false,"_monsterinsights_skip_tracking":false,"_monsterinsights_sitenote_active":false,"_monsterinsights_sitenote_note":"","_monsterinsights_sitenote_category":0,"_uf_show_specific_survey":0,"_uf_disable_surveys":false,"_jetpack_memberships_contains_paid_content":false,"footnotes":"","jetpack_publicize_message":"Augura Mor\u00f3n fortalecimiento de Morena con Luisa Mar\u00eda Alcalde al frente","jetpack_publicize_feature_enabled":true,"jetpack_social_post_already_shared":true,"jetpack_social_options":{"image_generator_settings":{"template":"highway","default_image_id":0,"enabled":false},"version":2}},"categories":[23],"tags":[],"class_list":{"0":"post-56155","1":"post","2":"type-post","3":"status-publish","4":"format-standard","5":"has-post-thumbnail","7":"category-nacional"},"aioseo_notices":[],"jetpack_publicize_connections":[],"jetpack_featured_media_url":"https:\/\/mediagroup.mx\/wp-content\/uploads\/2024\/09\/d3da2bda-314f-4854-9377-9395ef1b7153.jpeg","jetpack_sharing_enabled":true,"_links":{"self":[{"href":"https:\/\/mediagroup.mx\/index.php\/wp-json\/wp\/v2\/posts\/56155","targetHints":{"allow":["GET"]}}],"collection":[{"href":"https:\/\/mediagroup.mx\/index.php\/wp-json\/wp\/v2\/posts"}],"about":[{"href":"https:\/\/mediagroup.mx\/index.php\/wp-json\/wp\/v2\/types\/post"}],"author":[{"embeddable":true,"href":"https:\/\/mediagroup.mx\/index.php\/wp-json\/wp\/v2\/users\/2"}],"replies":[{"embeddable":true,"href":"https:\/\/mediagroup.mx\/index.php\/wp-json\/wp\/v2\/comments?post=56155"}],"version-history":[{"count":1,"href":"https:\/\/mediagroup.mx\/index.php\/wp-json\/wp\/v2\/posts\/56155\/revisions"}],"predecessor-version":[{"id":56157,"href":"https:\/\/mediagroup.mx\/index.php\/wp-json\/wp\/v2\/posts\/56155\/revisions\/56157"}],"wp:featuredmedia":[{"embeddable":true,"href":"https:\/\/mediagroup.mx\/index.php\/wp-json\/wp\/v2\/media\/56156"}],"wp:attachment":[{"href":"https:\/\/mediagroup.mx\/index.php\/wp-json\/wp\/v2\/media?parent=56155"}],"wp:term":[{"taxonomy":"category","embeddable":true,"href":"https:\/\/mediagroup.mx\/index.php\/wp-json\/wp\/v2\/categories?post=56155"},{"taxonomy":"post_tag","embeddable":true,"href":"https:\/\/mediagroup.mx\/index.php\/wp-json\/wp\/v2\/tags?post=56155"}],"curies":[{"name":"wp","href":"https:\/\/api.w.org\/{rel}","templated":true}]}}