{"id":56162,"date":"2024-09-23T15:55:53","date_gmt":"2024-09-23T21:55:53","guid":{"rendered":"https:\/\/mediagroup.mx\/?p=56162"},"modified":"2024-09-23T15:55:53","modified_gmt":"2024-09-23T21:55:53","slug":"el-ficm-tambien-es-academico-y-se-hermana-con-la-umsnh-directiva-reconoce-contribucion-de-la-universidad-michoacana","status":"publish","type":"post","link":"https:\/\/mediagroup.mx\/index.php\/2024\/09\/23\/el-ficm-tambien-es-academico-y-se-hermana-con-la-umsnh-directiva-reconoce-contribucion-de-la-universidad-michoacana\/","title":{"rendered":"El FICM tambi\u00e9n es acad\u00e9mico y se hermana con la UMSNH; directiva reconoce contribuci\u00f3n de la Universidad Michoacana"},"content":{"rendered":"<p>La Universidad Michoacana de San Nicol\u00e1s de Hidalgo (UMSNH) se ha hermanado con el Festival Internacional de Cine de Morelia (FICM) para darle cobijo a actividades de corte acad\u00e9mico que se realizar\u00e1n durante la cumbre f\u00edlmica, lo que se ver\u00e1 traducido en nuevas oportunidades para todas y todos.<\/p>\n<p>Con la presencia del presidente del FICM, Alejandro Ram\u00edrez Maga\u00f1a, de la directora general, Daniela Michel, quien reconoci\u00f3 la contribuci\u00f3n de la casa de estudios en el evento de talla mundial, as\u00ed como de la rectora Yarab\u00ed \u00c1vila Gonz\u00e1lez y de titulares de distintas dependencias del Gobierno del Estado y del ayuntamiento de Morelia, se llev\u00f3 a cabo la conferencia de prensa en la que se present\u00f3 la programaci\u00f3n de la actividad cinematogr\u00e1fica.<\/p>\n<p>Durante su participaci\u00f3n, el presidente del FICM, Alejandro Ram\u00edrez, precis\u00f3 que el Festival se llevar\u00e1 a cabo del 18 al 27 de octubre de 2024, tras detallar que este a\u00f1o la participaci\u00f3n ser\u00e1 de 52 cortometrajes, 14 largometrajes documentales, 18 obras michoacanas y nueve largometrajes de cineastas de distintos estados de la Rep\u00fablica Mexicana.<\/p>\n<p>Por su parte, la directora general del FICM, Daniela Michel, agradeci\u00f3 de manera especial a la Universidad Michoacana de San Nicol\u00e1s de Hidalgo por el apoyo brindado, al referir que gran parte de las sedes oficiales del evento son posibles \u201cgracias a la enorme disposici\u00f3n de la rectora Yarab\u00ed \u00c1vila Gonz\u00e1lez, y de todo el personal que hace posible que ocupemos sus espacios durante la realizaci\u00f3n del Festival\u201d.<\/p>\n<p>En su turno, la rectora Yarab\u00ed \u00c1vila, agradeci\u00f3 la invitaci\u00f3n y comparti\u00f3 que la UMSNH es la primera universidad aut\u00f3noma en Am\u00e9rica Latina, y actualmente cuenta con una matr\u00edcula de 55 mil estudiantes y cerca de siete mil docentes y administrativos.<\/p>\n<p>\u201cEstamos de verdad muy agradecidos, muy contentos de que la Universidad Michoacana en este momento sea no solamente sede, sino que tenga la alternativa de generar otro tipo de vinculaci\u00f3n como es la relaci\u00f3n con los estudiantes, y bueno se hablaba del tema cultural, del tema tur\u00edstico, pero tambi\u00e9n el tema acad\u00e9mico tiene mucho que rescatar en esta relaci\u00f3n\u201d.<\/p>\n<p>Celebr\u00f3 que en esta primera ocasi\u00f3n la UMSNH participe con el FICM no solamente en el mes de octubre que se lleva a cabo el evento central, sino a lo largo de las actividades que realizar\u00e1 el Festival en los meses subsecuentes, lo que dijo, permitir\u00e1 que las y los estudiantes tengan la posibilidad de disfrutar y de aprender.<\/p>\n<p>Agreg\u00f3 que esta colaboraci\u00f3n con el FICM genera la posibilidad de realizar los estudios para implementar nuevas carreras que permitan que el FICM tenga m\u00e1s michoacanas y michoacanos participando. \u201cDe verdad que los recibimos con los brazos abiertos y que sea la primera de muchas oportunidades para colaborar con ustedes\u201d.<\/p>\n<p>La secretaria de Cultura, Tamara Sosa Alan\u00eds, en representaci\u00f3n del gobernador Alfredo Ram\u00edrez Bedolla, mencion\u00f3 que para la administraci\u00f3n estatal es un gusto ser parte de este Festival que tiene tanto reconocimiento de la comunidad f\u00edlmica internacional y que se ha convertido en una fiesta trascendental para Morelia y para todo el estado.<\/p>\n<p>Por su parte, el secretario de Turismo de Michoac\u00e1n, Roberto Monroy Garc\u00eda indic\u00f3 este es uno de los eventos m\u00e1s relevantes que la entidad, \u201cestamos hablando de m\u00e1s de cien mil turistas y visitantes que durante esa semana acuden de varias partes del pa\u00eds y del mundo, y que generan alrededor de 200 millones de pesos de derrama econ\u00f3mica\u201d.<\/p>\n<p>En tanto, la directora general del Instituto Mexicano de Cinematograf\u00eda, Mar\u00eda Novaro Pe\u00f1aloza, asegur\u00f3 que este Festival ha tenido un gran significado para el cine mexicano en todos estos a\u00f1os, ya que lo ha posicionado y lo ha hecho crecer, lo que dijo, es algo invaluable.<\/p>\n<p>La secretaria de Cultura de Morelia, F\u00e1tima Ch\u00e1vez Alcaraz, destac\u00f3 el compromiso de dicho municipio con el fomento a las industrias creativas y el apoyo a los festivales.<\/p>\n","protected":false},"excerpt":{"rendered":"<p>La Universidad Michoacana de San Nicol\u00e1s de Hidalgo (UMSNH) se ha hermanado con el Festival Internacional de Cine de Morelia (FICM) para darle cobijo a actividades de corte acad\u00e9mico que se realizar\u00e1n durante la cumbre f\u00edlmica, lo que se ver\u00e1 traducido en nuevas oportunidades para todas y todos. Con la presencia del presidente del FICM, [&hellip;]<\/p>\n","protected":false},"author":2,"featured_media":56163,"comment_status":"closed","ping_status":"closed","sticky":false,"template":"","format":"standard","meta":{"om_disable_all_campaigns":false,"_monsterinsights_skip_tracking":false,"_monsterinsights_sitenote_active":false,"_monsterinsights_sitenote_note":"","_monsterinsights_sitenote_category":0,"_uf_show_specific_survey":0,"_uf_disable_surveys":false,"_jetpack_memberships_contains_paid_content":false,"footnotes":"","jetpack_publicize_message":"El FICM tambi\u00e9n es acad\u00e9mico y se hermana con la UMSNH; directiva reconoce contribuci\u00f3n de la Universidad Michoacana","jetpack_publicize_feature_enabled":true,"jetpack_social_post_already_shared":true,"jetpack_social_options":{"image_generator_settings":{"template":"highway","default_image_id":0,"enabled":false},"version":2}},"categories":[25,22],"tags":[],"class_list":{"0":"post-56162","1":"post","2":"type-post","3":"status-publish","4":"format-standard","5":"has-post-thumbnail","7":"category-cultura","8":"category-educacion"},"aioseo_notices":[],"jetpack_publicize_connections":[],"jetpack_featured_media_url":"https:\/\/mediagroup.mx\/wp-content\/uploads\/2024\/09\/47d33c32-1742-4926-8bf2-c209477bfaa5-scaled.jpeg","jetpack_sharing_enabled":true,"_links":{"self":[{"href":"https:\/\/mediagroup.mx\/index.php\/wp-json\/wp\/v2\/posts\/56162","targetHints":{"allow":["GET"]}}],"collection":[{"href":"https:\/\/mediagroup.mx\/index.php\/wp-json\/wp\/v2\/posts"}],"about":[{"href":"https:\/\/mediagroup.mx\/index.php\/wp-json\/wp\/v2\/types\/post"}],"author":[{"embeddable":true,"href":"https:\/\/mediagroup.mx\/index.php\/wp-json\/wp\/v2\/users\/2"}],"replies":[{"embeddable":true,"href":"https:\/\/mediagroup.mx\/index.php\/wp-json\/wp\/v2\/comments?post=56162"}],"version-history":[{"count":1,"href":"https:\/\/mediagroup.mx\/index.php\/wp-json\/wp\/v2\/posts\/56162\/revisions"}],"predecessor-version":[{"id":56164,"href":"https:\/\/mediagroup.mx\/index.php\/wp-json\/wp\/v2\/posts\/56162\/revisions\/56164"}],"wp:featuredmedia":[{"embeddable":true,"href":"https:\/\/mediagroup.mx\/index.php\/wp-json\/wp\/v2\/media\/56163"}],"wp:attachment":[{"href":"https:\/\/mediagroup.mx\/index.php\/wp-json\/wp\/v2\/media?parent=56162"}],"wp:term":[{"taxonomy":"category","embeddable":true,"href":"https:\/\/mediagroup.mx\/index.php\/wp-json\/wp\/v2\/categories?post=56162"},{"taxonomy":"post_tag","embeddable":true,"href":"https:\/\/mediagroup.mx\/index.php\/wp-json\/wp\/v2\/tags?post=56162"}],"curies":[{"name":"wp","href":"https:\/\/api.w.org\/{rel}","templated":true}]}}