{"id":56165,"date":"2024-09-23T20:46:53","date_gmt":"2024-09-24T02:46:53","guid":{"rendered":"https:\/\/mediagroup.mx\/?p=56165"},"modified":"2024-09-23T20:46:53","modified_gmt":"2024-09-24T02:46:53","slug":"comuneros-realizan-bloqueo-carretero-en-aranza-exigen-aparicion-con-vida-de-juan-guzman","status":"publish","type":"post","link":"https:\/\/mediagroup.mx\/index.php\/2024\/09\/23\/comuneros-realizan-bloqueo-carretero-en-aranza-exigen-aparicion-con-vida-de-juan-guzman\/","title":{"rendered":"Comuneros realizan bloqueo carretero en Aranza; exigen aparici\u00f3n con vida de Juan Guzm\u00e1n"},"content":{"rendered":"<p>RED 113 MICHOAC\u00c1N\/Redacci\u00f3n<\/p>\n<p>La comunidad ind\u00edgena de Aranza, ubicad en el municipio de Paracho, se encuentra en estado de alerta y protesta tras la desaparici\u00f3n de Juan Guzm\u00e1n, un hombre de 42 a\u00f1os de edad, que fue visto por \u00faltima vez el d\u00eda 21 del presente mes.<\/p>\n<p>&nbsp;<\/p>\n<p>Los habitantes de la zona, preocupados por la integridad f\u00edsica de Guzm\u00e1n, bloquearon la carretera que conecta a la comunidad con el resto del municipio, exigiendo la aparici\u00f3n con vida de su compa\u00f1ero.<\/p>\n<p>&nbsp;<\/p>\n<p>\u00abEstamos muy preocupados por la seguridad de Juan, estamos solidarizados con su familia y su desaparici\u00f3n nos tiene en alerta\u00bb, expres\u00f3 uno de los comuneros, quien no revel\u00f3 su identidad por temor a represalias.<\/p>\n<p>&nbsp;<\/p>\n<p>El bloqueo carretero ha dejado varados a decenas de veh\u00edculos, tanto particulares como comerciales, que transportan mercanc\u00edas diversas, incluyendo productos perecederos.<\/p>\n<p>&nbsp;<\/p>\n<p>La comunidad ha advertido que el bloqueo continuar\u00e1 de manera indefinida hasta que las autoridades proporcionen una respuesta sobre el paradero de Guzm\u00e1n y garanticen su seguridad.<\/p>\n<p>&nbsp;<\/p>\n<p>\u00abQueremos que las autoridades tomen medidas inmediatas para encontrar a Juan y devolverlo a su familia\u00bb, afirm\u00f3 otro habitante de Aranza.<\/p>\n<p>&nbsp;<\/p>\n<p>Las autoridades locales y estatales han sido notificadas sobre la situaci\u00f3n y se espera que tomen medidas para resolver el conflicto y restablecer el tr\u00e1nsito en la zona.<\/p>\n<p><img loading=\"lazy\" decoding=\"async\" class=\"alignnone size-medium wp-image-56166\" src=\"https:\/\/mediagroup.mx\/wp-content\/uploads\/2024\/09\/IMG-20240923-WA0082-211x300.jpg\" alt=\"\" width=\"211\" height=\"300\" srcset=\"https:\/\/mediagroup.mx\/wp-content\/uploads\/2024\/09\/IMG-20240923-WA0082-211x300.jpg 211w, https:\/\/mediagroup.mx\/wp-content\/uploads\/2024\/09\/IMG-20240923-WA0082-722x1024.jpg 722w, https:\/\/mediagroup.mx\/wp-content\/uploads\/2024\/09\/IMG-20240923-WA0082-768x1090.jpg 768w, https:\/\/mediagroup.mx\/wp-content\/uploads\/2024\/09\/IMG-20240923-WA0082-150x213.jpg 150w, https:\/\/mediagroup.mx\/wp-content\/uploads\/2024\/09\/IMG-20240923-WA0082-300x426.jpg 300w, https:\/\/mediagroup.mx\/wp-content\/uploads\/2024\/09\/IMG-20240923-WA0082-696x988.jpg 696w, https:\/\/mediagroup.mx\/wp-content\/uploads\/2024\/09\/IMG-20240923-WA0082.jpg 828w\" sizes=\"auto, (max-width: 211px) 100vw, 211px\" \/> <img loading=\"lazy\" decoding=\"async\" class=\"alignnone size-medium wp-image-56167\" src=\"https:\/\/mediagroup.mx\/wp-content\/uploads\/2024\/09\/IMG-20240923-WA0083-300x169.jpg\" alt=\"\" width=\"300\" height=\"169\" srcset=\"https:\/\/mediagroup.mx\/wp-content\/uploads\/2024\/09\/IMG-20240923-WA0083-300x169.jpg 300w, https:\/\/mediagroup.mx\/wp-content\/uploads\/2024\/09\/IMG-20240923-WA0083-1024x576.jpg 1024w, https:\/\/mediagroup.mx\/wp-content\/uploads\/2024\/09\/IMG-20240923-WA0083-768x432.jpg 768w, https:\/\/mediagroup.mx\/wp-content\/uploads\/2024\/09\/IMG-20240923-WA0083-1536x864.jpg 1536w, https:\/\/mediagroup.mx\/wp-content\/uploads\/2024\/09\/IMG-20240923-WA0083-150x84.jpg 150w, https:\/\/mediagroup.mx\/wp-content\/uploads\/2024\/09\/IMG-20240923-WA0083-696x391.jpg 696w, https:\/\/mediagroup.mx\/wp-content\/uploads\/2024\/09\/IMG-20240923-WA0083-1068x600.jpg 1068w, https:\/\/mediagroup.mx\/wp-content\/uploads\/2024\/09\/IMG-20240923-WA0083.jpg 1599w\" sizes=\"auto, (max-width: 300px) 100vw, 300px\" \/><\/p>\n","protected":false},"excerpt":{"rendered":"<p>RED 113 MICHOAC\u00c1N\/Redacci\u00f3n La comunidad ind\u00edgena de Aranza, ubicad en el municipio de Paracho, se encuentra en estado de alerta y protesta tras la desaparici\u00f3n de Juan Guzm\u00e1n, un hombre de 42 a\u00f1os de edad, que fue visto por \u00faltima vez el d\u00eda 21 del presente mes. &nbsp; Los habitantes de la zona, preocupados por [&hellip;]<\/p>\n","protected":false},"author":2,"featured_media":56167,"comment_status":"closed","ping_status":"closed","sticky":false,"template":"","format":"standard","meta":{"om_disable_all_campaigns":false,"_monsterinsights_skip_tracking":false,"_monsterinsights_sitenote_active":false,"_monsterinsights_sitenote_note":"","_monsterinsights_sitenote_category":0,"_uf_show_specific_survey":0,"_uf_disable_surveys":false,"_jetpack_memberships_contains_paid_content":false,"footnotes":"","jetpack_publicize_message":"Comuneros realizan bloqueo carretero en Aranza; exigen aparici\u00f3n con vida de Juan Guzm\u00e1n","jetpack_publicize_feature_enabled":true,"jetpack_social_post_already_shared":true,"jetpack_social_options":{"image_generator_settings":{"template":"highway","default_image_id":0,"enabled":false},"version":2}},"categories":[36],"tags":[],"class_list":{"0":"post-56165","1":"post","2":"type-post","3":"status-publish","4":"format-standard","5":"has-post-thumbnail","7":"category-michoacanseguridad"},"aioseo_notices":[],"jetpack_publicize_connections":[],"jetpack_featured_media_url":"https:\/\/mediagroup.mx\/wp-content\/uploads\/2024\/09\/IMG-20240923-WA0083.jpg","jetpack_sharing_enabled":true,"_links":{"self":[{"href":"https:\/\/mediagroup.mx\/index.php\/wp-json\/wp\/v2\/posts\/56165","targetHints":{"allow":["GET"]}}],"collection":[{"href":"https:\/\/mediagroup.mx\/index.php\/wp-json\/wp\/v2\/posts"}],"about":[{"href":"https:\/\/mediagroup.mx\/index.php\/wp-json\/wp\/v2\/types\/post"}],"author":[{"embeddable":true,"href":"https:\/\/mediagroup.mx\/index.php\/wp-json\/wp\/v2\/users\/2"}],"replies":[{"embeddable":true,"href":"https:\/\/mediagroup.mx\/index.php\/wp-json\/wp\/v2\/comments?post=56165"}],"version-history":[{"count":1,"href":"https:\/\/mediagroup.mx\/index.php\/wp-json\/wp\/v2\/posts\/56165\/revisions"}],"predecessor-version":[{"id":56168,"href":"https:\/\/mediagroup.mx\/index.php\/wp-json\/wp\/v2\/posts\/56165\/revisions\/56168"}],"wp:featuredmedia":[{"embeddable":true,"href":"https:\/\/mediagroup.mx\/index.php\/wp-json\/wp\/v2\/media\/56167"}],"wp:attachment":[{"href":"https:\/\/mediagroup.mx\/index.php\/wp-json\/wp\/v2\/media?parent=56165"}],"wp:term":[{"taxonomy":"category","embeddable":true,"href":"https:\/\/mediagroup.mx\/index.php\/wp-json\/wp\/v2\/categories?post=56165"},{"taxonomy":"post_tag","embeddable":true,"href":"https:\/\/mediagroup.mx\/index.php\/wp-json\/wp\/v2\/tags?post=56165"}],"curies":[{"name":"wp","href":"https:\/\/api.w.org\/{rel}","templated":true}]}}