{"id":56190,"date":"2024-09-24T13:04:37","date_gmt":"2024-09-24T19:04:37","guid":{"rendered":"https:\/\/mediagroup.mx\/?p=56190"},"modified":"2024-09-24T13:04:37","modified_gmt":"2024-09-24T19:04:37","slug":"comisiones-del-senado-aprueban-traslado-de-la-guardia-nacional-a-la-sedena","status":"publish","type":"post","link":"https:\/\/mediagroup.mx\/index.php\/2024\/09\/24\/comisiones-del-senado-aprueban-traslado-de-la-guardia-nacional-a-la-sedena\/","title":{"rendered":"Comisiones del Senado aprueban traslado de la Guardia Nacional a la Sedena"},"content":{"rendered":"<div>\n<p style=\"text-align: justify;\">Comisiones del Senado mexicano aprobaron este lunes dos dict\u00e1menes, uno para<strong>\u00a0ceder el control de la Guardia Nacional (GN) al Ej\u00e9rcito\u00a0<\/strong>y otro para reconocer los derechos de las comunidades originarias y afromexicanas, ambas presentadas por el presidente Andr\u00e9s Manuel L\u00f3pez Obrador.<\/p>\n<\/div>\n<div>\n<p style=\"text-align: justify;\">Luego de cuatro horas de discusi\u00f3n, la reforma que impulsa que la Secretar\u00eda de la Defensa Nacional (Sedena) administre la GN, un cuerpo de seguridad con m\u00e1s de 120,000 agentes que L\u00f3pez Obrador cre\u00f3 en 2019 bajo la premisa de mantenerlo civil, fu<strong>e aprobada por 25 votos a favor de Morena y aliados y 10 en contra<\/strong>\u00a0en las Comisiones Unidas de Puntos constitucionales y de Estudios Legislativos.<\/p>\n<div style=\"text-align: justify;\">\n<p>El dictamen pasar\u00e1 al pleno de la C\u00e1mara alta para su\u00a0<strong>discusi\u00f3n e inminente aprobaci\u00f3n este martes.<\/strong><\/p>\n<\/div>\n<div style=\"text-align: justify;\">\n<p>Los grupos parlamentarios de oposici\u00f3n y algunos organismos nacionales e internacionales advirtieron que\u00a0<strong>se lleva a cabo una militarizaci\u00f3n de todos los \u00e1mbitos del pa\u00eds,<\/strong>\u00a0mientras en la discusi\u00f3n los legisladores se enfrascaron en cifras de homicidios y personas desaparecidas.<\/p>\n<\/div>\n<div>\n<p style=\"text-align: justify;\">Lo anterior, al modificar el art\u00edculo 129 de la Constituci\u00f3n, que ahora limita las funciones militares en tiempos de paz, una norma que no se ha cambiado desde 1857. Asimismo, cambia el art\u00edculo 21 para\u00a0<strong>eliminar la \u201cgarant\u00eda org\u00e1nica\u201d que obliga a que las instituciones de Seguridad P\u00fablica sean de car\u00e1cter civil.<\/strong><\/p>\n<div style=\"text-align: justify;\">\n<p>Entre otros cambios, establece que los<strong>\u00a0delitos ser\u00e1n investigados por el Ministerio P\u00fablico, las polic\u00edas y la GN<\/strong>, as\u00ed como que su personal tendr\u00e1 origen militar con formaci\u00f3n policial y estar\u00e1n adscritos a la Sedena y ejecutar\u00e1n la Estrategia Nacional de Seguridad P\u00fablica.<\/p>\n<\/div>\n<div style=\"text-align: justify;\">\n<p>La presidenta de la Comisi\u00f3n de Puntos Constitucionales,\u00a0<strong>Ernestina Godoy,<\/strong>\u00a0dijo que la reforma propuesta por L\u00f3pez Obrador responde a la\u00a0<strong>necesidad de enfrentar los retos contempor\u00e1neos<\/strong>\u00a0para alcanzar plenamente la paz, resolver los problemas de seguridad p\u00fablica y de coordinaci\u00f3n entre las instituciones de seguridad.<\/p>\n<\/div>\n<div style=\"text-align: justify;\">\n<div id=\"div-gpt-ad-ddnotamexicoZA_box_c\"><\/div>\n<\/div>\n<div style=\"text-align: justify;\">\n<p>\u201cCoincidimos con la colegisladora (C\u00e1mara de Diputados) en que es necesario abordar el problema de la debilidad institucional de las fuerzas de seguridad civiles y que en\u00a0<strong>esta situaci\u00f3<\/strong>n\u00a0<strong>explica la necesidad de crear una fuerza con alcance nacional,<\/strong>\u00a0dotada de mejores capacidades operativas, recursos suficientes y una estructura organizativa robusta\u201d, a\u00f1adi\u00f3.<\/p>\n<\/div>\n<div style=\"text-align: justify;\">\n<p>Por su parte, la senadora del PRI,\u00a0<strong>Carolina Viggiano,<\/strong>\u00a0se\u00f1al\u00f3 que la seguridad no puede depender solo de las fuerzas armadas y apunt\u00f3 que se trata de una discusi\u00f3n que deber\u00eda darse tras la toma de posesi\u00f3n de Claudia Sheinbaum como presidenta.<\/p>\n<\/div>\n<div>\n<p style=\"text-align: justify;\">Por su parte, el senador del PAN,\u00a0<strong>Marko Cort\u00e9s, asegur\u00f3 que \u201d la militarizaci\u00f3n no es la soluci\u00f3n\u201d<\/strong>\u00a0sino que es \u201cparte del problema\u201d.<\/p>\n<div style=\"text-align: justify;\">\n<p>El presidente L\u00f3pez Obrador ha<strong>\u00a0negado que exista \u201cmilitarismo\u201d y \u201crepresi\u00f3n\u201d<\/strong>\u00a0con la reforma que aprob\u00f3 el 19 de setiembre pasado la C\u00e1mara de Diputados.<\/p>\n<\/div>\n<div>\n<p style=\"text-align: justify;\">En tanto, las Comisiones Unidas del Senado tambi\u00e9n dieron su aval, en este caso por unanimidad, el\u00a0<strong>dictamen para reconocer los derechos de las comunidades originarias y afromexicanas.<\/strong><\/p>\n<div style=\"text-align: justify;\">\n<p>Con este resultado avanza el reconocimiento por primera vez en la historia mexicana a los pueblos ind\u00edgenas en M\u00e9xico como sujetos de derecho,<strong>\u00a0donde m\u00e1s de 23 millones de personas se identifican de esta forma,<\/strong>\u00a0entre un total de 126 millones de habitantes.<\/p>\n<\/div>\n<div style=\"text-align: justify;\">\n<p>Esta reforma reconoce la\u00a0<strong>composici\u00f3n multi\u00e9tnica y pluricultural de la naci\u00f3n<\/strong>\u00a0y tambi\u00e9n a los pueblos y comunidades ind\u00edgenas como sujetos de derecho p\u00fablico con personalidad jur\u00eddica y patrimonio propio.<\/p>\n<\/div>\n<div>\n<p style=\"text-align: justify;\">Asimismo,\u00a0<strong>eleva a rango constitucional el derecho de las comunidades a la consulta libre, previa,<\/strong>\u00a0informada culturalmente adecuada y de buena fe respecto a medidas legislativas y administrativas que puedan causar afectaciones e impactos significativos en su vida o entorno, con la finalidad de obtener su consentimiento o llegar a un acuerdo.<\/p>\n<div class=\"w-100\" style=\"text-align: justify;\">\n<div class=\"wrappercont\">\n<div>\n<p>Precisa que<strong>\u00a0la jurisdicci\u00f3n ind\u00edgena se ejercer\u00e1 por las autoridades comunitarias<\/strong>\u00a0de acuerdo con los sistemas normativos de los pueblos y comunidades ind\u00edgenas, dentro del orden jur\u00eddico vigente, en los t\u00e9rminos de la Constituci\u00f3n y las leyes aplicables.<\/p>\n<\/div>\n<div>\n<p>Tambi\u00e9n determina que las personas ind\u00edgenas tendr\u00e1n, en todo tiempo,\u00a0<strong>el derecho a ser asistidas y asesoradas<\/strong>\u00a0por personas int\u00e9rpretes, traductoras, defensoras y peritas especializadas en derechos ind\u00edgenas, pluralismo jur\u00eddico, perspectiva de g\u00e9nero, y diversidad cultural y ling\u00fc\u00edstica.<\/p>\n<\/div>\n<div>\n<p><strong>Te puede interesar &gt;<\/strong>\u00a0<a href=\"https:\/\/aristeguinoticias.com\/2109\/mexico\/sheinbaum-prepara-reformas-a-la-fgr-y-fiscalias-estatales-fernandez-norona\/\" target=\"_blank\" rel=\"noopener\">Sheinbaum prepara reformas a la FGR y fiscal\u00edas estatales: Fern\u00e1ndez Noro\u00f1a<\/a><\/p>\n<\/div>\n<div>\n<p>La reforma para los derechos de las comunidades originarias y afromexicanas, as\u00ed como el que militariza la GN,\u00a0<strong>forman parte del paquete de 20 iniciativas presentadas por L\u00f3pez Obrador en febrero pasado<\/strong>\u00a0y que incluyen, entre otras, la reforma al Poder Judicial que entr\u00f3 en vigor la semana pasada.<\/p>\n<\/div>\n<div>\n<p>(Con informaci\u00f3n de\u00a0<em>EFE<\/em>\u00a0y<em>\u00a0Aristegui Noticias<\/em>)<\/p>\n<\/div>\n<\/div>\n<div>\n<div><\/div>\n<div><\/div>\n<div><\/div>\n<div><\/div>\n<div><\/div>\n<\/div>\n<div class=\"share mb-3 mt-2\">\n<div class=\"row\">\n<div class=\"col-12\">\n<ul class=\"d-flex rrssnota\">\n<li class=\"face\"><\/li>\n<li class=\"whats\"><\/li>\n<li class=\"twitter\"><\/li>\n<li class=\"mail\"><\/li>\n<\/ul>\n<\/div>\n<\/div>\n<\/div>\n<\/div>\n<div id=\"contsidebar\" class=\"wrapperad wrapperadright imgmobcenter\">\n<div id=\"sidebar\">\n<div>\n<div class=\"pb-4 box_3 \">\n<div style=\"text-align: justify;\"><\/div>\n<\/div>\n<\/div>\n<\/div>\n<\/div>\n<\/div>\n<\/div>\n<\/div>\n<\/div>\n<\/div>\n","protected":false},"excerpt":{"rendered":"<p>Comisiones del Senado mexicano aprobaron este lunes dos dict\u00e1menes, uno para\u00a0ceder el control de la Guardia Nacional (GN) al Ej\u00e9rcito\u00a0y otro para reconocer los derechos de las comunidades originarias y afromexicanas, ambas presentadas por el presidente Andr\u00e9s Manuel L\u00f3pez Obrador. Luego de cuatro horas de discusi\u00f3n, la reforma que impulsa que la Secretar\u00eda de la [&hellip;]<\/p>\n","protected":false},"author":2,"featured_media":56191,"comment_status":"closed","ping_status":"closed","sticky":false,"template":"","format":"standard","meta":{"om_disable_all_campaigns":false,"_monsterinsights_skip_tracking":false,"_monsterinsights_sitenote_active":false,"_monsterinsights_sitenote_note":"","_monsterinsights_sitenote_category":0,"_uf_show_specific_survey":0,"_uf_disable_surveys":false,"_jetpack_memberships_contains_paid_content":false,"footnotes":"","jetpack_publicize_message":"Comisiones del Senado aprueban traslado de la Guardia Nacional a la Sedena","jetpack_publicize_feature_enabled":true,"jetpack_social_post_already_shared":true,"jetpack_social_options":{"image_generator_settings":{"template":"highway","default_image_id":0,"enabled":false},"version":2}},"categories":[23,16],"tags":[],"class_list":{"0":"post-56190","1":"post","2":"type-post","3":"status-publish","4":"format-standard","5":"has-post-thumbnail","7":"category-nacional","8":"category-viral"},"aioseo_notices":[],"jetpack_publicize_connections":[],"jetpack_featured_media_url":"https:\/\/mediagroup.mx\/wp-content\/uploads\/2024\/09\/Captura-de-pantalla-2024-09-24-a-las-13.03.23.png","jetpack_sharing_enabled":true,"_links":{"self":[{"href":"https:\/\/mediagroup.mx\/index.php\/wp-json\/wp\/v2\/posts\/56190","targetHints":{"allow":["GET"]}}],"collection":[{"href":"https:\/\/mediagroup.mx\/index.php\/wp-json\/wp\/v2\/posts"}],"about":[{"href":"https:\/\/mediagroup.mx\/index.php\/wp-json\/wp\/v2\/types\/post"}],"author":[{"embeddable":true,"href":"https:\/\/mediagroup.mx\/index.php\/wp-json\/wp\/v2\/users\/2"}],"replies":[{"embeddable":true,"href":"https:\/\/mediagroup.mx\/index.php\/wp-json\/wp\/v2\/comments?post=56190"}],"version-history":[{"count":1,"href":"https:\/\/mediagroup.mx\/index.php\/wp-json\/wp\/v2\/posts\/56190\/revisions"}],"predecessor-version":[{"id":56192,"href":"https:\/\/mediagroup.mx\/index.php\/wp-json\/wp\/v2\/posts\/56190\/revisions\/56192"}],"wp:featuredmedia":[{"embeddable":true,"href":"https:\/\/mediagroup.mx\/index.php\/wp-json\/wp\/v2\/media\/56191"}],"wp:attachment":[{"href":"https:\/\/mediagroup.mx\/index.php\/wp-json\/wp\/v2\/media?parent=56190"}],"wp:term":[{"taxonomy":"category","embeddable":true,"href":"https:\/\/mediagroup.mx\/index.php\/wp-json\/wp\/v2\/categories?post=56190"},{"taxonomy":"post_tag","embeddable":true,"href":"https:\/\/mediagroup.mx\/index.php\/wp-json\/wp\/v2\/tags?post=56190"}],"curies":[{"name":"wp","href":"https:\/\/api.w.org\/{rel}","templated":true}]}}