{"id":56199,"date":"2024-09-24T14:06:23","date_gmt":"2024-09-24T20:06:23","guid":{"rendered":"https:\/\/mediagroup.mx\/?p=56199"},"modified":"2024-09-24T14:06:23","modified_gmt":"2024-09-24T20:06:23","slug":"garantiza-cam-movilidad-para-personas-con-discapacidad","status":"publish","type":"post","link":"https:\/\/mediagroup.mx\/index.php\/2024\/09\/24\/garantiza-cam-movilidad-para-personas-con-discapacidad\/","title":{"rendered":"Garantiza CAM movilidad para personas con discapacidad"},"content":{"rendered":"<p style=\"text-align: justify;\">La accesibilidad en el Centro Administrativo de Morelia est\u00e1 garantizada a trav\u00e9s de rampas, elevadores y aditamentos para la libre movilidad de personas con discapacidad, las cuales est\u00e1n consideradas en la siguiente etapa de construcci\u00f3n.<\/p>\n<p style=\"text-align: justify;\">El Gobierno Municipal inform\u00f3 que en tanto se construyen estas caracter\u00edsticas, las y los usuarios que no est\u00e9n en condiciones de subir escaleras o trasladarse a alguna oficina deben ser atendidos por el funcionario responsable, quien debe acercarse para atender y brindar toda la atenci\u00f3n que se requiera.<\/p>\n<p style=\"text-align: justify;\">Asimismo, se informa que la segunda etapa del CAM se pondr\u00e1 en marcha en breve, ya que el proyecto es totalmente funcional para el libre paso de personas con discapacidad y adultos mayores.<\/p>\n<p style=\"text-align: justify;\">Cabe recordar que el Centro Administrativo de Morelia es un espacio que concentra a las principales oficinas municipales para realizar en un solo lugar los tr\u00e1mites que se requieran; cabe destacar que esta obra fue construida con recurso cien por ciento\u00a0municipal.<\/p>\n","protected":false},"excerpt":{"rendered":"<p>La accesibilidad en el Centro Administrativo de Morelia est\u00e1 garantizada a trav\u00e9s de rampas, elevadores y aditamentos para la libre movilidad de personas con discapacidad, las cuales est\u00e1n consideradas en la siguiente etapa de construcci\u00f3n. El Gobierno Municipal inform\u00f3 que en tanto se construyen estas caracter\u00edsticas, las y los usuarios que no est\u00e9n en condiciones [&hellip;]<\/p>\n","protected":false},"author":2,"featured_media":56200,"comment_status":"closed","ping_status":"closed","sticky":false,"template":"","format":"standard","meta":{"om_disable_all_campaigns":false,"_monsterinsights_skip_tracking":false,"_monsterinsights_sitenote_active":false,"_monsterinsights_sitenote_note":"","_monsterinsights_sitenote_category":0,"_uf_show_specific_survey":0,"_uf_disable_surveys":false,"_jetpack_memberships_contains_paid_content":false,"footnotes":"","jetpack_publicize_message":"Garantiza CAM movilidad para personas con discapacidad","jetpack_publicize_feature_enabled":true,"jetpack_social_post_already_shared":true,"jetpack_social_options":{"image_generator_settings":{"template":"highway","default_image_id":0,"enabled":false},"version":2}},"categories":[17],"tags":[],"class_list":{"0":"post-56199","1":"post","2":"type-post","3":"status-publish","4":"format-standard","5":"has-post-thumbnail","7":"category-morelia"},"aioseo_notices":[],"jetpack_publicize_connections":[],"jetpack_featured_media_url":"https:\/\/mediagroup.mx\/wp-content\/uploads\/2024\/09\/WhatsApp-Image-2024-09-24-at-10.49.18-AM.jpeg","jetpack_sharing_enabled":true,"_links":{"self":[{"href":"https:\/\/mediagroup.mx\/index.php\/wp-json\/wp\/v2\/posts\/56199","targetHints":{"allow":["GET"]}}],"collection":[{"href":"https:\/\/mediagroup.mx\/index.php\/wp-json\/wp\/v2\/posts"}],"about":[{"href":"https:\/\/mediagroup.mx\/index.php\/wp-json\/wp\/v2\/types\/post"}],"author":[{"embeddable":true,"href":"https:\/\/mediagroup.mx\/index.php\/wp-json\/wp\/v2\/users\/2"}],"replies":[{"embeddable":true,"href":"https:\/\/mediagroup.mx\/index.php\/wp-json\/wp\/v2\/comments?post=56199"}],"version-history":[{"count":1,"href":"https:\/\/mediagroup.mx\/index.php\/wp-json\/wp\/v2\/posts\/56199\/revisions"}],"predecessor-version":[{"id":56201,"href":"https:\/\/mediagroup.mx\/index.php\/wp-json\/wp\/v2\/posts\/56199\/revisions\/56201"}],"wp:featuredmedia":[{"embeddable":true,"href":"https:\/\/mediagroup.mx\/index.php\/wp-json\/wp\/v2\/media\/56200"}],"wp:attachment":[{"href":"https:\/\/mediagroup.mx\/index.php\/wp-json\/wp\/v2\/media?parent=56199"}],"wp:term":[{"taxonomy":"category","embeddable":true,"href":"https:\/\/mediagroup.mx\/index.php\/wp-json\/wp\/v2\/categories?post=56199"},{"taxonomy":"post_tag","embeddable":true,"href":"https:\/\/mediagroup.mx\/index.php\/wp-json\/wp\/v2\/tags?post=56199"}],"curies":[{"name":"wp","href":"https:\/\/api.w.org\/{rel}","templated":true}]}}