{"id":57331,"date":"2024-10-14T22:00:30","date_gmt":"2024-10-15T04:00:30","guid":{"rendered":"https:\/\/mediagroup.mx\/?p=57331"},"modified":"2024-10-14T22:00:30","modified_gmt":"2024-10-15T04:00:30","slug":"umsnh-realiza-la-primer-semana-de-agronegocios-en-uruapan","status":"publish","type":"post","link":"https:\/\/mediagroup.mx\/index.php\/2024\/10\/14\/umsnh-realiza-la-primer-semana-de-agronegocios-en-uruapan\/","title":{"rendered":"UMSNH realiza la Primer Semana de Agronegocios en Uruapan"},"content":{"rendered":"<p>Al declarar inaugurada la Primer Semana de Agronegocios que se lleva a cabo del 14 al 18 de octubre en la Unidad Profesional de Uruapan, la coordinadora general de los Programas Institucionales de Licenciatura Multi-DES de la Universidad Michoacana de San Nicol\u00e1s de Hidalgo (UMSNH), Andrea Araceli Far\u00edas Olvera consider\u00f3 que la sostenibilidad, la innovaci\u00f3n y el esp\u00edritu emprendedor son \u00e1reas esenciales para el futuro del sector.<\/p>\n<p>&nbsp;<\/p>\n<p>\u201cEn un mundo cada vez m\u00e1s interconectado, es fundamental entender c\u00f3mo nuestras decisiones en el \u00e1mbito agr\u00edcola y comercial pueden influir en el desarrollo sostenible y la seguridad alimentaria\u201d, enfatiz\u00f3.<\/p>\n<p>&nbsp;<\/p>\n<p>La funcionaria se\u00f1al\u00f3 que la educaci\u00f3n en agronegocios no s\u00f3lo forma profesionales competentes, tambi\u00e9n les brinda las herramientas necesarias para enfrentar los desaf\u00edos de un mundo en constante cambio.<\/p>\n<p>&nbsp;<\/p>\n<p>Esta semana, dijo, representa una valiosa oportunidad para unirnos en el aprendizaje y la reflexi\u00f3n sobre el impacto que los agronegocios tienen en nuestra econom\u00eda y en la sociedad en general, las y los invito a participar activamente en todas las actividades programadas, hacer preguntas, compartir sus ideas y encontrarse en cada una de las oportunidades que se presenten, su participaci\u00f3n es clave para que esta semana sea todo un \u00e9xito.<\/p>\n<p>&nbsp;<\/p>\n<p>Tras recordar que hoy se cumplen cuatro a\u00f1os de la creaci\u00f3n del Programa de Licenciatura en Agronegocios, el coordinador Rub\u00e9n Salazar Jasso agradeci\u00f3 a las autoridades nicolaitas por dar seguimiento a las actividades que se realizan en la carrera.<\/p>\n<p>&nbsp;<\/p>\n<p>Este es un programa que cuenta con el soporte cient\u00edfico, tecnol\u00f3gico y los recursos humanos para formar profesionistas del m\u00e1s alto nivel, dado el trabajo de investigaci\u00f3n, docencia y experiencia profesional de quienes desde un inicio fueron considerados para participar en la formaci\u00f3n de j\u00f3venes en el desarrollo de agronegocios, a\u00f1adi\u00f3.<\/p>\n<p><img loading=\"lazy\" decoding=\"async\" class=\"alignnone size-medium wp-image-57332\" src=\"https:\/\/mediagroup.mx\/wp-content\/uploads\/2024\/10\/IMG-20241014-WA0074-300x200.jpg\" alt=\"\" width=\"300\" height=\"200\" srcset=\"https:\/\/mediagroup.mx\/wp-content\/uploads\/2024\/10\/IMG-20241014-WA0074-300x200.jpg 300w, https:\/\/mediagroup.mx\/wp-content\/uploads\/2024\/10\/IMG-20241014-WA0074-1024x684.jpg 1024w, https:\/\/mediagroup.mx\/wp-content\/uploads\/2024\/10\/IMG-20241014-WA0074-768x513.jpg 768w, https:\/\/mediagroup.mx\/wp-content\/uploads\/2024\/10\/IMG-20241014-WA0074-1536x1025.jpg 1536w, https:\/\/mediagroup.mx\/wp-content\/uploads\/2024\/10\/IMG-20241014-WA0074-2048x1367.jpg 2048w, https:\/\/mediagroup.mx\/wp-content\/uploads\/2024\/10\/IMG-20241014-WA0074-150x100.jpg 150w, https:\/\/mediagroup.mx\/wp-content\/uploads\/2024\/10\/IMG-20241014-WA0074-696x465.jpg 696w, https:\/\/mediagroup.mx\/wp-content\/uploads\/2024\/10\/IMG-20241014-WA0074-1068x713.jpg 1068w, https:\/\/mediagroup.mx\/wp-content\/uploads\/2024\/10\/IMG-20241014-WA0074-1920x1282.jpg 1920w\" sizes=\"auto, (max-width: 300px) 100vw, 300px\" \/> <img loading=\"lazy\" decoding=\"async\" class=\"alignnone size-medium wp-image-57333\" src=\"https:\/\/mediagroup.mx\/wp-content\/uploads\/2024\/10\/IMG-20241014-WA0072-300x200.jpg\" alt=\"\" width=\"300\" height=\"200\" srcset=\"https:\/\/mediagroup.mx\/wp-content\/uploads\/2024\/10\/IMG-20241014-WA0072-300x200.jpg 300w, https:\/\/mediagroup.mx\/wp-content\/uploads\/2024\/10\/IMG-20241014-WA0072-1024x684.jpg 1024w, https:\/\/mediagroup.mx\/wp-content\/uploads\/2024\/10\/IMG-20241014-WA0072-768x513.jpg 768w, https:\/\/mediagroup.mx\/wp-content\/uploads\/2024\/10\/IMG-20241014-WA0072-1536x1025.jpg 1536w, https:\/\/mediagroup.mx\/wp-content\/uploads\/2024\/10\/IMG-20241014-WA0072-2048x1367.jpg 2048w, https:\/\/mediagroup.mx\/wp-content\/uploads\/2024\/10\/IMG-20241014-WA0072-150x100.jpg 150w, https:\/\/mediagroup.mx\/wp-content\/uploads\/2024\/10\/IMG-20241014-WA0072-696x465.jpg 696w, https:\/\/mediagroup.mx\/wp-content\/uploads\/2024\/10\/IMG-20241014-WA0072-1068x713.jpg 1068w, https:\/\/mediagroup.mx\/wp-content\/uploads\/2024\/10\/IMG-20241014-WA0072-1920x1282.jpg 1920w\" sizes=\"auto, (max-width: 300px) 100vw, 300px\" \/> <img loading=\"lazy\" decoding=\"async\" class=\"alignnone size-medium wp-image-57334\" src=\"https:\/\/mediagroup.mx\/wp-content\/uploads\/2024\/10\/IMG-20241014-WA0070-300x200.jpg\" alt=\"\" width=\"300\" height=\"200\" srcset=\"https:\/\/mediagroup.mx\/wp-content\/uploads\/2024\/10\/IMG-20241014-WA0070-300x200.jpg 300w, https:\/\/mediagroup.mx\/wp-content\/uploads\/2024\/10\/IMG-20241014-WA0070-1024x684.jpg 1024w, https:\/\/mediagroup.mx\/wp-content\/uploads\/2024\/10\/IMG-20241014-WA0070-768x513.jpg 768w, https:\/\/mediagroup.mx\/wp-content\/uploads\/2024\/10\/IMG-20241014-WA0070-1536x1025.jpg 1536w, https:\/\/mediagroup.mx\/wp-content\/uploads\/2024\/10\/IMG-20241014-WA0070-2048x1367.jpg 2048w, https:\/\/mediagroup.mx\/wp-content\/uploads\/2024\/10\/IMG-20241014-WA0070-150x100.jpg 150w, https:\/\/mediagroup.mx\/wp-content\/uploads\/2024\/10\/IMG-20241014-WA0070-696x465.jpg 696w, https:\/\/mediagroup.mx\/wp-content\/uploads\/2024\/10\/IMG-20241014-WA0070-1068x713.jpg 1068w, https:\/\/mediagroup.mx\/wp-content\/uploads\/2024\/10\/IMG-20241014-WA0070-1920x1282.jpg 1920w\" sizes=\"auto, (max-width: 300px) 100vw, 300px\" \/> <img loading=\"lazy\" decoding=\"async\" class=\"alignnone size-medium wp-image-57335\" src=\"https:\/\/mediagroup.mx\/wp-content\/uploads\/2024\/10\/IMG-20241014-WA0068-300x200.jpg\" alt=\"\" width=\"300\" height=\"200\" srcset=\"https:\/\/mediagroup.mx\/wp-content\/uploads\/2024\/10\/IMG-20241014-WA0068-300x200.jpg 300w, https:\/\/mediagroup.mx\/wp-content\/uploads\/2024\/10\/IMG-20241014-WA0068-1024x684.jpg 1024w, https:\/\/mediagroup.mx\/wp-content\/uploads\/2024\/10\/IMG-20241014-WA0068-768x513.jpg 768w, https:\/\/mediagroup.mx\/wp-content\/uploads\/2024\/10\/IMG-20241014-WA0068-1536x1025.jpg 1536w, https:\/\/mediagroup.mx\/wp-content\/uploads\/2024\/10\/IMG-20241014-WA0068-2048x1367.jpg 2048w, https:\/\/mediagroup.mx\/wp-content\/uploads\/2024\/10\/IMG-20241014-WA0068-150x100.jpg 150w, https:\/\/mediagroup.mx\/wp-content\/uploads\/2024\/10\/IMG-20241014-WA0068-696x465.jpg 696w, https:\/\/mediagroup.mx\/wp-content\/uploads\/2024\/10\/IMG-20241014-WA0068-1068x713.jpg 1068w, https:\/\/mediagroup.mx\/wp-content\/uploads\/2024\/10\/IMG-20241014-WA0068-1920x1282.jpg 1920w\" sizes=\"auto, (max-width: 300px) 100vw, 300px\" \/><\/p>\n","protected":false},"excerpt":{"rendered":"<p>Al declarar inaugurada la Primer Semana de Agronegocios que se lleva a cabo del 14 al 18 de octubre en la Unidad Profesional de Uruapan, la coordinadora general de los Programas Institucionales de Licenciatura Multi-DES de la Universidad Michoacana de San Nicol\u00e1s de Hidalgo (UMSNH), Andrea Araceli Far\u00edas Olvera consider\u00f3 que la sostenibilidad, la innovaci\u00f3n [&hellip;]<\/p>\n","protected":false},"author":2,"featured_media":57332,"comment_status":"closed","ping_status":"closed","sticky":false,"template":"","format":"standard","meta":{"om_disable_all_campaigns":false,"_monsterinsights_skip_tracking":false,"_monsterinsights_sitenote_active":false,"_monsterinsights_sitenote_note":"","_monsterinsights_sitenote_category":0,"_uf_show_specific_survey":0,"_uf_disable_surveys":false,"_jetpack_memberships_contains_paid_content":false,"footnotes":"","jetpack_publicize_message":"","jetpack_publicize_feature_enabled":true,"jetpack_social_post_already_shared":true,"jetpack_social_options":{"image_generator_settings":{"template":"highway","default_image_id":0,"enabled":false},"version":2}},"categories":[22],"tags":[],"class_list":{"0":"post-57331","1":"post","2":"type-post","3":"status-publish","4":"format-standard","5":"has-post-thumbnail","7":"category-educacion"},"aioseo_notices":[],"jetpack_publicize_connections":[],"jetpack_featured_media_url":"https:\/\/mediagroup.mx\/wp-content\/uploads\/2024\/10\/IMG-20241014-WA0074-scaled.jpg","jetpack_sharing_enabled":true,"_links":{"self":[{"href":"https:\/\/mediagroup.mx\/index.php\/wp-json\/wp\/v2\/posts\/57331","targetHints":{"allow":["GET"]}}],"collection":[{"href":"https:\/\/mediagroup.mx\/index.php\/wp-json\/wp\/v2\/posts"}],"about":[{"href":"https:\/\/mediagroup.mx\/index.php\/wp-json\/wp\/v2\/types\/post"}],"author":[{"embeddable":true,"href":"https:\/\/mediagroup.mx\/index.php\/wp-json\/wp\/v2\/users\/2"}],"replies":[{"embeddable":true,"href":"https:\/\/mediagroup.mx\/index.php\/wp-json\/wp\/v2\/comments?post=57331"}],"version-history":[{"count":1,"href":"https:\/\/mediagroup.mx\/index.php\/wp-json\/wp\/v2\/posts\/57331\/revisions"}],"predecessor-version":[{"id":57336,"href":"https:\/\/mediagroup.mx\/index.php\/wp-json\/wp\/v2\/posts\/57331\/revisions\/57336"}],"wp:featuredmedia":[{"embeddable":true,"href":"https:\/\/mediagroup.mx\/index.php\/wp-json\/wp\/v2\/media\/57332"}],"wp:attachment":[{"href":"https:\/\/mediagroup.mx\/index.php\/wp-json\/wp\/v2\/media?parent=57331"}],"wp:term":[{"taxonomy":"category","embeddable":true,"href":"https:\/\/mediagroup.mx\/index.php\/wp-json\/wp\/v2\/categories?post=57331"},{"taxonomy":"post_tag","embeddable":true,"href":"https:\/\/mediagroup.mx\/index.php\/wp-json\/wp\/v2\/tags?post=57331"}],"curies":[{"name":"wp","href":"https:\/\/api.w.org\/{rel}","templated":true}]}}