{"id":57337,"date":"2024-10-14T22:02:42","date_gmt":"2024-10-15T04:02:42","guid":{"rendered":"https:\/\/mediagroup.mx\/?p=57337"},"modified":"2024-10-14T22:02:42","modified_gmt":"2024-10-15T04:02:42","slug":"va-diputada-tere-herrera-por-la-defensa-de-los-derechos-de-las-familias","status":"publish","type":"post","link":"https:\/\/mediagroup.mx\/index.php\/2024\/10\/14\/va-diputada-tere-herrera-por-la-defensa-de-los-derechos-de-las-familias\/","title":{"rendered":"Va diputada Tere Herrera por la defensa de los derechos de las familias"},"content":{"rendered":"<p>Como presidenta de la Comisi\u00f3n del Desarrollo Integral de la Familia en el Congreso del Estado, Tere Herrera afirm\u00f3 que impulsar\u00e1 iniciativas que garanticen mejores condiciones de vida para la poblaci\u00f3n.<\/p>\n<p>&nbsp;<\/p>\n<p>Herrera Maldonado subray\u00f3 que las leyes deben ser una herramienta para asegurar que todas las personas tengan acceso a sus derechos fundamentales como la educaci\u00f3n, la salud y la alimentaci\u00f3n; por lo que impulsar\u00e1 las iniciativas necesarias para garantizar un desarrollo integral de la sociedad.<\/p>\n<p>&nbsp;<\/p>\n<p>\u201cLa construcci\u00f3n de un estado m\u00e1s justo y equitativo es una tarea que requiere un enfoque integral. Debemos trabajar desde la ra\u00edz para que las personas en situaci\u00f3n vulnerable tengan la oportunidad de mejorar su calidad de vida y vivir con dignidad; ese es el compromiso que asumimos desde la Comisi\u00f3n para el Desarrollo Integral de la Familia\u201d.<\/p>\n<p>&nbsp;<\/p>\n<p>La legisladora panista asegur\u00f3 que su bancada promover\u00e1 pol\u00edticas p\u00fablicas que beneficien a las familias, y promover\u00e1n acciones para prevenir y evitar la violencia intrafamiliar, cuidar a la ni\u00f1ez, mujeres, adultos mayores, para erradicar el abandono; y que, desde el Congreso, se contribuya a un Michoac\u00e1n m\u00e1s inclusivo, con igualdad de oportunidades para todos los sectores de la poblaci\u00f3n.<\/p>\n","protected":false},"excerpt":{"rendered":"<p>Como presidenta de la Comisi\u00f3n del Desarrollo Integral de la Familia en el Congreso del Estado, Tere Herrera afirm\u00f3 que impulsar\u00e1 iniciativas que garanticen mejores condiciones de vida para la poblaci\u00f3n. &nbsp; Herrera Maldonado subray\u00f3 que las leyes deben ser una herramienta para asegurar que todas las personas tengan acceso a sus derechos fundamentales como [&hellip;]<\/p>\n","protected":false},"author":2,"featured_media":57338,"comment_status":"closed","ping_status":"closed","sticky":false,"template":"","format":"standard","meta":{"om_disable_all_campaigns":false,"_monsterinsights_skip_tracking":false,"_monsterinsights_sitenote_active":false,"_monsterinsights_sitenote_note":"","_monsterinsights_sitenote_category":0,"_uf_show_specific_survey":0,"_uf_disable_surveys":false,"_jetpack_memberships_contains_paid_content":false,"footnotes":"","jetpack_publicize_message":"Va diputada Tere Herrera por la defensa de los derechos de las familias\r\n\r\n\r\n*La diputada Teresita Herrera Maldonado, coordinadora del Grupo Parlamentario del PAN en Michoac\u00e1n, reafirm\u00f3 su compromiso con la defensa de los derechos de las familias.\u00a0","jetpack_publicize_feature_enabled":true,"jetpack_social_post_already_shared":true,"jetpack_social_options":{"image_generator_settings":{"template":"highway","default_image_id":0,"enabled":false},"version":2}},"categories":[15,63],"tags":[],"class_list":{"0":"post-57337","1":"post","2":"type-post","3":"status-publish","4":"format-standard","5":"has-post-thumbnail","7":"category-michoacan","8":"category-politica"},"aioseo_notices":[],"jetpack_publicize_connections":[],"jetpack_featured_media_url":"https:\/\/mediagroup.mx\/wp-content\/uploads\/2024\/10\/IMG-20241014-WA0075.jpg","jetpack_sharing_enabled":true,"_links":{"self":[{"href":"https:\/\/mediagroup.mx\/index.php\/wp-json\/wp\/v2\/posts\/57337","targetHints":{"allow":["GET"]}}],"collection":[{"href":"https:\/\/mediagroup.mx\/index.php\/wp-json\/wp\/v2\/posts"}],"about":[{"href":"https:\/\/mediagroup.mx\/index.php\/wp-json\/wp\/v2\/types\/post"}],"author":[{"embeddable":true,"href":"https:\/\/mediagroup.mx\/index.php\/wp-json\/wp\/v2\/users\/2"}],"replies":[{"embeddable":true,"href":"https:\/\/mediagroup.mx\/index.php\/wp-json\/wp\/v2\/comments?post=57337"}],"version-history":[{"count":1,"href":"https:\/\/mediagroup.mx\/index.php\/wp-json\/wp\/v2\/posts\/57337\/revisions"}],"predecessor-version":[{"id":57339,"href":"https:\/\/mediagroup.mx\/index.php\/wp-json\/wp\/v2\/posts\/57337\/revisions\/57339"}],"wp:featuredmedia":[{"embeddable":true,"href":"https:\/\/mediagroup.mx\/index.php\/wp-json\/wp\/v2\/media\/57338"}],"wp:attachment":[{"href":"https:\/\/mediagroup.mx\/index.php\/wp-json\/wp\/v2\/media?parent=57337"}],"wp:term":[{"taxonomy":"category","embeddable":true,"href":"https:\/\/mediagroup.mx\/index.php\/wp-json\/wp\/v2\/categories?post=57337"},{"taxonomy":"post_tag","embeddable":true,"href":"https:\/\/mediagroup.mx\/index.php\/wp-json\/wp\/v2\/tags?post=57337"}],"curies":[{"name":"wp","href":"https:\/\/api.w.org\/{rel}","templated":true}]}}