{"id":57340,"date":"2024-10-14T22:06:51","date_gmt":"2024-10-15T04:06:51","guid":{"rendered":"https:\/\/mediagroup.mx\/?p=57340"},"modified":"2024-10-14T22:06:51","modified_gmt":"2024-10-15T04:06:51","slug":"cielo-tejido-ilumina-el-andador-nigromante-en-honor-a-los-bebes-que-partieron-de-forma-inesperada","status":"publish","type":"post","link":"https:\/\/mediagroup.mx\/index.php\/2024\/10\/14\/cielo-tejido-ilumina-el-andador-nigromante-en-honor-a-los-bebes-que-partieron-de-forma-inesperada\/","title":{"rendered":"Cielo Tejido ilumina el Andador Nigromante en honor a los beb\u00e9s que partieron de forma inesperada"},"content":{"rendered":"<p>Como parte de las actividades en el marco del D\u00eda Internacional del Duelo Gestacional, Perinatal y Neonatal, el DIF Morelia, que encabeza la Presidenta Honoraria Paola Delgadillo Hern\u00e1ndez, comenz\u00f3 este lunes el montaje del Cielo Tejido en el Andador Nigromante, un s\u00edmbolo de acompa\u00f1amiento y memoria para las familias que han perdido a un beb\u00e9 durante el embarazo o en los primeros d\u00edas de vida.<\/p>\n<p><img loading=\"lazy\" decoding=\"async\" class=\"alignnone size-medium wp-image-57341\" src=\"https:\/\/mediagroup.mx\/wp-content\/uploads\/2024\/10\/IMG-20241014-WA0102-300x200.jpg\" alt=\"\" width=\"300\" height=\"200\" srcset=\"https:\/\/mediagroup.mx\/wp-content\/uploads\/2024\/10\/IMG-20241014-WA0102-300x200.jpg 300w, https:\/\/mediagroup.mx\/wp-content\/uploads\/2024\/10\/IMG-20241014-WA0102-1024x682.jpg 1024w, https:\/\/mediagroup.mx\/wp-content\/uploads\/2024\/10\/IMG-20241014-WA0102-768x512.jpg 768w, https:\/\/mediagroup.mx\/wp-content\/uploads\/2024\/10\/IMG-20241014-WA0102-150x100.jpg 150w, https:\/\/mediagroup.mx\/wp-content\/uploads\/2024\/10\/IMG-20241014-WA0102-696x464.jpg 696w, https:\/\/mediagroup.mx\/wp-content\/uploads\/2024\/10\/IMG-20241014-WA0102-1068x712.jpg 1068w, https:\/\/mediagroup.mx\/wp-content\/uploads\/2024\/10\/IMG-20241014-WA0102.jpg 1280w\" sizes=\"auto, (max-width: 300px) 100vw, 300px\" \/> <img loading=\"lazy\" decoding=\"async\" class=\"alignnone size-medium wp-image-57342\" src=\"https:\/\/mediagroup.mx\/wp-content\/uploads\/2024\/10\/IMG-20241014-WA0101-300x200.jpg\" alt=\"\" width=\"300\" height=\"200\" srcset=\"https:\/\/mediagroup.mx\/wp-content\/uploads\/2024\/10\/IMG-20241014-WA0101-300x200.jpg 300w, https:\/\/mediagroup.mx\/wp-content\/uploads\/2024\/10\/IMG-20241014-WA0101-1024x682.jpg 1024w, https:\/\/mediagroup.mx\/wp-content\/uploads\/2024\/10\/IMG-20241014-WA0101-768x512.jpg 768w, https:\/\/mediagroup.mx\/wp-content\/uploads\/2024\/10\/IMG-20241014-WA0101-150x100.jpg 150w, https:\/\/mediagroup.mx\/wp-content\/uploads\/2024\/10\/IMG-20241014-WA0101-696x464.jpg 696w, https:\/\/mediagroup.mx\/wp-content\/uploads\/2024\/10\/IMG-20241014-WA0101-1068x712.jpg 1068w, https:\/\/mediagroup.mx\/wp-content\/uploads\/2024\/10\/IMG-20241014-WA0101.jpg 1280w\" sizes=\"auto, (max-width: 300px) 100vw, 300px\" \/> <img loading=\"lazy\" decoding=\"async\" class=\"alignnone size-medium wp-image-57343\" src=\"https:\/\/mediagroup.mx\/wp-content\/uploads\/2024\/10\/IMG-20241014-WA0099-300x200.jpg\" alt=\"\" width=\"300\" height=\"200\" srcset=\"https:\/\/mediagroup.mx\/wp-content\/uploads\/2024\/10\/IMG-20241014-WA0099-300x200.jpg 300w, https:\/\/mediagroup.mx\/wp-content\/uploads\/2024\/10\/IMG-20241014-WA0099-1024x682.jpg 1024w, https:\/\/mediagroup.mx\/wp-content\/uploads\/2024\/10\/IMG-20241014-WA0099-768x512.jpg 768w, https:\/\/mediagroup.mx\/wp-content\/uploads\/2024\/10\/IMG-20241014-WA0099-150x100.jpg 150w, https:\/\/mediagroup.mx\/wp-content\/uploads\/2024\/10\/IMG-20241014-WA0099-696x464.jpg 696w, https:\/\/mediagroup.mx\/wp-content\/uploads\/2024\/10\/IMG-20241014-WA0099-1068x712.jpg 1068w, https:\/\/mediagroup.mx\/wp-content\/uploads\/2024\/10\/IMG-20241014-WA0099.jpg 1280w\" sizes=\"auto, (max-width: 300px) 100vw, 300px\" \/> <img loading=\"lazy\" decoding=\"async\" class=\"alignnone size-medium wp-image-57344\" src=\"https:\/\/mediagroup.mx\/wp-content\/uploads\/2024\/10\/IMG-20241014-WA0100-300x200.jpg\" alt=\"\" width=\"300\" height=\"200\" srcset=\"https:\/\/mediagroup.mx\/wp-content\/uploads\/2024\/10\/IMG-20241014-WA0100-300x200.jpg 300w, https:\/\/mediagroup.mx\/wp-content\/uploads\/2024\/10\/IMG-20241014-WA0100-1024x682.jpg 1024w, https:\/\/mediagroup.mx\/wp-content\/uploads\/2024\/10\/IMG-20241014-WA0100-768x512.jpg 768w, https:\/\/mediagroup.mx\/wp-content\/uploads\/2024\/10\/IMG-20241014-WA0100-150x100.jpg 150w, https:\/\/mediagroup.mx\/wp-content\/uploads\/2024\/10\/IMG-20241014-WA0100-696x464.jpg 696w, https:\/\/mediagroup.mx\/wp-content\/uploads\/2024\/10\/IMG-20241014-WA0100-1068x712.jpg 1068w, https:\/\/mediagroup.mx\/wp-content\/uploads\/2024\/10\/IMG-20241014-WA0100.jpg 1280w\" sizes=\"auto, (max-width: 300px) 100vw, 300px\" \/><\/p>\n<p>La obra estar\u00e1 lista a partir de ma\u00f1ana y permanecer\u00e1 en exhibici\u00f3n durante todo el mes de octubre. Con una extensi\u00f3n de 500 metros cuadrados y m\u00e1s de 200 carpetas de crochet, tejidas por la Asociaci\u00f3n Cielo Tejido A.C. de Etzatl\u00e1n, Jalisco, esta creaci\u00f3n simboliza la solidaridad de la comunidad hacia quienes enfrentan este doloroso proceso de duelo.<\/p>\n<p>&nbsp;<\/p>\n<p>El Cielo Tejido visibiliza un duelo que con frecuencia ha sido silenciado, proporcionando un espacio de sanaci\u00f3n y encuentro para las personas que han vivido esta experiencia. La Presidenta del DIF Morelia destac\u00f3 que \u00abEl Cielo Tejido representa un abrazo colectivo, ofreciendo un lugar de respeto y amor para recordar a los beb\u00e9s que partieron de manera inesperada\u00bb.<\/p>\n<p>&nbsp;<\/p>\n<p>Adem\u00e1s de esta instalaci\u00f3n, el programa \u00abHuellas de Luz\u00bb incluye conferencias y talleres impartidos por especialistas en salud mental y tanatolog\u00eda, orientados a fortalecer el acompa\u00f1amiento emocional y brindar herramientas para el manejo del duelo. Para m\u00e1s informaci\u00f3n, el p\u00fablico puede comunicarse al 443 113 4000 o acudir al DIF Morelia.<\/p>\n","protected":false},"excerpt":{"rendered":"<p>Como parte de las actividades en el marco del D\u00eda Internacional del Duelo Gestacional, Perinatal y Neonatal, el DIF Morelia, que encabeza la Presidenta Honoraria Paola Delgadillo Hern\u00e1ndez, comenz\u00f3 este lunes el montaje del Cielo Tejido en el Andador Nigromante, un s\u00edmbolo de acompa\u00f1amiento y memoria para las familias que han perdido a un beb\u00e9 [&hellip;]<\/p>\n","protected":false},"author":2,"featured_media":57344,"comment_status":"closed","ping_status":"closed","sticky":false,"template":"","format":"standard","meta":{"om_disable_all_campaigns":false,"_monsterinsights_skip_tracking":false,"_monsterinsights_sitenote_active":false,"_monsterinsights_sitenote_note":"","_monsterinsights_sitenote_category":0,"_uf_show_specific_survey":0,"_uf_disable_surveys":false,"_jetpack_memberships_contains_paid_content":false,"footnotes":"","jetpack_publicize_message":"Cielo Tejido ilumina el Andador Nigromante en honor a los beb\u00e9s que partieron de forma inesperada\r\n\r\n* Instalaci\u00f3n creada por la Asociaci\u00f3n Cielo Tejido A.C. de Etzatl\u00e1n, Jalisco.\r\n\r\n* Durante el mes de octubre acompa\u00f1ar\u00e1 a las familias en duelo gestacional, perinatal y neonatal.","jetpack_publicize_feature_enabled":true,"jetpack_social_post_already_shared":true,"jetpack_social_options":{"image_generator_settings":{"template":"highway","default_image_id":0,"enabled":false},"version":2}},"categories":[25,17],"tags":[],"class_list":{"0":"post-57340","1":"post","2":"type-post","3":"status-publish","4":"format-standard","5":"has-post-thumbnail","7":"category-cultura","8":"category-morelia"},"aioseo_notices":[],"jetpack_publicize_connections":[],"jetpack_featured_media_url":"https:\/\/mediagroup.mx\/wp-content\/uploads\/2024\/10\/IMG-20241014-WA0100.jpg","jetpack_sharing_enabled":true,"_links":{"self":[{"href":"https:\/\/mediagroup.mx\/index.php\/wp-json\/wp\/v2\/posts\/57340","targetHints":{"allow":["GET"]}}],"collection":[{"href":"https:\/\/mediagroup.mx\/index.php\/wp-json\/wp\/v2\/posts"}],"about":[{"href":"https:\/\/mediagroup.mx\/index.php\/wp-json\/wp\/v2\/types\/post"}],"author":[{"embeddable":true,"href":"https:\/\/mediagroup.mx\/index.php\/wp-json\/wp\/v2\/users\/2"}],"replies":[{"embeddable":true,"href":"https:\/\/mediagroup.mx\/index.php\/wp-json\/wp\/v2\/comments?post=57340"}],"version-history":[{"count":1,"href":"https:\/\/mediagroup.mx\/index.php\/wp-json\/wp\/v2\/posts\/57340\/revisions"}],"predecessor-version":[{"id":57345,"href":"https:\/\/mediagroup.mx\/index.php\/wp-json\/wp\/v2\/posts\/57340\/revisions\/57345"}],"wp:featuredmedia":[{"embeddable":true,"href":"https:\/\/mediagroup.mx\/index.php\/wp-json\/wp\/v2\/media\/57344"}],"wp:attachment":[{"href":"https:\/\/mediagroup.mx\/index.php\/wp-json\/wp\/v2\/media?parent=57340"}],"wp:term":[{"taxonomy":"category","embeddable":true,"href":"https:\/\/mediagroup.mx\/index.php\/wp-json\/wp\/v2\/categories?post=57340"},{"taxonomy":"post_tag","embeddable":true,"href":"https:\/\/mediagroup.mx\/index.php\/wp-json\/wp\/v2\/tags?post=57340"}],"curies":[{"name":"wp","href":"https:\/\/api.w.org\/{rel}","templated":true}]}}