{"id":57348,"date":"2024-10-15T08:55:45","date_gmt":"2024-10-15T14:55:45","guid":{"rendered":"https:\/\/mediagroup.mx\/?p=57348"},"modified":"2024-10-15T08:55:45","modified_gmt":"2024-10-15T14:55:45","slug":"en-tiempo-record-publican-en-el-diario-oficial-ley-secundaria-a-la-reforma-judicial","status":"publish","type":"post","link":"https:\/\/mediagroup.mx\/index.php\/2024\/10\/15\/en-tiempo-record-publican-en-el-diario-oficial-ley-secundaria-a-la-reforma-judicial\/","title":{"rendered":"En tiempo r\u00e9cord, publican en el Diario Oficial ley secundaria a la reforma judicial"},"content":{"rendered":"<p class=\"sc__font-paragraph\">Tras la\u00a0<b>aprobaci\u00f3n\u00a0<\/b>de la Ley General de Instituciones y Procedimientos Electorales, en materia de elecci\u00f3n de personas juzgadoras del\u00a0<b>Poder Judicial de la Federaci\u00f3n\u00a0<\/b>en la C\u00e1mara de Diputados, ya fue promulgada por la presidenta,<b>\u00a0<\/b><a href=\"https:\/\/www.eluniversal.com.mx\/nacion\/que-desquiten-su-salario-con-un-aplauso-claudia-sheinbaum-celebra-que-magistrados-y-jueces-levantaron-paro-de-labores\/\" target=\"_blank\" rel=\"noopener\" data-mrf-link=\"https:\/\/www.eluniversal.com.mx\/nacion\/que-desquiten-su-salario-con-un-aplauso-claudia-sheinbaum-celebra-que-magistrados-y-jueces-levantaron-paro-de-labores\/\"><b>Claudia Sheinbaum<\/b><\/a><b>\u00a0<\/b>y fue publicada en el Diario Oficial de la Federaci\u00f3n (<b>DOF<\/b>).<\/p>\n<p class=\"sc__font-paragraph\">La presidenta de M\u00e9xico, Claudia Sheinbaum Pardo emiti\u00f3 el\u00a0<b>decreto\u00a0<\/b>de dicha ley.<\/p>\n<p>\u201cEn cumplimiento de lo dispuesto por la fracci\u00f3n I del Art\u00edculo 89 de la Constituci\u00f3n Pol\u00edtica de los Estados Unidos Mexicanos, y para su debida publicaci\u00f3n y observancia, expido el presente Decreto en la Residencia del Poder Ejecutivo Federal, en la Ciudad de M\u00e9xico, Claudia Sheinbaum Pardo y la Secretaria de Gobernaci\u00f3n,\u00a0<b>Rosa Icela Rodr\u00edguez Vel\u00e1zquez<\/b>\u201d, destac\u00f3 el documento.<\/p>\n<p>Este martes, en la\u00a0<b>C\u00e1mara Alta\u00a0<\/b>se aprobar\u00e1 la convocatoria para la\u00a0<b>elecci\u00f3n\u00a0<\/b>de jueces, magistrados y ministros.<\/p>\n<p>V\u00eda: El Universal<\/p>\n","protected":false},"excerpt":{"rendered":"<p>Tras la\u00a0aprobaci\u00f3n\u00a0de la Ley General de Instituciones y Procedimientos Electorales, en materia de elecci\u00f3n de personas juzgadoras del\u00a0Poder Judicial de la Federaci\u00f3n\u00a0en la C\u00e1mara de Diputados, ya fue promulgada por la presidenta,\u00a0Claudia Sheinbaum\u00a0y fue publicada en el Diario Oficial de la Federaci\u00f3n (DOF). La presidenta de M\u00e9xico, Claudia Sheinbaum Pardo emiti\u00f3 el\u00a0decreto\u00a0de dicha ley. \u201cEn [&hellip;]<\/p>\n","protected":false},"author":2,"featured_media":57349,"comment_status":"closed","ping_status":"closed","sticky":false,"template":"","format":"standard","meta":{"om_disable_all_campaigns":false,"_monsterinsights_skip_tracking":false,"_monsterinsights_sitenote_active":false,"_monsterinsights_sitenote_note":"","_monsterinsights_sitenote_category":0,"_uf_show_specific_survey":0,"_uf_disable_surveys":false,"_jetpack_memberships_contains_paid_content":false,"footnotes":"","jetpack_publicize_message":"En tiempo r\u00e9cord, publican en el Diario Oficial ley secundaria a la reforma judicial","jetpack_publicize_feature_enabled":true,"jetpack_social_post_already_shared":true,"jetpack_social_options":{"image_generator_settings":{"template":"highway","default_image_id":0,"enabled":false},"version":2}},"categories":[23,16],"tags":[],"class_list":{"0":"post-57348","1":"post","2":"type-post","3":"status-publish","4":"format-standard","5":"has-post-thumbnail","7":"category-nacional","8":"category-viral"},"aioseo_notices":[],"jetpack_publicize_connections":[],"jetpack_featured_media_url":"https:\/\/mediagroup.mx\/wp-content\/uploads\/2024\/10\/YrCH9mtNl5cq7UJg.jpg","jetpack_sharing_enabled":true,"_links":{"self":[{"href":"https:\/\/mediagroup.mx\/index.php\/wp-json\/wp\/v2\/posts\/57348","targetHints":{"allow":["GET"]}}],"collection":[{"href":"https:\/\/mediagroup.mx\/index.php\/wp-json\/wp\/v2\/posts"}],"about":[{"href":"https:\/\/mediagroup.mx\/index.php\/wp-json\/wp\/v2\/types\/post"}],"author":[{"embeddable":true,"href":"https:\/\/mediagroup.mx\/index.php\/wp-json\/wp\/v2\/users\/2"}],"replies":[{"embeddable":true,"href":"https:\/\/mediagroup.mx\/index.php\/wp-json\/wp\/v2\/comments?post=57348"}],"version-history":[{"count":1,"href":"https:\/\/mediagroup.mx\/index.php\/wp-json\/wp\/v2\/posts\/57348\/revisions"}],"predecessor-version":[{"id":57350,"href":"https:\/\/mediagroup.mx\/index.php\/wp-json\/wp\/v2\/posts\/57348\/revisions\/57350"}],"wp:featuredmedia":[{"embeddable":true,"href":"https:\/\/mediagroup.mx\/index.php\/wp-json\/wp\/v2\/media\/57349"}],"wp:attachment":[{"href":"https:\/\/mediagroup.mx\/index.php\/wp-json\/wp\/v2\/media?parent=57348"}],"wp:term":[{"taxonomy":"category","embeddable":true,"href":"https:\/\/mediagroup.mx\/index.php\/wp-json\/wp\/v2\/categories?post=57348"},{"taxonomy":"post_tag","embeddable":true,"href":"https:\/\/mediagroup.mx\/index.php\/wp-json\/wp\/v2\/tags?post=57348"}],"curies":[{"name":"wp","href":"https:\/\/api.w.org\/{rel}","templated":true}]}}