{"id":57729,"date":"2024-10-22T10:55:31","date_gmt":"2024-10-22T16:55:31","guid":{"rendered":"https:\/\/mediagroup.mx\/?p=57729"},"modified":"2024-10-22T10:55:31","modified_gmt":"2024-10-22T16:55:31","slug":"raul-moron-el-mas-fuerte-para-gubernatura-en-michoacan-del-2027","status":"publish","type":"post","link":"https:\/\/mediagroup.mx\/index.php\/2024\/10\/22\/raul-moron-el-mas-fuerte-para-gubernatura-en-michoacan-del-2027\/","title":{"rendered":"Ra\u00fal Mor\u00f3n el m\u00e1s fuerte para gubernatura en Michoac\u00e1n del 2027"},"content":{"rendered":"<p>A poco menos de tres a\u00f1os de que concluya la administraci\u00f3n estatal, ya se filtran posibles nombres de candidatos de MORENA que buscar\u00edan un lugar en la silla mayor de Michoac\u00e1n, destacando por mucho el actual Senador Ra\u00fal Mor\u00f3n Orozco.<\/p>\n<p>De acuerdo con datos de \u201cRUBRUM\u201d, en una encuesta realizada por 1,000 levantamientos v\u00eda telef\u00f3nica de manera autom\u00e1tica y aleatoria, en Michoac\u00e1n un 37.3% de los ciudadanos califican como el mejor candidato de Movimiento de Regeneraci\u00f3n Nacional al profesor Ra\u00fal Mor\u00f3n Orozco, muy por encima del resto de los nombres del listado.<\/p>\n<p>Esta ser\u00eda la oportunidad para Mor\u00f3n de recuperar lo que en alg\u00fan momento se le quit\u00f3 de las manos, en aquellas elecciones del 2021 cuando el Instituto Nacional Electoral (INE) lo baj\u00f3 de la candidatura al gobierno del estado.<\/p>\n<p>La idea de contar con Mor\u00f3n como candidato de MORENA y as\u00ed colocarlo como gobernador de Michoac\u00e1n, la tienen presente los michoacanos, lo dicen los n\u00fameros que si bien son anticipados, muestran la afinidad por quien trabaja de la mano con la Presidenta de la Rep\u00fablica Mexicana, Claudia Sheinbaum Pardo.<\/p>\n<p>En el resto de los resultados de la encuesta apenas con 20.5% aparece en segundo puesto Carlos Torres Pi\u00f1a actual Secretario de gobierno de Michoac\u00e1n y de ah\u00ed le siguen perfiles femeninos como el de la senadora Celeste Ascencio, las diputadas Giulianna Bugarini y Fabiola Alan\u00eds, as\u00ed como Gabriela Molina actual titular de la SEE, Yarab\u00ed \u00c1vila rectora de la UMSNH y Gladys Butanada quien ahora es Secretaria de Desarrollo Urbano y Movilidad.<\/p>\n<p>De esta manera, Ra\u00fal Mor\u00f3n Orozco se perfile como el m\u00e1s fuerte para gubernatura de Michoac\u00e1n del pr\u00f3ximo 2027.<\/p>\n<p><img loading=\"lazy\" decoding=\"async\" class=\"alignnone size-medium wp-image-57730\" src=\"https:\/\/mediagroup.mx\/wp-content\/uploads\/2024\/10\/WhatsApp-Image-2024-10-22-at-10.53.36-300x293.jpeg\" alt=\"\" width=\"300\" height=\"293\" srcset=\"https:\/\/mediagroup.mx\/wp-content\/uploads\/2024\/10\/WhatsApp-Image-2024-10-22-at-10.53.36-300x293.jpeg 300w, https:\/\/mediagroup.mx\/wp-content\/uploads\/2024\/10\/WhatsApp-Image-2024-10-22-at-10.53.36-1024x999.jpeg 1024w, https:\/\/mediagroup.mx\/wp-content\/uploads\/2024\/10\/WhatsApp-Image-2024-10-22-at-10.53.36-768x750.jpeg 768w, https:\/\/mediagroup.mx\/wp-content\/uploads\/2024\/10\/WhatsApp-Image-2024-10-22-at-10.53.36-150x146.jpeg 150w, https:\/\/mediagroup.mx\/wp-content\/uploads\/2024\/10\/WhatsApp-Image-2024-10-22-at-10.53.36-696x679.jpeg 696w, https:\/\/mediagroup.mx\/wp-content\/uploads\/2024\/10\/WhatsApp-Image-2024-10-22-at-10.53.36-1068x1042.jpeg 1068w, https:\/\/mediagroup.mx\/wp-content\/uploads\/2024\/10\/WhatsApp-Image-2024-10-22-at-10.53.36.jpeg 1125w\" sizes=\"auto, (max-width: 300px) 100vw, 300px\" \/><\/p>\n","protected":false},"excerpt":{"rendered":"<p>A poco menos de tres a\u00f1os de que concluya la administraci\u00f3n estatal, ya se filtran posibles nombres de candidatos de MORENA que buscar\u00edan un lugar en la silla mayor de Michoac\u00e1n, destacando por mucho el actual Senador Ra\u00fal Mor\u00f3n Orozco. De acuerdo con datos de \u201cRUBRUM\u201d, en una encuesta realizada por 1,000 levantamientos v\u00eda telef\u00f3nica [&hellip;]<\/p>\n","protected":false},"author":2,"featured_media":57730,"comment_status":"closed","ping_status":"closed","sticky":false,"template":"","format":"standard","meta":{"om_disable_all_campaigns":false,"_monsterinsights_skip_tracking":false,"_monsterinsights_sitenote_active":false,"_monsterinsights_sitenote_note":"","_monsterinsights_sitenote_category":0,"_uf_show_specific_survey":0,"_uf_disable_surveys":false,"_jetpack_memberships_contains_paid_content":false,"footnotes":"","jetpack_publicize_message":"Ra\u00fal Mor\u00f3n el m\u00e1s fuerte para gubernatura en Michoac\u00e1n del 2027","jetpack_publicize_feature_enabled":true,"jetpack_social_post_already_shared":true,"jetpack_social_options":{"image_generator_settings":{"template":"highway","default_image_id":0,"enabled":false},"version":2}},"categories":[15,63],"tags":[],"class_list":{"0":"post-57729","1":"post","2":"type-post","3":"status-publish","4":"format-standard","5":"has-post-thumbnail","7":"category-michoacan","8":"category-politica"},"aioseo_notices":[],"jetpack_publicize_connections":[],"jetpack_featured_media_url":"https:\/\/mediagroup.mx\/wp-content\/uploads\/2024\/10\/WhatsApp-Image-2024-10-22-at-10.53.36.jpeg","jetpack_sharing_enabled":true,"_links":{"self":[{"href":"https:\/\/mediagroup.mx\/index.php\/wp-json\/wp\/v2\/posts\/57729","targetHints":{"allow":["GET"]}}],"collection":[{"href":"https:\/\/mediagroup.mx\/index.php\/wp-json\/wp\/v2\/posts"}],"about":[{"href":"https:\/\/mediagroup.mx\/index.php\/wp-json\/wp\/v2\/types\/post"}],"author":[{"embeddable":true,"href":"https:\/\/mediagroup.mx\/index.php\/wp-json\/wp\/v2\/users\/2"}],"replies":[{"embeddable":true,"href":"https:\/\/mediagroup.mx\/index.php\/wp-json\/wp\/v2\/comments?post=57729"}],"version-history":[{"count":1,"href":"https:\/\/mediagroup.mx\/index.php\/wp-json\/wp\/v2\/posts\/57729\/revisions"}],"predecessor-version":[{"id":57731,"href":"https:\/\/mediagroup.mx\/index.php\/wp-json\/wp\/v2\/posts\/57729\/revisions\/57731"}],"wp:featuredmedia":[{"embeddable":true,"href":"https:\/\/mediagroup.mx\/index.php\/wp-json\/wp\/v2\/media\/57730"}],"wp:attachment":[{"href":"https:\/\/mediagroup.mx\/index.php\/wp-json\/wp\/v2\/media?parent=57729"}],"wp:term":[{"taxonomy":"category","embeddable":true,"href":"https:\/\/mediagroup.mx\/index.php\/wp-json\/wp\/v2\/categories?post=57729"},{"taxonomy":"post_tag","embeddable":true,"href":"https:\/\/mediagroup.mx\/index.php\/wp-json\/wp\/v2\/tags?post=57729"}],"curies":[{"name":"wp","href":"https:\/\/api.w.org\/{rel}","templated":true}]}}