{"id":57736,"date":"2024-10-22T15:18:11","date_gmt":"2024-10-22T21:18:11","guid":{"rendered":"https:\/\/mediagroup.mx\/?p=57736"},"modified":"2024-10-22T15:18:11","modified_gmt":"2024-10-22T21:18:11","slug":"entrega-76-legislatura-la-presea-constitucion-de-1814-a-alma-rosa-bahena","status":"publish","type":"post","link":"https:\/\/mediagroup.mx\/index.php\/2024\/10\/22\/entrega-76-legislatura-la-presea-constitucion-de-1814-a-alma-rosa-bahena\/","title":{"rendered":"Entrega 76 Legislatura la presea \u201cConstituci\u00f3n de 1814\u201d a Alma Rosa Bahena"},"content":{"rendered":"<p>En el marco del 210 Aniversario de la Sanci\u00f3n del Decreto Constitucional para la Libertad de la Am\u00e9rica Mexicana, la 76 Legislatura de Michoac\u00e1n otorg\u00f3 hoy la Presea \u201cConstituci\u00f3n de 1814\u201d, a la ciudadana Alma Rosa Bahena Villalobos.<\/p>\n<p>En Sesi\u00f3n Solemne celebrada en la ciudad de Apatzing\u00e1n, ante la presencia de los titulares de los Poderes Ejecutivo y Judicial, el gobernador Alfredo Ram\u00edrez Bedolla, y Jorge Res\u00e9ndiz, magistrado presidente, respectivamente, las y los diputados conmemoraron as\u00ed el Decreto conformador de la patria nueva.<\/p>\n<p>En este contexto, la condecorada, Alma Rosa Bahena, dijo recibir la presea a nombre de las mujeres an\u00f3nimas de la Independencia, que gracias a sus aportaciones y de las de aquellos hombres solidarios con las causas de las mujeres, han logrado que hoy se tengan reconocidos sus derechos humanos.<\/p>\n<p>Incluidos, dijo, los de corte pol\u00edtico-electoral, gracias a los cuales, M\u00e9xico cuenta actualmente con un n\u00famero equitativo en la mayor\u00eda de los cargos de elecci\u00f3n popular, \u201cincluyendo, desde luego, a su primera Presidenta del pa\u00eds\u201d, refiri\u00f3.<\/p>\n<p>Bahena Villalobos, reconoci\u00f3 a las mujeres que lucharon a la par con los hombres como Jos\u00e9 Mar\u00eda Morelos, para mantener viva la llama del movimiento libertario; mujeres que fungieron como mensajeras, esp\u00edas, aliadas y combatientes, y que al ser capturadas o descubiertas, eran desaparecidas o castigadas con azotes, a vivir en el exilio, violentadas sexualmente o torturadas f\u00edsicamente, previo a ser fusiladas o asesinadas en la horca.<\/p>\n<p>\u201cComo el insurgente Don Jos\u00e9 Mar\u00eda Morelos y Pav\u00f3n, ellas tambi\u00e9n lucharon por darnos un pa\u00eds m\u00e1s justo, equitativo y libre\u201d, subray\u00f3 la actual magistrada presidenta del Tribunal Electoral del Estado de Michoac\u00e1n.<\/p>\n<p>Finalmente, la condecorada dijo que como juzgadora local en materia electoral, esta presea la inspira a refrendar su compromiso con la ciudadan\u00eda michoacana para continuar ampliando y garantizando los derechos pol\u00edticos de los grupos m\u00e1s desaventajados, en pro de las personas de los pueblos y comunidades ind\u00edgenas, de las mujeres en ejercicio de sus derechos pol\u00edticos, de quienes conforman la comunidad de la diversidad sexual y en general, de las y los michoacanos.<\/p>\n<p><img loading=\"lazy\" decoding=\"async\" class=\"alignnone size-medium wp-image-57737\" src=\"https:\/\/mediagroup.mx\/wp-content\/uploads\/2024\/10\/WhatsApp-Image-2024-10-22-at-15.02.13-2-300x206.jpeg\" alt=\"\" width=\"300\" height=\"206\" srcset=\"https:\/\/mediagroup.mx\/wp-content\/uploads\/2024\/10\/WhatsApp-Image-2024-10-22-at-15.02.13-2-300x206.jpeg 300w, https:\/\/mediagroup.mx\/wp-content\/uploads\/2024\/10\/WhatsApp-Image-2024-10-22-at-15.02.13-2-1024x704.jpeg 1024w, https:\/\/mediagroup.mx\/wp-content\/uploads\/2024\/10\/WhatsApp-Image-2024-10-22-at-15.02.13-2-768x528.jpeg 768w, https:\/\/mediagroup.mx\/wp-content\/uploads\/2024\/10\/WhatsApp-Image-2024-10-22-at-15.02.13-2-1536x1056.jpeg 1536w, https:\/\/mediagroup.mx\/wp-content\/uploads\/2024\/10\/WhatsApp-Image-2024-10-22-at-15.02.13-2-150x103.jpeg 150w, https:\/\/mediagroup.mx\/wp-content\/uploads\/2024\/10\/WhatsApp-Image-2024-10-22-at-15.02.13-2-218x150.jpeg 218w, https:\/\/mediagroup.mx\/wp-content\/uploads\/2024\/10\/WhatsApp-Image-2024-10-22-at-15.02.13-2-696x479.jpeg 696w, https:\/\/mediagroup.mx\/wp-content\/uploads\/2024\/10\/WhatsApp-Image-2024-10-22-at-15.02.13-2-1068x734.jpeg 1068w, https:\/\/mediagroup.mx\/wp-content\/uploads\/2024\/10\/WhatsApp-Image-2024-10-22-at-15.02.13-2.jpeg 1600w\" sizes=\"auto, (max-width: 300px) 100vw, 300px\" \/> <img loading=\"lazy\" decoding=\"async\" class=\"alignnone size-medium wp-image-57738\" src=\"https:\/\/mediagroup.mx\/wp-content\/uploads\/2024\/10\/WhatsApp-Image-2024-10-22-at-15.02.13-1-300x200.jpeg\" alt=\"\" width=\"300\" height=\"200\" srcset=\"https:\/\/mediagroup.mx\/wp-content\/uploads\/2024\/10\/WhatsApp-Image-2024-10-22-at-15.02.13-1-300x200.jpeg 300w, https:\/\/mediagroup.mx\/wp-content\/uploads\/2024\/10\/WhatsApp-Image-2024-10-22-at-15.02.13-1-1024x682.jpeg 1024w, https:\/\/mediagroup.mx\/wp-content\/uploads\/2024\/10\/WhatsApp-Image-2024-10-22-at-15.02.13-1-768x512.jpeg 768w, https:\/\/mediagroup.mx\/wp-content\/uploads\/2024\/10\/WhatsApp-Image-2024-10-22-at-15.02.13-1-150x100.jpeg 150w, https:\/\/mediagroup.mx\/wp-content\/uploads\/2024\/10\/WhatsApp-Image-2024-10-22-at-15.02.13-1-696x464.jpeg 696w, https:\/\/mediagroup.mx\/wp-content\/uploads\/2024\/10\/WhatsApp-Image-2024-10-22-at-15.02.13-1-1068x712.jpeg 1068w, https:\/\/mediagroup.mx\/wp-content\/uploads\/2024\/10\/WhatsApp-Image-2024-10-22-at-15.02.13-1.jpeg 1280w\" sizes=\"auto, (max-width: 300px) 100vw, 300px\" \/> <img loading=\"lazy\" decoding=\"async\" class=\"alignnone size-medium wp-image-57739\" src=\"https:\/\/mediagroup.mx\/wp-content\/uploads\/2024\/10\/WhatsApp-Image-2024-10-22-at-15.02.13-300x200.jpeg\" alt=\"\" width=\"300\" height=\"200\" srcset=\"https:\/\/mediagroup.mx\/wp-content\/uploads\/2024\/10\/WhatsApp-Image-2024-10-22-at-15.02.13-300x200.jpeg 300w, https:\/\/mediagroup.mx\/wp-content\/uploads\/2024\/10\/WhatsApp-Image-2024-10-22-at-15.02.13-1024x682.jpeg 1024w, https:\/\/mediagroup.mx\/wp-content\/uploads\/2024\/10\/WhatsApp-Image-2024-10-22-at-15.02.13-768x512.jpeg 768w, https:\/\/mediagroup.mx\/wp-content\/uploads\/2024\/10\/WhatsApp-Image-2024-10-22-at-15.02.13-150x100.jpeg 150w, https:\/\/mediagroup.mx\/wp-content\/uploads\/2024\/10\/WhatsApp-Image-2024-10-22-at-15.02.13-696x464.jpeg 696w, https:\/\/mediagroup.mx\/wp-content\/uploads\/2024\/10\/WhatsApp-Image-2024-10-22-at-15.02.13-1068x712.jpeg 1068w, https:\/\/mediagroup.mx\/wp-content\/uploads\/2024\/10\/WhatsApp-Image-2024-10-22-at-15.02.13.jpeg 1280w\" sizes=\"auto, (max-width: 300px) 100vw, 300px\" \/> <img loading=\"lazy\" decoding=\"async\" class=\"alignnone size-medium wp-image-57740\" src=\"https:\/\/mediagroup.mx\/wp-content\/uploads\/2024\/10\/WhatsApp-Image-2024-10-22-at-15.02.12-300x200.jpeg\" alt=\"\" width=\"300\" height=\"200\" srcset=\"https:\/\/mediagroup.mx\/wp-content\/uploads\/2024\/10\/WhatsApp-Image-2024-10-22-at-15.02.12-300x200.jpeg 300w, https:\/\/mediagroup.mx\/wp-content\/uploads\/2024\/10\/WhatsApp-Image-2024-10-22-at-15.02.12-1024x682.jpeg 1024w, https:\/\/mediagroup.mx\/wp-content\/uploads\/2024\/10\/WhatsApp-Image-2024-10-22-at-15.02.12-768x512.jpeg 768w, https:\/\/mediagroup.mx\/wp-content\/uploads\/2024\/10\/WhatsApp-Image-2024-10-22-at-15.02.12-1536x1023.jpeg 1536w, https:\/\/mediagroup.mx\/wp-content\/uploads\/2024\/10\/WhatsApp-Image-2024-10-22-at-15.02.12-150x100.jpeg 150w, https:\/\/mediagroup.mx\/wp-content\/uploads\/2024\/10\/WhatsApp-Image-2024-10-22-at-15.02.12-696x464.jpeg 696w, https:\/\/mediagroup.mx\/wp-content\/uploads\/2024\/10\/WhatsApp-Image-2024-10-22-at-15.02.12-1068x712.jpeg 1068w, https:\/\/mediagroup.mx\/wp-content\/uploads\/2024\/10\/WhatsApp-Image-2024-10-22-at-15.02.12.jpeg 1600w\" sizes=\"auto, (max-width: 300px) 100vw, 300px\" \/>E<\/p>\n","protected":false},"excerpt":{"rendered":"<p>En el marco del 210 Aniversario de la Sanci\u00f3n del Decreto Constitucional para la Libertad de la Am\u00e9rica Mexicana, la 76 Legislatura de Michoac\u00e1n otorg\u00f3 hoy la Presea \u201cConstituci\u00f3n de 1814\u201d, a la ciudadana Alma Rosa Bahena Villalobos. En Sesi\u00f3n Solemne celebrada en la ciudad de Apatzing\u00e1n, ante la presencia de los titulares de los [&hellip;]<\/p>\n","protected":false},"author":2,"featured_media":57741,"comment_status":"closed","ping_status":"closed","sticky":false,"template":"","format":"standard","meta":{"om_disable_all_campaigns":false,"_monsterinsights_skip_tracking":false,"_monsterinsights_sitenote_active":false,"_monsterinsights_sitenote_note":"","_monsterinsights_sitenote_category":0,"_uf_show_specific_survey":0,"_uf_disable_surveys":false,"_jetpack_memberships_contains_paid_content":false,"footnotes":"","jetpack_publicize_message":"Entrega 76 Legislatura la presea \u201cConstituci\u00f3n de 1814\u201d a Alma Rosa Bahena\r\n\r\n* Dijo recibirla a nombre de las mujeres an\u00f3nimas de la Independencia.","jetpack_publicize_feature_enabled":true,"jetpack_social_post_already_shared":true,"jetpack_social_options":{"image_generator_settings":{"template":"highway","default_image_id":0,"enabled":false},"version":2}},"categories":[15,63],"tags":[],"class_list":{"0":"post-57736","1":"post","2":"type-post","3":"status-publish","4":"format-standard","5":"has-post-thumbnail","7":"category-michoacan","8":"category-politica"},"aioseo_notices":[],"jetpack_publicize_connections":[],"jetpack_featured_media_url":"https:\/\/mediagroup.mx\/wp-content\/uploads\/2024\/10\/WhatsApp-Image-2024-10-22-at-15.02.12-1.jpeg","jetpack_sharing_enabled":true,"_links":{"self":[{"href":"https:\/\/mediagroup.mx\/index.php\/wp-json\/wp\/v2\/posts\/57736","targetHints":{"allow":["GET"]}}],"collection":[{"href":"https:\/\/mediagroup.mx\/index.php\/wp-json\/wp\/v2\/posts"}],"about":[{"href":"https:\/\/mediagroup.mx\/index.php\/wp-json\/wp\/v2\/types\/post"}],"author":[{"embeddable":true,"href":"https:\/\/mediagroup.mx\/index.php\/wp-json\/wp\/v2\/users\/2"}],"replies":[{"embeddable":true,"href":"https:\/\/mediagroup.mx\/index.php\/wp-json\/wp\/v2\/comments?post=57736"}],"version-history":[{"count":1,"href":"https:\/\/mediagroup.mx\/index.php\/wp-json\/wp\/v2\/posts\/57736\/revisions"}],"predecessor-version":[{"id":57742,"href":"https:\/\/mediagroup.mx\/index.php\/wp-json\/wp\/v2\/posts\/57736\/revisions\/57742"}],"wp:featuredmedia":[{"embeddable":true,"href":"https:\/\/mediagroup.mx\/index.php\/wp-json\/wp\/v2\/media\/57741"}],"wp:attachment":[{"href":"https:\/\/mediagroup.mx\/index.php\/wp-json\/wp\/v2\/media?parent=57736"}],"wp:term":[{"taxonomy":"category","embeddable":true,"href":"https:\/\/mediagroup.mx\/index.php\/wp-json\/wp\/v2\/categories?post=57736"},{"taxonomy":"post_tag","embeddable":true,"href":"https:\/\/mediagroup.mx\/index.php\/wp-json\/wp\/v2\/tags?post=57736"}],"curies":[{"name":"wp","href":"https:\/\/api.w.org\/{rel}","templated":true}]}}