{"id":57752,"date":"2024-10-22T10:16:28","date_gmt":"2024-10-22T16:16:28","guid":{"rendered":"https:\/\/mediagroup.mx\/?p=57752"},"modified":"2024-10-23T10:18:44","modified_gmt":"2024-10-23T16:18:44","slug":"umsnh-hace-honor-a-los-sentimientos-de-la-nacion-del-generalisimo-morelos-nicolaitas-participan-en-el-desfile-de-apatzingan","status":"publish","type":"post","link":"https:\/\/mediagroup.mx\/index.php\/2024\/10\/22\/umsnh-hace-honor-a-los-sentimientos-de-la-nacion-del-generalisimo-morelos-nicolaitas-participan-en-el-desfile-de-apatzingan\/","title":{"rendered":"UMSNH hace honor a los \u201cSentimientos de la Naci\u00f3n\u201d del General\u00edsimo Morelos; nicolaitas participan en el desfile de Apatzing\u00e1n"},"content":{"rendered":"<p>La Universidad Michoacana de San Nicol\u00e1s de Hidalgo (UMSNH) hace honor a los \u201cSentimientos de la Naci\u00f3n\u201d del c\u00e9lebre nicolaita, el General\u00edsimo don Jos\u00e9 Mar\u00eda Morelos y Pav\u00f3n, al participar en el desfile c\u00edvico-militar con motivo del CCX Aniversario de la Promulgaci\u00f3n de la Constituci\u00f3n de Apatzing\u00e1n.<\/p>\n<p>Previamente, el gobernador Alfredo Ram\u00edrez Bedolla, el presidente del Supremo Tribunal de Justicia del Estado, Jorge Res\u00e9ndiz Garc\u00eda, la rectora Yarab\u00ed \u00c1vila Gonz\u00e1lez, as\u00ed como la presidenta municipal de Apatzing\u00e1n, Fanny Arreola Pichardo, asistieron a la sesi\u00f3n solemne del Congreso del Estado, en donde se entreg\u00f3 la Presea \u201cConstituci\u00f3n de 1814\u201d a la magistrada del Tribunal Electoral de Michoac\u00e1n (TEEM), Alma Rosa Bahena Villalobos.<\/p>\n<p>Al t\u00e9rmino de la sesi\u00f3n por el CCX Aniversario de la Sanci\u00f3n del Decreto Constitucional para la Libertad de la Am\u00e9rica Mexicana, se llev\u00f3 a cabo el tradicional desfile c\u00edvico-militar de dicho municipio, en donde las y los universitarios portaron con orgullo los estandartes de la UMSNH, recordando al ilustre nicolaita, don Jos\u00e9 Mar\u00eda Morelos y Pav\u00f3n.<\/p>\n<p>Los apatzinguenses recibieron con gran j\u00fabilo a la Escola y a la condecorada Banda de Guerra, as\u00ed como al contingente de la M\u00e1xima Casa de Estudios, en el que hubo presencia de representantes de las dependencias ubicadas en Morelia, de la Facultad de Ciencias Agropecuarias y de la Escuela de Enfermer\u00eda de Apatzing\u00e1n, quienes a una sola voz entonaban el \u00a1P\u00eds p\u00e1s!, ovacionadas y ovacionados durante el recorrido.<\/p>\n<p><img loading=\"lazy\" decoding=\"async\" class=\"alignnone size-medium wp-image-57753\" src=\"https:\/\/mediagroup.mx\/wp-content\/uploads\/2024\/10\/WhatsApp-Image-2024-10-22-at-17.00.36-2-300x219.jpeg\" alt=\"\" width=\"300\" height=\"219\" srcset=\"https:\/\/mediagroup.mx\/wp-content\/uploads\/2024\/10\/WhatsApp-Image-2024-10-22-at-17.00.36-2-300x219.jpeg 300w, https:\/\/mediagroup.mx\/wp-content\/uploads\/2024\/10\/WhatsApp-Image-2024-10-22-at-17.00.36-2-1024x747.jpeg 1024w, https:\/\/mediagroup.mx\/wp-content\/uploads\/2024\/10\/WhatsApp-Image-2024-10-22-at-17.00.36-2-768x560.jpeg 768w, https:\/\/mediagroup.mx\/wp-content\/uploads\/2024\/10\/WhatsApp-Image-2024-10-22-at-17.00.36-2-1536x1120.jpeg 1536w, https:\/\/mediagroup.mx\/wp-content\/uploads\/2024\/10\/WhatsApp-Image-2024-10-22-at-17.00.36-2-2048x1493.jpeg 2048w, https:\/\/mediagroup.mx\/wp-content\/uploads\/2024\/10\/WhatsApp-Image-2024-10-22-at-17.00.36-2-150x109.jpeg 150w, https:\/\/mediagroup.mx\/wp-content\/uploads\/2024\/10\/WhatsApp-Image-2024-10-22-at-17.00.36-2-696x507.jpeg 696w, https:\/\/mediagroup.mx\/wp-content\/uploads\/2024\/10\/WhatsApp-Image-2024-10-22-at-17.00.36-2-1068x779.jpeg 1068w, https:\/\/mediagroup.mx\/wp-content\/uploads\/2024\/10\/WhatsApp-Image-2024-10-22-at-17.00.36-2-1920x1400.jpeg 1920w\" sizes=\"auto, (max-width: 300px) 100vw, 300px\" \/> <img loading=\"lazy\" decoding=\"async\" class=\"alignnone size-medium wp-image-57754\" src=\"https:\/\/mediagroup.mx\/wp-content\/uploads\/2024\/10\/WhatsApp-Image-2024-10-22-at-17.00.37-1-300x200.jpeg\" alt=\"\" width=\"300\" height=\"200\" srcset=\"https:\/\/mediagroup.mx\/wp-content\/uploads\/2024\/10\/WhatsApp-Image-2024-10-22-at-17.00.37-1-300x200.jpeg 300w, https:\/\/mediagroup.mx\/wp-content\/uploads\/2024\/10\/WhatsApp-Image-2024-10-22-at-17.00.37-1-1024x683.jpeg 1024w, https:\/\/mediagroup.mx\/wp-content\/uploads\/2024\/10\/WhatsApp-Image-2024-10-22-at-17.00.37-1-768x512.jpeg 768w, https:\/\/mediagroup.mx\/wp-content\/uploads\/2024\/10\/WhatsApp-Image-2024-10-22-at-17.00.37-1-1536x1024.jpeg 1536w, https:\/\/mediagroup.mx\/wp-content\/uploads\/2024\/10\/WhatsApp-Image-2024-10-22-at-17.00.37-1-2048x1365.jpeg 2048w, https:\/\/mediagroup.mx\/wp-content\/uploads\/2024\/10\/WhatsApp-Image-2024-10-22-at-17.00.37-1-150x100.jpeg 150w, https:\/\/mediagroup.mx\/wp-content\/uploads\/2024\/10\/WhatsApp-Image-2024-10-22-at-17.00.37-1-696x464.jpeg 696w, https:\/\/mediagroup.mx\/wp-content\/uploads\/2024\/10\/WhatsApp-Image-2024-10-22-at-17.00.37-1-1068x712.jpeg 1068w, https:\/\/mediagroup.mx\/wp-content\/uploads\/2024\/10\/WhatsApp-Image-2024-10-22-at-17.00.37-1-1920x1280.jpeg 1920w\" sizes=\"auto, (max-width: 300px) 100vw, 300px\" \/> <img loading=\"lazy\" decoding=\"async\" class=\"alignnone size-medium wp-image-57755\" src=\"https:\/\/mediagroup.mx\/wp-content\/uploads\/2024\/10\/WhatsApp-Image-2024-10-22-at-17.00.37-300x168.jpeg\" alt=\"\" width=\"300\" height=\"168\" srcset=\"https:\/\/mediagroup.mx\/wp-content\/uploads\/2024\/10\/WhatsApp-Image-2024-10-22-at-17.00.37-300x168.jpeg 300w, https:\/\/mediagroup.mx\/wp-content\/uploads\/2024\/10\/WhatsApp-Image-2024-10-22-at-17.00.37-1024x575.jpeg 1024w, https:\/\/mediagroup.mx\/wp-content\/uploads\/2024\/10\/WhatsApp-Image-2024-10-22-at-17.00.37-768x431.jpeg 768w, https:\/\/mediagroup.mx\/wp-content\/uploads\/2024\/10\/WhatsApp-Image-2024-10-22-at-17.00.37-1536x862.jpeg 1536w, https:\/\/mediagroup.mx\/wp-content\/uploads\/2024\/10\/WhatsApp-Image-2024-10-22-at-17.00.37-2048x1150.jpeg 2048w, https:\/\/mediagroup.mx\/wp-content\/uploads\/2024\/10\/WhatsApp-Image-2024-10-22-at-17.00.37-150x84.jpeg 150w, https:\/\/mediagroup.mx\/wp-content\/uploads\/2024\/10\/WhatsApp-Image-2024-10-22-at-17.00.37-696x391.jpeg 696w, https:\/\/mediagroup.mx\/wp-content\/uploads\/2024\/10\/WhatsApp-Image-2024-10-22-at-17.00.37-1068x599.jpeg 1068w, https:\/\/mediagroup.mx\/wp-content\/uploads\/2024\/10\/WhatsApp-Image-2024-10-22-at-17.00.37-1920x1078.jpeg 1920w\" sizes=\"auto, (max-width: 300px) 100vw, 300px\" \/> <img loading=\"lazy\" decoding=\"async\" class=\"alignnone size-medium wp-image-57756\" src=\"https:\/\/mediagroup.mx\/wp-content\/uploads\/2024\/10\/WhatsApp-Image-2024-10-22-at-17.00.36-1-300x200.jpeg\" alt=\"\" width=\"300\" height=\"200\" srcset=\"https:\/\/mediagroup.mx\/wp-content\/uploads\/2024\/10\/WhatsApp-Image-2024-10-22-at-17.00.36-1-300x200.jpeg 300w, https:\/\/mediagroup.mx\/wp-content\/uploads\/2024\/10\/WhatsApp-Image-2024-10-22-at-17.00.36-1-1024x683.jpeg 1024w, https:\/\/mediagroup.mx\/wp-content\/uploads\/2024\/10\/WhatsApp-Image-2024-10-22-at-17.00.36-1-768x512.jpeg 768w, https:\/\/mediagroup.mx\/wp-content\/uploads\/2024\/10\/WhatsApp-Image-2024-10-22-at-17.00.36-1-1536x1024.jpeg 1536w, https:\/\/mediagroup.mx\/wp-content\/uploads\/2024\/10\/WhatsApp-Image-2024-10-22-at-17.00.36-1-2048x1365.jpeg 2048w, https:\/\/mediagroup.mx\/wp-content\/uploads\/2024\/10\/WhatsApp-Image-2024-10-22-at-17.00.36-1-150x100.jpeg 150w, https:\/\/mediagroup.mx\/wp-content\/uploads\/2024\/10\/WhatsApp-Image-2024-10-22-at-17.00.36-1-696x464.jpeg 696w, https:\/\/mediagroup.mx\/wp-content\/uploads\/2024\/10\/WhatsApp-Image-2024-10-22-at-17.00.36-1-1068x712.jpeg 1068w, https:\/\/mediagroup.mx\/wp-content\/uploads\/2024\/10\/WhatsApp-Image-2024-10-22-at-17.00.36-1-1920x1280.jpeg 1920w\" sizes=\"auto, (max-width: 300px) 100vw, 300px\" \/> <img loading=\"lazy\" decoding=\"async\" class=\"alignnone size-medium wp-image-57757\" src=\"https:\/\/mediagroup.mx\/wp-content\/uploads\/2024\/10\/WhatsApp-Image-2024-10-22-at-17.00.36-300x232.jpeg\" alt=\"\" width=\"300\" height=\"232\" srcset=\"https:\/\/mediagroup.mx\/wp-content\/uploads\/2024\/10\/WhatsApp-Image-2024-10-22-at-17.00.36-300x232.jpeg 300w, https:\/\/mediagroup.mx\/wp-content\/uploads\/2024\/10\/WhatsApp-Image-2024-10-22-at-17.00.36-1024x790.jpeg 1024w, https:\/\/mediagroup.mx\/wp-content\/uploads\/2024\/10\/WhatsApp-Image-2024-10-22-at-17.00.36-768x593.jpeg 768w, https:\/\/mediagroup.mx\/wp-content\/uploads\/2024\/10\/WhatsApp-Image-2024-10-22-at-17.00.36-1536x1186.jpeg 1536w, https:\/\/mediagroup.mx\/wp-content\/uploads\/2024\/10\/WhatsApp-Image-2024-10-22-at-17.00.36-2048x1581.jpeg 2048w, https:\/\/mediagroup.mx\/wp-content\/uploads\/2024\/10\/WhatsApp-Image-2024-10-22-at-17.00.36-150x116.jpeg 150w, https:\/\/mediagroup.mx\/wp-content\/uploads\/2024\/10\/WhatsApp-Image-2024-10-22-at-17.00.36-696x537.jpeg 696w, https:\/\/mediagroup.mx\/wp-content\/uploads\/2024\/10\/WhatsApp-Image-2024-10-22-at-17.00.36-1068x824.jpeg 1068w, https:\/\/mediagroup.mx\/wp-content\/uploads\/2024\/10\/WhatsApp-Image-2024-10-22-at-17.00.36-1920x1482.jpeg 1920w\" sizes=\"auto, (max-width: 300px) 100vw, 300px\" \/><\/p>\n","protected":false},"excerpt":{"rendered":"<p>La Universidad Michoacana de San Nicol\u00e1s de Hidalgo (UMSNH) hace honor a los \u201cSentimientos de la Naci\u00f3n\u201d del c\u00e9lebre nicolaita, el General\u00edsimo don Jos\u00e9 Mar\u00eda Morelos y Pav\u00f3n, al participar en el desfile c\u00edvico-militar con motivo del CCX Aniversario de la Promulgaci\u00f3n de la Constituci\u00f3n de Apatzing\u00e1n. Previamente, el gobernador Alfredo Ram\u00edrez Bedolla, el presidente [&hellip;]<\/p>\n","protected":false},"author":2,"featured_media":57756,"comment_status":"closed","ping_status":"closed","sticky":false,"template":"","format":"standard","meta":{"om_disable_all_campaigns":false,"_monsterinsights_skip_tracking":false,"_monsterinsights_sitenote_active":false,"_monsterinsights_sitenote_note":"","_monsterinsights_sitenote_category":0,"_uf_show_specific_survey":0,"_uf_disable_surveys":false,"_jetpack_memberships_contains_paid_content":false,"footnotes":"","jetpack_publicize_message":"UMSNH hace honor a los \u201cSentimientos de la Naci\u00f3n\u201d del General\u00edsimo Morelos; nicolaitas participan en el desfile de Apatzing\u00e1n\r\n\r\n* El gobernador Alfredo Ram\u00edrez Bedolla y la rectora Yarab\u00ed \u00c1vila asistieron a la sesi\u00f3n solemne del Congreso del Estado por el CCX Aniversario de la Sanci\u00f3n del Decreto Constitucional para la Libertad de la Am\u00e9rica Mexicana.","jetpack_publicize_feature_enabled":true,"jetpack_social_post_already_shared":true,"jetpack_social_options":{"image_generator_settings":{"template":"highway","default_image_id":0,"enabled":false},"version":2}},"categories":[22],"tags":[],"class_list":{"0":"post-57752","1":"post","2":"type-post","3":"status-publish","4":"format-standard","5":"has-post-thumbnail","7":"category-educacion"},"aioseo_notices":[],"jetpack_publicize_connections":[],"jetpack_featured_media_url":"https:\/\/mediagroup.mx\/wp-content\/uploads\/2024\/10\/WhatsApp-Image-2024-10-22-at-17.00.36-1-scaled.jpeg","jetpack_sharing_enabled":true,"_links":{"self":[{"href":"https:\/\/mediagroup.mx\/index.php\/wp-json\/wp\/v2\/posts\/57752","targetHints":{"allow":["GET"]}}],"collection":[{"href":"https:\/\/mediagroup.mx\/index.php\/wp-json\/wp\/v2\/posts"}],"about":[{"href":"https:\/\/mediagroup.mx\/index.php\/wp-json\/wp\/v2\/types\/post"}],"author":[{"embeddable":true,"href":"https:\/\/mediagroup.mx\/index.php\/wp-json\/wp\/v2\/users\/2"}],"replies":[{"embeddable":true,"href":"https:\/\/mediagroup.mx\/index.php\/wp-json\/wp\/v2\/comments?post=57752"}],"version-history":[{"count":2,"href":"https:\/\/mediagroup.mx\/index.php\/wp-json\/wp\/v2\/posts\/57752\/revisions"}],"predecessor-version":[{"id":57759,"href":"https:\/\/mediagroup.mx\/index.php\/wp-json\/wp\/v2\/posts\/57752\/revisions\/57759"}],"wp:featuredmedia":[{"embeddable":true,"href":"https:\/\/mediagroup.mx\/index.php\/wp-json\/wp\/v2\/media\/57756"}],"wp:attachment":[{"href":"https:\/\/mediagroup.mx\/index.php\/wp-json\/wp\/v2\/media?parent=57752"}],"wp:term":[{"taxonomy":"category","embeddable":true,"href":"https:\/\/mediagroup.mx\/index.php\/wp-json\/wp\/v2\/categories?post=57752"},{"taxonomy":"post_tag","embeddable":true,"href":"https:\/\/mediagroup.mx\/index.php\/wp-json\/wp\/v2\/tags?post=57752"}],"curies":[{"name":"wp","href":"https:\/\/api.w.org\/{rel}","templated":true}]}}