{"id":57768,"date":"2024-10-23T15:32:07","date_gmt":"2024-10-23T21:32:07","guid":{"rendered":"https:\/\/mediagroup.mx\/?p=57768"},"modified":"2024-10-23T15:32:07","modified_gmt":"2024-10-23T21:32:07","slug":"inicia-cedh-queja-de-oficio-al-ayuntamiento-de-tzintzuntzan","status":"publish","type":"post","link":"https:\/\/mediagroup.mx\/index.php\/2024\/10\/23\/inicia-cedh-queja-de-oficio-al-ayuntamiento-de-tzintzuntzan\/","title":{"rendered":"Inicia CEDH queja de oficio al ayuntamiento de Tzintzuntzan"},"content":{"rendered":"<p>La comisi\u00f3n estatal de derechos humanos, inicio una queja de oficio contra el Ayuntamiento de Tzintzuntzan luego de que \u00e9ste, anunciara en su p\u00e1gina oficial \u201cel retiro\u201d de animales de la v\u00eda p\u00fablica, ante la proximidad de la conmemoraci\u00f3n de la Noche de Muertos.<br \/>\nEn un mensaje publicado a trav\u00e9s de las redes sociales, el gobierno de ese municipio inform\u00f3 a los habitantes a tomar medidas y proteger a sus mascotas. Destacaron \u201ces fundamental que recojan a los animales que se encuentran en la calle o que les coloquen un collar con su nombre y n\u00famero de contacto\u201d.<\/p>\n<p>Por lo anterior, la Visitadur\u00eda Regional de Uruapan, inici\u00f3 la queja de oficio que da paso a la investigaci\u00f3n CEDH\/15764\/2024-ACT, contra del Ayuntamiento de Tzintzuntzan, por probable ejercicio indebido de la funci\u00f3n p\u00fablica. Cabe mencionar que el citado Ayuntamiento no cuenta con centro de atenci\u00f3n animal.<\/p>\n","protected":false},"excerpt":{"rendered":"<p>La comisi\u00f3n estatal de derechos humanos, inicio una queja de oficio contra el Ayuntamiento de Tzintzuntzan luego de que \u00e9ste, anunciara en su p\u00e1gina oficial \u201cel retiro\u201d de animales de la v\u00eda p\u00fablica, ante la proximidad de la conmemoraci\u00f3n de la Noche de Muertos. En un mensaje publicado a trav\u00e9s de las redes sociales, el [&hellip;]<\/p>\n","protected":false},"author":2,"featured_media":57769,"comment_status":"closed","ping_status":"closed","sticky":false,"template":"","format":"standard","meta":{"om_disable_all_campaigns":false,"_monsterinsights_skip_tracking":false,"_monsterinsights_sitenote_active":false,"_monsterinsights_sitenote_note":"","_monsterinsights_sitenote_category":0,"_uf_show_specific_survey":0,"_uf_disable_surveys":false,"_jetpack_memberships_contains_paid_content":false,"footnotes":"","jetpack_publicize_message":"Inicia CEDH queja de oficio al ayuntamiento de Tzintzuntzan","jetpack_publicize_feature_enabled":true,"jetpack_social_post_already_shared":true,"jetpack_social_options":{"image_generator_settings":{"template":"highway","default_image_id":0,"enabled":false},"version":2}},"categories":[15],"tags":[],"class_list":{"0":"post-57768","1":"post","2":"type-post","3":"status-publish","4":"format-standard","5":"has-post-thumbnail","7":"category-michoacan"},"aioseo_notices":[],"jetpack_publicize_connections":[],"jetpack_featured_media_url":"https:\/\/mediagroup.mx\/wp-content\/uploads\/2024\/10\/WhatsApp-Image-2024-10-23-at-11.44.29-AM.jpeg","jetpack_sharing_enabled":true,"_links":{"self":[{"href":"https:\/\/mediagroup.mx\/index.php\/wp-json\/wp\/v2\/posts\/57768","targetHints":{"allow":["GET"]}}],"collection":[{"href":"https:\/\/mediagroup.mx\/index.php\/wp-json\/wp\/v2\/posts"}],"about":[{"href":"https:\/\/mediagroup.mx\/index.php\/wp-json\/wp\/v2\/types\/post"}],"author":[{"embeddable":true,"href":"https:\/\/mediagroup.mx\/index.php\/wp-json\/wp\/v2\/users\/2"}],"replies":[{"embeddable":true,"href":"https:\/\/mediagroup.mx\/index.php\/wp-json\/wp\/v2\/comments?post=57768"}],"version-history":[{"count":1,"href":"https:\/\/mediagroup.mx\/index.php\/wp-json\/wp\/v2\/posts\/57768\/revisions"}],"predecessor-version":[{"id":57770,"href":"https:\/\/mediagroup.mx\/index.php\/wp-json\/wp\/v2\/posts\/57768\/revisions\/57770"}],"wp:featuredmedia":[{"embeddable":true,"href":"https:\/\/mediagroup.mx\/index.php\/wp-json\/wp\/v2\/media\/57769"}],"wp:attachment":[{"href":"https:\/\/mediagroup.mx\/index.php\/wp-json\/wp\/v2\/media?parent=57768"}],"wp:term":[{"taxonomy":"category","embeddable":true,"href":"https:\/\/mediagroup.mx\/index.php\/wp-json\/wp\/v2\/categories?post=57768"},{"taxonomy":"post_tag","embeddable":true,"href":"https:\/\/mediagroup.mx\/index.php\/wp-json\/wp\/v2\/tags?post=57768"}],"curies":[{"name":"wp","href":"https:\/\/api.w.org\/{rel}","templated":true}]}}