{"id":57774,"date":"2024-10-23T15:37:48","date_gmt":"2024-10-23T21:37:48","guid":{"rendered":"https:\/\/mediagroup.mx\/?p=57774"},"modified":"2024-10-23T15:37:48","modified_gmt":"2024-10-23T21:37:48","slug":"sube-a-tres-el-numero-de-fallecidos-tras-volcadura-de-camion-de-la-guardia-nacional","status":"publish","type":"post","link":"https:\/\/mediagroup.mx\/index.php\/2024\/10\/23\/sube-a-tres-el-numero-de-fallecidos-tras-volcadura-de-camion-de-la-guardia-nacional\/","title":{"rendered":"Sube a tres el n\u00famero de fallecidos tras volcadura de cami\u00f3n de la Guardia Nacional"},"content":{"rendered":"<p>Suman tres oficiales de la Guardia Nacional fallecidos tras un tr\u00e1gico accidente ocurrido en la autopista M\u00e9xico &#8211; Guadalajara, donde un cami\u00f3n tipo \u201cMercedes\u201d volc\u00f3, en el sitio murieron dos de los uniformados, otro m\u00e1s en un hospital y hay 19 lesionados.<\/p>\n<p>El suceso fue minutos antes del mediod\u00eda de este mi\u00e9rcoles, en el kil\u00f3metro 344 del tramo Ecuandureo &#8211; Panind\u00edcuaro, hasta donde se movilizaron param\u00e9dicos de SysMedic, Rescate y Protecci\u00f3n Civil de Zamora, Protecci\u00f3n Civil Ecuandureo, Tlazazalca, Churintzio, Zin\u00e1paro, Tanganc\u00edcuaro, as\u00ed como de Villa Jim\u00e9nez, al igual que elementos de la Guardia Civil, Guardia Nacional y Sedena.<\/p>\n<p>En el lugar se confirm\u00f3 la muerte de dos oficiales, mientras otros 20 agentes fueron canalizados a distintos hospitales de Zamora, donde lamentablemente muri\u00f3 uno de los pacientes. De los sobrevivientes tres se reportan graves.<\/p>\n<p>La circulaci\u00f3n quedo cerrada por varias horas, mientras el personal de la Fiscal\u00eda Regional de Justicia de La Piedad se hizo cargo de las diligencias de ley, as\u00ed como del levantamiento de los cuerpos.<\/p>\n<p>Para evitar la contaminaci\u00f3n de indicios y prevenir otros accidentes, el \u00e1rea fue acordonada por la polic\u00eda. La investigaci\u00f3n sobre las causas del accidente est\u00e1 en curso, as\u00ed lo subrayaron mandos policiales que llegaron al sitio para atender el hecho.<\/p>\n","protected":false},"excerpt":{"rendered":"<p>Suman tres oficiales de la Guardia Nacional fallecidos tras un tr\u00e1gico accidente ocurrido en la autopista M\u00e9xico &#8211; Guadalajara, donde un cami\u00f3n tipo \u201cMercedes\u201d volc\u00f3, en el sitio murieron dos de los uniformados, otro m\u00e1s en un hospital y hay 19 lesionados. El suceso fue minutos antes del mediod\u00eda de este mi\u00e9rcoles, en el kil\u00f3metro [&hellip;]<\/p>\n","protected":false},"author":2,"featured_media":57775,"comment_status":"closed","ping_status":"closed","sticky":false,"template":"","format":"standard","meta":{"om_disable_all_campaigns":false,"_monsterinsights_skip_tracking":false,"_monsterinsights_sitenote_active":false,"_monsterinsights_sitenote_note":"","_monsterinsights_sitenote_category":0,"_uf_show_specific_survey":0,"_uf_disable_surveys":false,"_jetpack_memberships_contains_paid_content":false,"footnotes":"","jetpack_publicize_message":"Sube a tres el n\u00famero de fallecidos tras volcadura de cami\u00f3n de la Guardia Nacional","jetpack_publicize_feature_enabled":true,"jetpack_social_post_already_shared":true,"jetpack_social_options":{"image_generator_settings":{"template":"highway","default_image_id":0,"enabled":false},"version":2}},"categories":[24],"tags":[],"class_list":{"0":"post-57774","1":"post","2":"type-post","3":"status-publish","4":"format-standard","5":"has-post-thumbnail","7":"category-seguridad"},"aioseo_notices":[],"jetpack_publicize_connections":[],"jetpack_featured_media_url":"https:\/\/mediagroup.mx\/wp-content\/uploads\/2024\/10\/WhatsApp-Image-2024-10-23-at-3.06.06-PM-scaled.jpeg","jetpack_sharing_enabled":true,"_links":{"self":[{"href":"https:\/\/mediagroup.mx\/index.php\/wp-json\/wp\/v2\/posts\/57774","targetHints":{"allow":["GET"]}}],"collection":[{"href":"https:\/\/mediagroup.mx\/index.php\/wp-json\/wp\/v2\/posts"}],"about":[{"href":"https:\/\/mediagroup.mx\/index.php\/wp-json\/wp\/v2\/types\/post"}],"author":[{"embeddable":true,"href":"https:\/\/mediagroup.mx\/index.php\/wp-json\/wp\/v2\/users\/2"}],"replies":[{"embeddable":true,"href":"https:\/\/mediagroup.mx\/index.php\/wp-json\/wp\/v2\/comments?post=57774"}],"version-history":[{"count":1,"href":"https:\/\/mediagroup.mx\/index.php\/wp-json\/wp\/v2\/posts\/57774\/revisions"}],"predecessor-version":[{"id":57776,"href":"https:\/\/mediagroup.mx\/index.php\/wp-json\/wp\/v2\/posts\/57774\/revisions\/57776"}],"wp:featuredmedia":[{"embeddable":true,"href":"https:\/\/mediagroup.mx\/index.php\/wp-json\/wp\/v2\/media\/57775"}],"wp:attachment":[{"href":"https:\/\/mediagroup.mx\/index.php\/wp-json\/wp\/v2\/media?parent=57774"}],"wp:term":[{"taxonomy":"category","embeddable":true,"href":"https:\/\/mediagroup.mx\/index.php\/wp-json\/wp\/v2\/categories?post=57774"},{"taxonomy":"post_tag","embeddable":true,"href":"https:\/\/mediagroup.mx\/index.php\/wp-json\/wp\/v2\/tags?post=57774"}],"curies":[{"name":"wp","href":"https:\/\/api.w.org\/{rel}","templated":true}]}}