{"id":57785,"date":"2024-10-23T08:52:55","date_gmt":"2024-10-23T14:52:55","guid":{"rendered":"https:\/\/mediagroup.mx\/?p=57785"},"modified":"2024-10-24T08:55:50","modified_gmt":"2024-10-24T14:55:50","slug":"labor-de-ministerios-publicos-de-michoacan-es-titanica-y-heroica-juan-antonio-magana-de-la-mora","status":"publish","type":"post","link":"https:\/\/mediagroup.mx\/index.php\/2024\/10\/23\/labor-de-ministerios-publicos-de-michoacan-es-titanica-y-heroica-juan-antonio-magana-de-la-mora\/","title":{"rendered":"Labor de Ministerios P\u00fablicos de Michoac\u00e1n es \u201ctit\u00e1nica y heroica\u201d: Juan Antonio Maga\u00f1a de la Mora"},"content":{"rendered":"<p>El diputado Juan Antonio Maga\u00f1a de la Mora, presidente de la Mesa Directiva del Congreso del Estado, calific\u00f3 de \u201ctit\u00e1nica, heroica, de mucho trabajo, actitud y vocaci\u00f3n\u201d, la labor de los agentes del Ministerio P\u00fablico de la Fiscal\u00eda General de Michoac\u00e1n.<\/p>\n<p>Lo anterior, durante la ceremonia de entrega del reconocimiento \u201cSentimientos de la Naci\u00f3n\u201d a trece agentes del Ministerio P\u00fablico y de Unidades Especializadas de la Fiscal\u00eda General del Estado.<\/p>\n<p>En el marco del D\u00eda Nacional del Ministerio P\u00fablico, que se celebra cada 22 de octubre desde el a\u00f1o 2018, el presidente de la Mesa Directiva de la 76 Legislatura felicit\u00f3 a los condecorados y refrend\u00f3 su apoyo para coordinar esfuerzos en busca de mejores condiciones laborales.<\/p>\n<p>Agreg\u00f3 que conoce el trabajo que se desempe\u00f1a, los retos y adversidades a las que se enfrentan los agente, por ello, \u201csiempre contar\u00e1n con mi respaldo\u201d, refiri\u00f3 quien fue Procurador General de Justicia en el Estado por el periodo de 2005-2008.<\/p>\n<p>Asimismo, destac\u00f3 que desde las trincheras de la 76 Legislatura se estar\u00e1 trabajando en las Comisiones de Justicia y Seguridad P\u00fablica y Protecci\u00f3n Civil para mejorar las normativas en la materia y brindar herramientas adecuadas para garantizar la plena impartici\u00f3n de justicia que las y los michoacanos merecen.<\/p>\n<p>Cabe destacar, que al acto protocolario asistieron las y los diputados Fabiola Alan\u00eds S\u00e1mano, presidenta de la Junta de Coordinaci\u00f3n Pol\u00edtica; Anabeth Franco Carrizales, presidenta de la Comisi\u00f3n de Justicia; Vicente G\u00f3mez N\u00fa\u00f1ez, presidente de la Comisi\u00f3n de Seguridad P\u00fablica y Protecci\u00f3n Civil; y de autoridades estables, municipales y \u00f3rganos aut\u00f3nomos.<\/p>\n<p><img loading=\"lazy\" decoding=\"async\" class=\"alignnone size-medium wp-image-57786\" src=\"https:\/\/mediagroup.mx\/wp-content\/uploads\/2024\/10\/WhatsApp-Image-2024-10-23-at-19.13.13-1-300x200.jpeg\" alt=\"\" width=\"300\" height=\"200\" srcset=\"https:\/\/mediagroup.mx\/wp-content\/uploads\/2024\/10\/WhatsApp-Image-2024-10-23-at-19.13.13-1-300x200.jpeg 300w, https:\/\/mediagroup.mx\/wp-content\/uploads\/2024\/10\/WhatsApp-Image-2024-10-23-at-19.13.13-1-1024x682.jpeg 1024w, https:\/\/mediagroup.mx\/wp-content\/uploads\/2024\/10\/WhatsApp-Image-2024-10-23-at-19.13.13-1-768x512.jpeg 768w, https:\/\/mediagroup.mx\/wp-content\/uploads\/2024\/10\/WhatsApp-Image-2024-10-23-at-19.13.13-1-150x100.jpeg 150w, https:\/\/mediagroup.mx\/wp-content\/uploads\/2024\/10\/WhatsApp-Image-2024-10-23-at-19.13.13-1-696x464.jpeg 696w, https:\/\/mediagroup.mx\/wp-content\/uploads\/2024\/10\/WhatsApp-Image-2024-10-23-at-19.13.13-1-1068x712.jpeg 1068w, https:\/\/mediagroup.mx\/wp-content\/uploads\/2024\/10\/WhatsApp-Image-2024-10-23-at-19.13.13-1.jpeg 1280w\" sizes=\"auto, (max-width: 300px) 100vw, 300px\" \/><\/p>\n","protected":false},"excerpt":{"rendered":"<p>El diputado Juan Antonio Maga\u00f1a de la Mora, presidente de la Mesa Directiva del Congreso del Estado, calific\u00f3 de \u201ctit\u00e1nica, heroica, de mucho trabajo, actitud y vocaci\u00f3n\u201d, la labor de los agentes del Ministerio P\u00fablico de la Fiscal\u00eda General de Michoac\u00e1n. Lo anterior, durante la ceremonia de entrega del reconocimiento \u201cSentimientos de la Naci\u00f3n\u201d a [&hellip;]<\/p>\n","protected":false},"author":2,"featured_media":57786,"comment_status":"closed","ping_status":"closed","sticky":false,"template":"","format":"standard","meta":{"om_disable_all_campaigns":false,"_monsterinsights_skip_tracking":false,"_monsterinsights_sitenote_active":false,"_monsterinsights_sitenote_note":"","_monsterinsights_sitenote_category":0,"_uf_show_specific_survey":0,"_uf_disable_surveys":false,"_jetpack_memberships_contains_paid_content":false,"footnotes":"","jetpack_publicize_message":"Labor de Ministerios P\u00fablicos de Michoac\u00e1n es \u201ctit\u00e1nica y heroica\u201d: Juan Antonio Maga\u00f1a de la Mora\r\n\r\n\u2022\u2060 \u2060Asiste a ceremonia de entrega de Reconocimiento \u201cSentimientos de la Naci\u00f3n\u201d","jetpack_publicize_feature_enabled":true,"jetpack_social_post_already_shared":true,"jetpack_social_options":{"image_generator_settings":{"template":"highway","default_image_id":0,"enabled":false},"version":2}},"categories":[15,63],"tags":[],"class_list":{"0":"post-57785","1":"post","2":"type-post","3":"status-publish","4":"format-standard","5":"has-post-thumbnail","7":"category-michoacan","8":"category-politica"},"aioseo_notices":[],"jetpack_publicize_connections":[],"jetpack_featured_media_url":"https:\/\/mediagroup.mx\/wp-content\/uploads\/2024\/10\/WhatsApp-Image-2024-10-23-at-19.13.13-1.jpeg","jetpack_sharing_enabled":true,"_links":{"self":[{"href":"https:\/\/mediagroup.mx\/index.php\/wp-json\/wp\/v2\/posts\/57785","targetHints":{"allow":["GET"]}}],"collection":[{"href":"https:\/\/mediagroup.mx\/index.php\/wp-json\/wp\/v2\/posts"}],"about":[{"href":"https:\/\/mediagroup.mx\/index.php\/wp-json\/wp\/v2\/types\/post"}],"author":[{"embeddable":true,"href":"https:\/\/mediagroup.mx\/index.php\/wp-json\/wp\/v2\/users\/2"}],"replies":[{"embeddable":true,"href":"https:\/\/mediagroup.mx\/index.php\/wp-json\/wp\/v2\/comments?post=57785"}],"version-history":[{"count":1,"href":"https:\/\/mediagroup.mx\/index.php\/wp-json\/wp\/v2\/posts\/57785\/revisions"}],"predecessor-version":[{"id":57787,"href":"https:\/\/mediagroup.mx\/index.php\/wp-json\/wp\/v2\/posts\/57785\/revisions\/57787"}],"wp:featuredmedia":[{"embeddable":true,"href":"https:\/\/mediagroup.mx\/index.php\/wp-json\/wp\/v2\/media\/57786"}],"wp:attachment":[{"href":"https:\/\/mediagroup.mx\/index.php\/wp-json\/wp\/v2\/media?parent=57785"}],"wp:term":[{"taxonomy":"category","embeddable":true,"href":"https:\/\/mediagroup.mx\/index.php\/wp-json\/wp\/v2\/categories?post=57785"},{"taxonomy":"post_tag","embeddable":true,"href":"https:\/\/mediagroup.mx\/index.php\/wp-json\/wp\/v2\/tags?post=57785"}],"curies":[{"name":"wp","href":"https:\/\/api.w.org\/{rel}","templated":true}]}}