{"id":57799,"date":"2024-10-24T14:45:03","date_gmt":"2024-10-24T20:45:03","guid":{"rendered":"https:\/\/mediagroup.mx\/?p=57799"},"modified":"2024-10-24T14:45:03","modified_gmt":"2024-10-24T20:45:03","slug":"sorprende-silencio-de-magistrados-del-poder-judicial-alfonso-martinez","status":"publish","type":"post","link":"https:\/\/mediagroup.mx\/index.php\/2024\/10\/24\/sorprende-silencio-de-magistrados-del-poder-judicial-alfonso-martinez\/","title":{"rendered":"Sorprende silencio de magistrados del Poder Judicial: Alfonso Mart\u00ednez"},"content":{"rendered":"<p>El Presidente Municipal de Morelia, Alfonso Mart\u00ednez Alc\u00e1zar, se dijo sorprendido del silencio que han guardado algunos jueces y magistrados ante el embate que se hace al Poder Judicial.<\/p>\n<p>Ante la inminente reforma que se plantea en el Congreso del Estado, Alfonso Mart\u00ednez, llam\u00f3 a las y los diputados a que discutan las propuestas, las debatan, las mejoren y no las aprueben sin modificar una sola coma.<\/p>\n<p>\u00abEs importante que se respete al Poder Judicial, que no se avasalle. Debe prevalecer la divisi\u00f3n de Poderes y el equilibro respondiendo cada uno al \u00e1mbito de su competencia. Si los diputados aprueban todo sin revisar y si desaparecen al Poder Judicial quedar\u00e1 un solo Poder y eso no favorece al pa\u00eds ni a la democracia\u00bb, se\u00f1al\u00f3.<\/p>\n<p>Ayer, destac\u00f3 Alfonso Mart\u00ednez, hubo una represi\u00f3n a una manifestaci\u00f3n pac\u00edfica. Lo advert\u00ed desde hace meses, ahora van en contra de la libertad de expresi\u00f3n.<\/p>\n<p>\u201cHay un silencio muy extra\u00f1o, estamos levantando m\u00e1s la voz otros actores pol\u00edticos en defensa de la autonom\u00eda del Poder Judicial que muchos de ellos mismos\u201d, finaliz\u00f3.<\/p>\n","protected":false},"excerpt":{"rendered":"<p>El Presidente Municipal de Morelia, Alfonso Mart\u00ednez Alc\u00e1zar, se dijo sorprendido del silencio que han guardado algunos jueces y magistrados ante el embate que se hace al Poder Judicial. Ante la inminente reforma que se plantea en el Congreso del Estado, Alfonso Mart\u00ednez, llam\u00f3 a las y los diputados a que discutan las propuestas, las [&hellip;]<\/p>\n","protected":false},"author":2,"featured_media":57800,"comment_status":"closed","ping_status":"closed","sticky":false,"template":"","format":"standard","meta":{"om_disable_all_campaigns":false,"_monsterinsights_skip_tracking":false,"_monsterinsights_sitenote_active":false,"_monsterinsights_sitenote_note":"","_monsterinsights_sitenote_category":0,"_uf_show_specific_survey":0,"_uf_disable_surveys":false,"_jetpack_memberships_contains_paid_content":false,"footnotes":"","jetpack_publicize_message":"Sorprende silencio de magistrados del Poder Judicial: Alfonso Mart\u00ednez","jetpack_publicize_feature_enabled":true,"jetpack_social_post_already_shared":true,"jetpack_social_options":{"image_generator_settings":{"template":"highway","default_image_id":0,"enabled":false},"version":2}},"categories":[17],"tags":[],"class_list":{"0":"post-57799","1":"post","2":"type-post","3":"status-publish","4":"format-standard","5":"has-post-thumbnail","7":"category-morelia"},"aioseo_notices":[],"jetpack_publicize_connections":[],"jetpack_featured_media_url":"https:\/\/mediagroup.mx\/wp-content\/uploads\/2024\/10\/1.jpg","jetpack_sharing_enabled":true,"_links":{"self":[{"href":"https:\/\/mediagroup.mx\/index.php\/wp-json\/wp\/v2\/posts\/57799","targetHints":{"allow":["GET"]}}],"collection":[{"href":"https:\/\/mediagroup.mx\/index.php\/wp-json\/wp\/v2\/posts"}],"about":[{"href":"https:\/\/mediagroup.mx\/index.php\/wp-json\/wp\/v2\/types\/post"}],"author":[{"embeddable":true,"href":"https:\/\/mediagroup.mx\/index.php\/wp-json\/wp\/v2\/users\/2"}],"replies":[{"embeddable":true,"href":"https:\/\/mediagroup.mx\/index.php\/wp-json\/wp\/v2\/comments?post=57799"}],"version-history":[{"count":1,"href":"https:\/\/mediagroup.mx\/index.php\/wp-json\/wp\/v2\/posts\/57799\/revisions"}],"predecessor-version":[{"id":57801,"href":"https:\/\/mediagroup.mx\/index.php\/wp-json\/wp\/v2\/posts\/57799\/revisions\/57801"}],"wp:featuredmedia":[{"embeddable":true,"href":"https:\/\/mediagroup.mx\/index.php\/wp-json\/wp\/v2\/media\/57800"}],"wp:attachment":[{"href":"https:\/\/mediagroup.mx\/index.php\/wp-json\/wp\/v2\/media?parent=57799"}],"wp:term":[{"taxonomy":"category","embeddable":true,"href":"https:\/\/mediagroup.mx\/index.php\/wp-json\/wp\/v2\/categories?post=57799"},{"taxonomy":"post_tag","embeddable":true,"href":"https:\/\/mediagroup.mx\/index.php\/wp-json\/wp\/v2\/tags?post=57799"}],"curies":[{"name":"wp","href":"https:\/\/api.w.org\/{rel}","templated":true}]}}