{"id":57805,"date":"2024-10-24T14:52:33","date_gmt":"2024-10-24T20:52:33","guid":{"rendered":"https:\/\/mediagroup.mx\/?p=57805"},"modified":"2024-10-24T14:52:33","modified_gmt":"2024-10-24T20:52:33","slug":"claudia-sheinbaum-celebra-resolucion-del-tepjf-para-dar-continuidad-a-elecciones-de-cargos","status":"publish","type":"post","link":"https:\/\/mediagroup.mx\/index.php\/2024\/10\/24\/claudia-sheinbaum-celebra-resolucion-del-tepjf-para-dar-continuidad-a-elecciones-de-cargos\/","title":{"rendered":"Claudia Sheinbaum celebra resoluci\u00f3n del TEPJF para dar continuidad a elecciones de cargos"},"content":{"rendered":"<p>La Presidenta Constitucional de los Estados Unidos Mexicanos, Claudia Sheinbaum Pardo celebr\u00f3 la continuidad de la elecci\u00f3n popular de jueces, juezas, magistrados, magistradas, ministros y ministras del Poder Judicial, esto tras la resoluci\u00f3n del Tribunal Electoral del Poder Judicial de la Federaci\u00f3n (TEPJF) al declarar viable las elecciones organizadas por el Instituto Nacional Electoral (INE), adem\u00e1s reconoci\u00f3 al Consejo de la Judicatura Federal por ordenar a los y las trabajadores del Poder Judicial regresar a sus labores.<\/p>\n<p>\u2018\u2019Es importante y un reconocimiento, porque es una decisi\u00f3n del pueblo de M\u00e9xico la Reforma Constitucional al Poder Judicial y esta contin\u00faa por la resoluci\u00f3n del Tribunal Electoral, realmente me parece muy bueno, da certidumbre en este proceso y tambi\u00e9n al Instituto Nacional Electoral y pues esta decisi\u00f3n de que los jueces y juezas tienen que regresar a sus labores\u2019\u2019, expres\u00f3.<\/p>\n<p>Sobre la decisi\u00f3n del TEPJF, detall\u00f3 que en el caso de procesos electorales, la Suprema Corte de Justicia de la Naci\u00f3n (SCJN) no tiene injerencia constitucional.<\/p>\n<p>\u2018\u2019Es una resoluci\u00f3n muy importante, recuerden que en el caso de procedimientos electorales, la Suprema Corte de Justicia de la Naci\u00f3n no tiene inter\u00e9s jur\u00eddico, no tiene ninguna posibilidad de resoluci\u00f3n sino es el Tribunal Electoral\u2019\u2019.<\/p>\n","protected":false},"excerpt":{"rendered":"<p>La Presidenta Constitucional de los Estados Unidos Mexicanos, Claudia Sheinbaum Pardo celebr\u00f3 la continuidad de la elecci\u00f3n popular de jueces, juezas, magistrados, magistradas, ministros y ministras del Poder Judicial, esto tras la resoluci\u00f3n del Tribunal Electoral del Poder Judicial de la Federaci\u00f3n (TEPJF) al declarar viable las elecciones organizadas por el Instituto Nacional Electoral (INE), [&hellip;]<\/p>\n","protected":false},"author":2,"featured_media":57806,"comment_status":"closed","ping_status":"closed","sticky":false,"template":"","format":"standard","meta":{"om_disable_all_campaigns":false,"_monsterinsights_skip_tracking":false,"_monsterinsights_sitenote_active":false,"_monsterinsights_sitenote_note":"","_monsterinsights_sitenote_category":0,"_uf_show_specific_survey":0,"_uf_disable_surveys":false,"_jetpack_memberships_contains_paid_content":false,"footnotes":"","jetpack_publicize_message":"Claudia Sheinbaum celebra resoluci\u00f3n del TEPJF para dar continuidad a elecciones de cargos","jetpack_publicize_feature_enabled":true,"jetpack_social_post_already_shared":true,"jetpack_social_options":{"image_generator_settings":{"template":"highway","default_image_id":0,"enabled":false},"version":2}},"categories":[6,23],"tags":[],"class_list":{"0":"post-57805","1":"post","2":"type-post","3":"status-publish","4":"format-standard","5":"has-post-thumbnail","7":"category-global","8":"category-nacional"},"aioseo_notices":[],"jetpack_publicize_connections":[],"jetpack_featured_media_url":"https:\/\/mediagroup.mx\/wp-content\/uploads\/2024\/10\/WhatsApp-Image-2024-10-24-at-8.56.35-AM.jpeg","jetpack_sharing_enabled":true,"_links":{"self":[{"href":"https:\/\/mediagroup.mx\/index.php\/wp-json\/wp\/v2\/posts\/57805","targetHints":{"allow":["GET"]}}],"collection":[{"href":"https:\/\/mediagroup.mx\/index.php\/wp-json\/wp\/v2\/posts"}],"about":[{"href":"https:\/\/mediagroup.mx\/index.php\/wp-json\/wp\/v2\/types\/post"}],"author":[{"embeddable":true,"href":"https:\/\/mediagroup.mx\/index.php\/wp-json\/wp\/v2\/users\/2"}],"replies":[{"embeddable":true,"href":"https:\/\/mediagroup.mx\/index.php\/wp-json\/wp\/v2\/comments?post=57805"}],"version-history":[{"count":1,"href":"https:\/\/mediagroup.mx\/index.php\/wp-json\/wp\/v2\/posts\/57805\/revisions"}],"predecessor-version":[{"id":57807,"href":"https:\/\/mediagroup.mx\/index.php\/wp-json\/wp\/v2\/posts\/57805\/revisions\/57807"}],"wp:featuredmedia":[{"embeddable":true,"href":"https:\/\/mediagroup.mx\/index.php\/wp-json\/wp\/v2\/media\/57806"}],"wp:attachment":[{"href":"https:\/\/mediagroup.mx\/index.php\/wp-json\/wp\/v2\/media?parent=57805"}],"wp:term":[{"taxonomy":"category","embeddable":true,"href":"https:\/\/mediagroup.mx\/index.php\/wp-json\/wp\/v2\/categories?post=57805"},{"taxonomy":"post_tag","embeddable":true,"href":"https:\/\/mediagroup.mx\/index.php\/wp-json\/wp\/v2\/tags?post=57805"}],"curies":[{"name":"wp","href":"https:\/\/api.w.org\/{rel}","templated":true}]}}