{"id":57839,"date":"2024-10-24T10:06:20","date_gmt":"2024-10-24T16:06:20","guid":{"rendered":"https:\/\/mediagroup.mx\/?p=57839"},"modified":"2024-10-25T10:11:51","modified_gmt":"2024-10-25T16:11:51","slug":"en-michoacan-ya-paso-la-historica-reforma-al-poder-judicial-fabiola-alanis","status":"publish","type":"post","link":"https:\/\/mediagroup.mx\/index.php\/2024\/10\/24\/en-michoacan-ya-paso-la-historica-reforma-al-poder-judicial-fabiola-alanis\/","title":{"rendered":"En Michoac\u00e1n, ya pas\u00f3 la hist\u00f3rica Reforma al Poder Judicial: Fabiola Alan\u00eds"},"content":{"rendered":"<p>La armonizaci\u00f3n de la Reforma al Poder Judicial en Michoac\u00e1n marca un precedente hist\u00f3rico en la vida p\u00fablica de la entidad y garantiza una impartici\u00f3n de justicia transparente, imparcial y cercana al pueblo, enfatiz\u00f3 la coordinadora parlamentaria de Morena en el Congreso del Estado, Fabiola Alan\u00eds S\u00e1mano.<\/p>\n<p>Fabiola Alan\u00eds celebr\u00f3 que Michoac\u00e1n se haya convertido en el primer estado de la Rep\u00fablica en armonizar una reforma que permitir\u00e1 democratizar el sistema judicial local, para que jueces y magistrados sean sometidos al escrutinio del pueblo, mediante el voto popular.<\/p>\n<p>\u201cEn Michoac\u00e1n, ya comenzamos la secularizaci\u00f3n del Poder Judicial, lo estamos desfetichando, lo estamos democratizando, era algo pendiente, era algo urgente, era algo necesario para transformar la vida p\u00fablica del pa\u00eds\u201d, subray\u00f3 la coordinadora del Grupo Parlamentario de Morena.<\/p>\n<p>Bajo estos argumentos, destac\u00f3 que la congruencia haya imperado en el Congreso local por encima de los embates que el Poder Legislativo ha impuesto mediante amparos inconstitucionales enfocados en frenar una reforma que, insisti\u00f3, \u201cfue pensada para garantizar una impartici\u00f3n de justicia imparcial, transparente y cercana al pueblo\u201d.<\/p>\n<p>Finalmente, subray\u00f3 que la armonizaci\u00f3n de la reforma al Poder Judicial representa el primer paso que el bloque legislativo de la 4T dar\u00e1 en Michoac\u00e1n para consolidar el Plan C y, en consecuencia, el segundo piso de la Cuarta Transformaci\u00f3n en el estado.<\/p>\n<p><img loading=\"lazy\" decoding=\"async\" class=\"alignnone size-medium wp-image-57840\" src=\"https:\/\/mediagroup.mx\/wp-content\/uploads\/2024\/10\/WhatsApp-Image-2024-10-24-at-16.54.25-300x200.jpeg\" alt=\"\" width=\"300\" height=\"200\" srcset=\"https:\/\/mediagroup.mx\/wp-content\/uploads\/2024\/10\/WhatsApp-Image-2024-10-24-at-16.54.25-300x200.jpeg 300w, https:\/\/mediagroup.mx\/wp-content\/uploads\/2024\/10\/WhatsApp-Image-2024-10-24-at-16.54.25-1024x682.jpeg 1024w, https:\/\/mediagroup.mx\/wp-content\/uploads\/2024\/10\/WhatsApp-Image-2024-10-24-at-16.54.25-768x512.jpeg 768w, https:\/\/mediagroup.mx\/wp-content\/uploads\/2024\/10\/WhatsApp-Image-2024-10-24-at-16.54.25-1536x1023.jpeg 1536w, https:\/\/mediagroup.mx\/wp-content\/uploads\/2024\/10\/WhatsApp-Image-2024-10-24-at-16.54.25-150x100.jpeg 150w, https:\/\/mediagroup.mx\/wp-content\/uploads\/2024\/10\/WhatsApp-Image-2024-10-24-at-16.54.25-696x464.jpeg 696w, https:\/\/mediagroup.mx\/wp-content\/uploads\/2024\/10\/WhatsApp-Image-2024-10-24-at-16.54.25-1068x712.jpeg 1068w, https:\/\/mediagroup.mx\/wp-content\/uploads\/2024\/10\/WhatsApp-Image-2024-10-24-at-16.54.25.jpeg 1600w\" sizes=\"auto, (max-width: 300px) 100vw, 300px\" \/><\/p>\n","protected":false},"excerpt":{"rendered":"<p>La armonizaci\u00f3n de la Reforma al Poder Judicial en Michoac\u00e1n marca un precedente hist\u00f3rico en la vida p\u00fablica de la entidad y garantiza una impartici\u00f3n de justicia transparente, imparcial y cercana al pueblo, enfatiz\u00f3 la coordinadora parlamentaria de Morena en el Congreso del Estado, Fabiola Alan\u00eds S\u00e1mano. Fabiola Alan\u00eds celebr\u00f3 que Michoac\u00e1n se haya convertido [&hellip;]<\/p>\n","protected":false},"author":2,"featured_media":57840,"comment_status":"closed","ping_status":"closed","sticky":false,"template":"","format":"standard","meta":{"om_disable_all_campaigns":false,"_monsterinsights_skip_tracking":false,"_monsterinsights_sitenote_active":false,"_monsterinsights_sitenote_note":"","_monsterinsights_sitenote_category":0,"_uf_show_specific_survey":0,"_uf_disable_surveys":false,"_jetpack_memberships_contains_paid_content":false,"footnotes":"","jetpack_publicize_message":"En Michoac\u00e1n, ya pas\u00f3 la hist\u00f3rica Reforma al Poder Judicial: Fabiola Alan\u00eds\r\n\r\n\u2022Reforma al Poder Judicial pondr\u00e1 fin a la corrupci\u00f3n en la impartici\u00f3n de justicia, sentencia","jetpack_publicize_feature_enabled":true,"jetpack_social_post_already_shared":true,"jetpack_social_options":{"image_generator_settings":{"template":"highway","default_image_id":0,"enabled":false},"version":2}},"categories":[15,63],"tags":[],"class_list":{"0":"post-57839","1":"post","2":"type-post","3":"status-publish","4":"format-standard","5":"has-post-thumbnail","7":"category-michoacan","8":"category-politica"},"aioseo_notices":[],"jetpack_publicize_connections":[],"jetpack_featured_media_url":"https:\/\/mediagroup.mx\/wp-content\/uploads\/2024\/10\/WhatsApp-Image-2024-10-24-at-16.54.25.jpeg","jetpack_sharing_enabled":true,"_links":{"self":[{"href":"https:\/\/mediagroup.mx\/index.php\/wp-json\/wp\/v2\/posts\/57839","targetHints":{"allow":["GET"]}}],"collection":[{"href":"https:\/\/mediagroup.mx\/index.php\/wp-json\/wp\/v2\/posts"}],"about":[{"href":"https:\/\/mediagroup.mx\/index.php\/wp-json\/wp\/v2\/types\/post"}],"author":[{"embeddable":true,"href":"https:\/\/mediagroup.mx\/index.php\/wp-json\/wp\/v2\/users\/2"}],"replies":[{"embeddable":true,"href":"https:\/\/mediagroup.mx\/index.php\/wp-json\/wp\/v2\/comments?post=57839"}],"version-history":[{"count":1,"href":"https:\/\/mediagroup.mx\/index.php\/wp-json\/wp\/v2\/posts\/57839\/revisions"}],"predecessor-version":[{"id":57841,"href":"https:\/\/mediagroup.mx\/index.php\/wp-json\/wp\/v2\/posts\/57839\/revisions\/57841"}],"wp:featuredmedia":[{"embeddable":true,"href":"https:\/\/mediagroup.mx\/index.php\/wp-json\/wp\/v2\/media\/57840"}],"wp:attachment":[{"href":"https:\/\/mediagroup.mx\/index.php\/wp-json\/wp\/v2\/media?parent=57839"}],"wp:term":[{"taxonomy":"category","embeddable":true,"href":"https:\/\/mediagroup.mx\/index.php\/wp-json\/wp\/v2\/categories?post=57839"},{"taxonomy":"post_tag","embeddable":true,"href":"https:\/\/mediagroup.mx\/index.php\/wp-json\/wp\/v2\/tags?post=57839"}],"curies":[{"name":"wp","href":"https:\/\/api.w.org\/{rel}","templated":true}]}}