{"id":57850,"date":"2024-10-24T10:15:50","date_gmt":"2024-10-24T16:15:50","guid":{"rendered":"https:\/\/mediagroup.mx\/?p=57850"},"modified":"2024-10-25T10:17:54","modified_gmt":"2024-10-25T16:17:54","slug":"aprobacion-de-reforma-judicial-acercara-la-justicia-a-los-michoacanos-jp-celis","status":"publish","type":"post","link":"https:\/\/mediagroup.mx\/index.php\/2024\/10\/24\/aprobacion-de-reforma-judicial-acercara-la-justicia-a-los-michoacanos-jp-celis\/","title":{"rendered":"Aprobaci\u00f3n de reforma judicial acercar\u00e1 la justicia a los michoacanos: JP Celis"},"content":{"rendered":"<p>El diputado de Morena, Juan Pablo Celis Silva, celebr\u00f3 la aprobaci\u00f3n de la reforma al Poder Judicial en Michoac\u00e1n, la cual tiene como objetivo acercar la justicia a la ciudadan\u00eda.<\/p>\n<p>El morenista destac\u00f3 que la mayor\u00eda calificada obtenida por Morena en las elecciones del 2 de junio les permite impulsar las reformas necesarias tanto a nivel nacional como estatal. Seg\u00fan Celis Silva, es esencial que las instituciones dejen de servir a las \u00e9lites y comiencen a atender las necesidades del pueblo.<\/p>\n<p>La reforma aprobada en Michoac\u00e1n, no solo garantiza los derechos laborales del personal del Poder Judicial, sino que tambi\u00e9n fortalece la carrera judicial, permitiendo el crecimiento profesional desde el puesto de escribiente hasta el de secretario de acuerdos.<\/p>\n<p>Esta iniciativa est\u00e1 en l\u00ednea con los principios de la Cuarta Transformaci\u00f3n y el legado del expresidente Andr\u00e9s Manuel L\u00f3pez Obrador, al buscar que la justicia est\u00e9 al alcance de todas las personas en Michoac\u00e1n.<\/p>\n<p>Uno de los cambios m\u00e1s significativos es la creaci\u00f3n de salas regionales y colegiadas en diferentes municipios, como L\u00e1zaro C\u00e1rdenas, Uruapan y Zamora, entre otros. \u201cEstas salas atender\u00e1n asuntos civiles, mercantiles, laborales y familiares, mientras que en lo penal, los jueces tendr\u00e1n jurisdicci\u00f3n en todo el estado, lo que facilitar\u00e1 el acceso a la justicia en \u00e1reas m\u00e1s alejadas\u201d, agreg\u00f3.<\/p>\n<p>Adem\u00e1s, se transformar\u00e1 el Tribunal de Justicia Administrativa en el Tribunal Anticorrupci\u00f3n y de Justicia Administrativa de Michoac\u00e1n, con el fin de mejorar la lucha contra la corrupci\u00f3n.<\/p>\n<p>El diputado fue enf\u00e1tico al se\u00f1alar que no permitir\u00e1n chantajes y que seguir\u00e1n adelante con esta reforma para garantizar que el poder judicial est\u00e9 al servicio del pueblo.<\/p>\n<p><img loading=\"lazy\" decoding=\"async\" class=\"alignnone size-medium wp-image-57851\" src=\"https:\/\/mediagroup.mx\/wp-content\/uploads\/2024\/10\/WhatsApp-Image-2024-10-24-at-17.36.57-300x200.jpeg\" alt=\"\" width=\"300\" height=\"200\" srcset=\"https:\/\/mediagroup.mx\/wp-content\/uploads\/2024\/10\/WhatsApp-Image-2024-10-24-at-17.36.57-300x200.jpeg 300w, https:\/\/mediagroup.mx\/wp-content\/uploads\/2024\/10\/WhatsApp-Image-2024-10-24-at-17.36.57-1024x683.jpeg 1024w, https:\/\/mediagroup.mx\/wp-content\/uploads\/2024\/10\/WhatsApp-Image-2024-10-24-at-17.36.57-768x512.jpeg 768w, https:\/\/mediagroup.mx\/wp-content\/uploads\/2024\/10\/WhatsApp-Image-2024-10-24-at-17.36.57-1536x1024.jpeg 1536w, https:\/\/mediagroup.mx\/wp-content\/uploads\/2024\/10\/WhatsApp-Image-2024-10-24-at-17.36.57-2048x1365.jpeg 2048w, https:\/\/mediagroup.mx\/wp-content\/uploads\/2024\/10\/WhatsApp-Image-2024-10-24-at-17.36.57-150x100.jpeg 150w, https:\/\/mediagroup.mx\/wp-content\/uploads\/2024\/10\/WhatsApp-Image-2024-10-24-at-17.36.57-696x464.jpeg 696w, https:\/\/mediagroup.mx\/wp-content\/uploads\/2024\/10\/WhatsApp-Image-2024-10-24-at-17.36.57-1068x712.jpeg 1068w, https:\/\/mediagroup.mx\/wp-content\/uploads\/2024\/10\/WhatsApp-Image-2024-10-24-at-17.36.57-1920x1280.jpeg 1920w\" sizes=\"auto, (max-width: 300px) 100vw, 300px\" \/><\/p>\n","protected":false},"excerpt":{"rendered":"<p>El diputado de Morena, Juan Pablo Celis Silva, celebr\u00f3 la aprobaci\u00f3n de la reforma al Poder Judicial en Michoac\u00e1n, la cual tiene como objetivo acercar la justicia a la ciudadan\u00eda. El morenista destac\u00f3 que la mayor\u00eda calificada obtenida por Morena en las elecciones del 2 de junio les permite impulsar las reformas necesarias tanto a [&hellip;]<\/p>\n","protected":false},"author":2,"featured_media":57851,"comment_status":"closed","ping_status":"closed","sticky":false,"template":"","format":"standard","meta":{"om_disable_all_campaigns":false,"_monsterinsights_skip_tracking":false,"_monsterinsights_sitenote_active":false,"_monsterinsights_sitenote_note":"","_monsterinsights_sitenote_category":0,"_uf_show_specific_survey":0,"_uf_disable_surveys":false,"_jetpack_memberships_contains_paid_content":false,"footnotes":"","jetpack_publicize_message":"Aprobaci\u00f3n de reforma judicial acercar\u00e1 la justicia a los michoacanos: JP Celis","jetpack_publicize_feature_enabled":true,"jetpack_social_post_already_shared":true,"jetpack_social_options":{"image_generator_settings":{"template":"highway","default_image_id":0,"enabled":false},"version":2}},"categories":[15,63],"tags":[],"class_list":{"0":"post-57850","1":"post","2":"type-post","3":"status-publish","4":"format-standard","5":"has-post-thumbnail","7":"category-michoacan","8":"category-politica"},"aioseo_notices":[],"jetpack_publicize_connections":[],"jetpack_featured_media_url":"https:\/\/mediagroup.mx\/wp-content\/uploads\/2024\/10\/WhatsApp-Image-2024-10-24-at-17.36.57-scaled.jpeg","jetpack_sharing_enabled":true,"_links":{"self":[{"href":"https:\/\/mediagroup.mx\/index.php\/wp-json\/wp\/v2\/posts\/57850","targetHints":{"allow":["GET"]}}],"collection":[{"href":"https:\/\/mediagroup.mx\/index.php\/wp-json\/wp\/v2\/posts"}],"about":[{"href":"https:\/\/mediagroup.mx\/index.php\/wp-json\/wp\/v2\/types\/post"}],"author":[{"embeddable":true,"href":"https:\/\/mediagroup.mx\/index.php\/wp-json\/wp\/v2\/users\/2"}],"replies":[{"embeddable":true,"href":"https:\/\/mediagroup.mx\/index.php\/wp-json\/wp\/v2\/comments?post=57850"}],"version-history":[{"count":1,"href":"https:\/\/mediagroup.mx\/index.php\/wp-json\/wp\/v2\/posts\/57850\/revisions"}],"predecessor-version":[{"id":57852,"href":"https:\/\/mediagroup.mx\/index.php\/wp-json\/wp\/v2\/posts\/57850\/revisions\/57852"}],"wp:featuredmedia":[{"embeddable":true,"href":"https:\/\/mediagroup.mx\/index.php\/wp-json\/wp\/v2\/media\/57851"}],"wp:attachment":[{"href":"https:\/\/mediagroup.mx\/index.php\/wp-json\/wp\/v2\/media?parent=57850"}],"wp:term":[{"taxonomy":"category","embeddable":true,"href":"https:\/\/mediagroup.mx\/index.php\/wp-json\/wp\/v2\/categories?post=57850"},{"taxonomy":"post_tag","embeddable":true,"href":"https:\/\/mediagroup.mx\/index.php\/wp-json\/wp\/v2\/tags?post=57850"}],"curies":[{"name":"wp","href":"https:\/\/api.w.org\/{rel}","templated":true}]}}