{"id":57862,"date":"2024-10-24T10:26:41","date_gmt":"2024-10-24T16:26:41","guid":{"rendered":"https:\/\/mediagroup.mx\/?p=57862"},"modified":"2024-10-25T10:28:05","modified_gmt":"2024-10-25T16:28:05","slug":"con-la-aprobacion-de-la-reforma-al-poder-judicial-local-michoacan-avanza-y-consolida-su-democracia-reyes-galindo","status":"publish","type":"post","link":"https:\/\/mediagroup.mx\/index.php\/2024\/10\/24\/con-la-aprobacion-de-la-reforma-al-poder-judicial-local-michoacan-avanza-y-consolida-su-democracia-reyes-galindo\/","title":{"rendered":"Con la aprobaci\u00f3n de la reforma al Poder Judicial local, Michoac\u00e1n avanza y consolida su democracia: Reyes Galindo"},"content":{"rendered":"<p>\u201cLa Cuarta Transformaci\u00f3n seguir\u00e1 trabajando por regresarle todo el poder al pueblo, y hoy se dio una muestra m\u00e1s de que estamos trabajando a favor de nuestra gente con la aprobaci\u00f3n de la reforma constitucional al Poder Judicial, con la que ahora la ciudadan\u00eda podr\u00e1 elegir a jueces y magistrados\u201d, asever\u00f3 el coordinador parlamentario del Partido del Trabajo en el Congreso de Michoac\u00e1n, Reyes Galindo Pedraza.<\/p>\n<p>Tras haber sido aprobada en el pleno del poder legislativo michoacano la reforma en materia del Poder Judicial, el l\u00edder de la bancada del PT mencion\u00f3 que este es un paso m\u00e1s hacia el camino de la verdadera democracia, uno de los mandatos del gobierno de la 4T, por ello dijo no debe caber duda en que en la medida en que se pide respeto a las instituciones, debe acompa\u00f1arse de resultados en la impartici\u00f3n de justicia para todas y todos los mexicanos.<\/p>\n<p>\u201cHoy volteamos nuevamente al camino de la justicia de todas las personas que se han quedado esperando una sentencia o que lamentablemente se encuentran a\u00fan en investigaci\u00f3n por no poder pagar un amparo, porque esos jueces y magistrados que se corrompieron ya no podr\u00e1n permanecer indefinidamente en esos cargos\u201d, indic\u00f3 el coordinador parlamentario petista.<\/p>\n<p>Reyes Galindo, resalt\u00f3 que quienes ostentan un cargo de competencia con el Poder Judicial, no deben temer ante dicha reforma, puesto que no se trastocan los derechos laborales como lo han querido malinformar algunos de la oposici\u00f3n, contrario a ello se erradica el nepotismo que por d\u00e9cadas se impuso entre quienes llegaron a este poder a coptar los espacios solo para beneficiarse entre unos cuantos y no con el objetivo de trabajar a favor de la gente.<\/p>\n<p>\u201cEn el Grupo Parlamentario del Partido del Trabajo, siempre estaremos abiertos a dialogar con todas las instituciones para que logremos un equilibrio entre gobernantes y gobernados, que sea siempre la ciudadan\u00eda la principal beneficiada de nuestra democracia y que no se quede solo entre unos cuantos el beneficio de gozar plenamente de los derechos que establece nuestra Constituci\u00f3n\u201d, acot\u00f3 el legislador.<\/p>\n<p><img loading=\"lazy\" decoding=\"async\" class=\"alignnone size-medium wp-image-57863\" src=\"https:\/\/mediagroup.mx\/wp-content\/uploads\/2024\/10\/WhatsApp-Image-2024-10-24-at-20.06.28-300x224.jpeg\" alt=\"\" width=\"300\" height=\"224\" srcset=\"https:\/\/mediagroup.mx\/wp-content\/uploads\/2024\/10\/WhatsApp-Image-2024-10-24-at-20.06.28-300x224.jpeg 300w, https:\/\/mediagroup.mx\/wp-content\/uploads\/2024\/10\/WhatsApp-Image-2024-10-24-at-20.06.28-1024x763.jpeg 1024w, https:\/\/mediagroup.mx\/wp-content\/uploads\/2024\/10\/WhatsApp-Image-2024-10-24-at-20.06.28-768x572.jpeg 768w, https:\/\/mediagroup.mx\/wp-content\/uploads\/2024\/10\/WhatsApp-Image-2024-10-24-at-20.06.28-150x112.jpeg 150w, https:\/\/mediagroup.mx\/wp-content\/uploads\/2024\/10\/WhatsApp-Image-2024-10-24-at-20.06.28-485x360.jpeg 485w, https:\/\/mediagroup.mx\/wp-content\/uploads\/2024\/10\/WhatsApp-Image-2024-10-24-at-20.06.28-696x519.jpeg 696w, https:\/\/mediagroup.mx\/wp-content\/uploads\/2024\/10\/WhatsApp-Image-2024-10-24-at-20.06.28-1068x796.jpeg 1068w, https:\/\/mediagroup.mx\/wp-content\/uploads\/2024\/10\/WhatsApp-Image-2024-10-24-at-20.06.28.jpeg 1280w\" sizes=\"auto, (max-width: 300px) 100vw, 300px\" \/><\/p>\n","protected":false},"excerpt":{"rendered":"<p>\u201cLa Cuarta Transformaci\u00f3n seguir\u00e1 trabajando por regresarle todo el poder al pueblo, y hoy se dio una muestra m\u00e1s de que estamos trabajando a favor de nuestra gente con la aprobaci\u00f3n de la reforma constitucional al Poder Judicial, con la que ahora la ciudadan\u00eda podr\u00e1 elegir a jueces y magistrados\u201d, asever\u00f3 el coordinador parlamentario del [&hellip;]<\/p>\n","protected":false},"author":2,"featured_media":57863,"comment_status":"closed","ping_status":"closed","sticky":false,"template":"","format":"standard","meta":{"om_disable_all_campaigns":false,"_monsterinsights_skip_tracking":false,"_monsterinsights_sitenote_active":false,"_monsterinsights_sitenote_note":"","_monsterinsights_sitenote_category":0,"_uf_show_specific_survey":0,"_uf_disable_surveys":false,"_jetpack_memberships_contains_paid_content":false,"footnotes":"","jetpack_publicize_message":"Con la aprobaci\u00f3n de la reforma al Poder Judicial local, Michoac\u00e1n avanza y consolida su democracia: Reyes Galindo\r\n\r\n*Todos los derechos de las y los trabajadores ser\u00e1n respetados, asever\u00f3.","jetpack_publicize_feature_enabled":true,"jetpack_social_post_already_shared":true,"jetpack_social_options":{"image_generator_settings":{"template":"highway","default_image_id":0,"enabled":false},"version":2}},"categories":[15,63],"tags":[],"class_list":{"0":"post-57862","1":"post","2":"type-post","3":"status-publish","4":"format-standard","5":"has-post-thumbnail","7":"category-michoacan","8":"category-politica"},"aioseo_notices":[],"jetpack_publicize_connections":[],"jetpack_featured_media_url":"https:\/\/mediagroup.mx\/wp-content\/uploads\/2024\/10\/WhatsApp-Image-2024-10-24-at-20.06.28.jpeg","jetpack_sharing_enabled":true,"_links":{"self":[{"href":"https:\/\/mediagroup.mx\/index.php\/wp-json\/wp\/v2\/posts\/57862","targetHints":{"allow":["GET"]}}],"collection":[{"href":"https:\/\/mediagroup.mx\/index.php\/wp-json\/wp\/v2\/posts"}],"about":[{"href":"https:\/\/mediagroup.mx\/index.php\/wp-json\/wp\/v2\/types\/post"}],"author":[{"embeddable":true,"href":"https:\/\/mediagroup.mx\/index.php\/wp-json\/wp\/v2\/users\/2"}],"replies":[{"embeddable":true,"href":"https:\/\/mediagroup.mx\/index.php\/wp-json\/wp\/v2\/comments?post=57862"}],"version-history":[{"count":1,"href":"https:\/\/mediagroup.mx\/index.php\/wp-json\/wp\/v2\/posts\/57862\/revisions"}],"predecessor-version":[{"id":57864,"href":"https:\/\/mediagroup.mx\/index.php\/wp-json\/wp\/v2\/posts\/57862\/revisions\/57864"}],"wp:featuredmedia":[{"embeddable":true,"href":"https:\/\/mediagroup.mx\/index.php\/wp-json\/wp\/v2\/media\/57863"}],"wp:attachment":[{"href":"https:\/\/mediagroup.mx\/index.php\/wp-json\/wp\/v2\/media?parent=57862"}],"wp:term":[{"taxonomy":"category","embeddable":true,"href":"https:\/\/mediagroup.mx\/index.php\/wp-json\/wp\/v2\/categories?post=57862"},{"taxonomy":"post_tag","embeddable":true,"href":"https:\/\/mediagroup.mx\/index.php\/wp-json\/wp\/v2\/tags?post=57862"}],"curies":[{"name":"wp","href":"https:\/\/api.w.org\/{rel}","templated":true}]}}