{"id":59412,"date":"2024-11-25T15:03:03","date_gmt":"2024-11-25T21:03:03","guid":{"rendered":"https:\/\/mediagroup.mx\/?p=59412"},"modified":"2024-11-25T15:03:03","modified_gmt":"2024-11-25T21:03:03","slug":"congreso-del-estado-garantizara-la-transparencia-y-la-rendicion-de-cuentas","status":"publish","type":"post","link":"https:\/\/mediagroup.mx\/index.php\/2024\/11\/25\/congreso-del-estado-garantizara-la-transparencia-y-la-rendicion-de-cuentas\/","title":{"rendered":"Congreso del Estado garantizar\u00e1 la Transparencia y la Rendici\u00f3n de Cuentas"},"content":{"rendered":"<p>El Congreso del Estado garantizar\u00e1 el derecho de acceso a informaci\u00f3n plural y oportuna mediante las tecnolog\u00edas de la informaci\u00f3n y comunicaci\u00f3n, con procesos de interconexi\u00f3n, uso de Tableros Y Firmas Digitales e Informaci\u00f3n en tiempo real as\u00ed lo dio a conocer el Presidente del Comit\u00e9 de Transparencia y Acceso a la Informaci\u00f3n P\u00fablica, Diputado Conrado Paz Torres, ante el Presidente de la Mesa Directiva, Juan Antonio Maga\u00f1a de la Mora, en la Instalaci\u00f3n e Inicio de Actividades de dicho Comit\u00e9.<\/p>\n<p>Ante su compa\u00f1ero Diputado Carlos Alejandro Bautista Tafolla; del Director del Gobierno Digital del Gobierno del Estado, Juan Pablo Granados G\u00f3mez; el Comisionado Presidente del Instituto Michoacano de Transparencia, Acceso a la Informaci\u00f3n y Protecci\u00f3n de Datos Personales (IMAIP), Abraham Montes Maga\u00f1a, destac\u00f3 su compromiso para revisar el marco normativo; establecer un convenio de colaboraci\u00f3n con la Direcci\u00f3n del Gobierno Digital; presupuestar la transformaci\u00f3n digital en el Congreso; y, transformar el Comit\u00e9 de Transparencia.<\/p>\n<p>Acompa\u00f1ado tambi\u00e9n por el Subsecretario de la Funci\u00f3n P\u00fablica, Ramiro Nepita Ch\u00e1vez; del Coordinador de Comunicaci\u00f3n Social del Congreso, H\u00e9ctor Tapia L\u00f3pez; y de la Coordinadora de Transparencia y Acceso a la Informaci\u00f3n, Carina de Jes\u00fas Garc\u00eda Campos, estableci\u00f3 como ejes de acci\u00f3n tener un acompa\u00f1amiento con el IMAIP; adem\u00e1s de llevar a cabo adecuaciones tecnol\u00f3gicas necesarias en el sitio web y en la web 2.0 del Poder Legislativo.<\/p>\n<p>Juan Antonio Maga\u00f1a de la Mora, al instalar formalmente el Comit\u00e9, resalt\u00f3 la importancia del trabajo del mismo, al ser el ente que se vincula directamente con la sociedad, atendiendo las solicitudes y clasificando las mismas, conforme a lo establecido en la norma, pero tambi\u00e9n garantizando que la p\u00e1gina del Congreso del Estado cumpla no solamente con los requisitos indispensables, sino que lo haga sobradamente. \u201cLa transparencia de manera certera es un sin\u00f3nimo de confianza\u201d.<\/p>\n<p>En su oportunidad, los funcionarios estatales coincidieron en se\u00f1alar su disposici\u00f3n para trabajar en conjunto a fin de cumplir con la rendici\u00f3n de cuentas, para capacitar en materia de clasificaci\u00f3n de datos y archivo; para determinar a la transparencia y la ciudadanizaci\u00f3n como mecanismos fundamentales de informaci\u00f3n; y considerar a la tecnolog\u00eda como una herramienta de beneficio para el quehacer diario.<\/p>\n<p>H\u00e9ctor Tapia destac\u00f3 la importancia de la transparencia en la informaci\u00f3n, como parte del fortalecimiento de la instituci\u00f3n, pero adem\u00e1s para abrir v\u00ednculos y generar puentes de comunicaci\u00f3n con la ciudadan\u00eda, por lo que extern\u00f3 su compromiso para trabajar en conjunto para alcanzar los objetivos planteados.<\/p>\n<p>Finalmente, Carina de Jes\u00fas Garc\u00eda refrend\u00f3 su compromiso de colaborar con el Comit\u00e9 de Transparencia y Acceso a la Informaci\u00f3n P\u00fablica, para vigilar y garantizar que se cumpla con lo que establece el marco jur\u00eddico.<\/p>\n<p><img loading=\"lazy\" decoding=\"async\" class=\"alignnone size-medium wp-image-59413\" src=\"https:\/\/mediagroup.mx\/wp-content\/uploads\/2024\/11\/WhatsApp-Image-2024-11-25-at-13.01.25-300x200.jpeg\" alt=\"\" width=\"300\" height=\"200\" srcset=\"https:\/\/mediagroup.mx\/wp-content\/uploads\/2024\/11\/WhatsApp-Image-2024-11-25-at-13.01.25-300x200.jpeg 300w, https:\/\/mediagroup.mx\/wp-content\/uploads\/2024\/11\/WhatsApp-Image-2024-11-25-at-13.01.25-1024x683.jpeg 1024w, https:\/\/mediagroup.mx\/wp-content\/uploads\/2024\/11\/WhatsApp-Image-2024-11-25-at-13.01.25-768x512.jpeg 768w, https:\/\/mediagroup.mx\/wp-content\/uploads\/2024\/11\/WhatsApp-Image-2024-11-25-at-13.01.25-150x100.jpeg 150w, https:\/\/mediagroup.mx\/wp-content\/uploads\/2024\/11\/WhatsApp-Image-2024-11-25-at-13.01.25-696x464.jpeg 696w, https:\/\/mediagroup.mx\/wp-content\/uploads\/2024\/11\/WhatsApp-Image-2024-11-25-at-13.01.25-1068x713.jpeg 1068w, https:\/\/mediagroup.mx\/wp-content\/uploads\/2024\/11\/WhatsApp-Image-2024-11-25-at-13.01.25.jpeg 1280w\" sizes=\"auto, (max-width: 300px) 100vw, 300px\" \/><\/p>\n","protected":false},"excerpt":{"rendered":"<p>El Congreso del Estado garantizar\u00e1 el derecho de acceso a informaci\u00f3n plural y oportuna mediante las tecnolog\u00edas de la informaci\u00f3n y comunicaci\u00f3n, con procesos de interconexi\u00f3n, uso de Tableros Y Firmas Digitales e Informaci\u00f3n en tiempo real as\u00ed lo dio a conocer el Presidente del Comit\u00e9 de Transparencia y Acceso a la Informaci\u00f3n P\u00fablica, Diputado [&hellip;]<\/p>\n","protected":false},"author":2,"featured_media":59413,"comment_status":"closed","ping_status":"closed","sticky":false,"template":"","format":"standard","meta":{"om_disable_all_campaigns":false,"_monsterinsights_skip_tracking":false,"_monsterinsights_sitenote_active":false,"_monsterinsights_sitenote_note":"","_monsterinsights_sitenote_category":0,"_uf_show_specific_survey":0,"_uf_disable_surveys":false,"_jetpack_memberships_contains_paid_content":false,"footnotes":"","jetpack_publicize_message":"Congreso del Estado garantizar\u00e1 la Transparencia y la Rendici\u00f3n de Cuentas","jetpack_publicize_feature_enabled":true,"jetpack_social_post_already_shared":true,"jetpack_social_options":{"image_generator_settings":{"template":"highway","default_image_id":0,"enabled":false},"version":2}},"categories":[15,63],"tags":[],"class_list":{"0":"post-59412","1":"post","2":"type-post","3":"status-publish","4":"format-standard","5":"has-post-thumbnail","7":"category-michoacan","8":"category-politica"},"aioseo_notices":[],"jetpack_publicize_connections":[],"jetpack_featured_media_url":"https:\/\/mediagroup.mx\/wp-content\/uploads\/2024\/11\/WhatsApp-Image-2024-11-25-at-13.01.25.jpeg","jetpack_sharing_enabled":true,"_links":{"self":[{"href":"https:\/\/mediagroup.mx\/index.php\/wp-json\/wp\/v2\/posts\/59412","targetHints":{"allow":["GET"]}}],"collection":[{"href":"https:\/\/mediagroup.mx\/index.php\/wp-json\/wp\/v2\/posts"}],"about":[{"href":"https:\/\/mediagroup.mx\/index.php\/wp-json\/wp\/v2\/types\/post"}],"author":[{"embeddable":true,"href":"https:\/\/mediagroup.mx\/index.php\/wp-json\/wp\/v2\/users\/2"}],"replies":[{"embeddable":true,"href":"https:\/\/mediagroup.mx\/index.php\/wp-json\/wp\/v2\/comments?post=59412"}],"version-history":[{"count":1,"href":"https:\/\/mediagroup.mx\/index.php\/wp-json\/wp\/v2\/posts\/59412\/revisions"}],"predecessor-version":[{"id":59414,"href":"https:\/\/mediagroup.mx\/index.php\/wp-json\/wp\/v2\/posts\/59412\/revisions\/59414"}],"wp:featuredmedia":[{"embeddable":true,"href":"https:\/\/mediagroup.mx\/index.php\/wp-json\/wp\/v2\/media\/59413"}],"wp:attachment":[{"href":"https:\/\/mediagroup.mx\/index.php\/wp-json\/wp\/v2\/media?parent=59412"}],"wp:term":[{"taxonomy":"category","embeddable":true,"href":"https:\/\/mediagroup.mx\/index.php\/wp-json\/wp\/v2\/categories?post=59412"},{"taxonomy":"post_tag","embeddable":true,"href":"https:\/\/mediagroup.mx\/index.php\/wp-json\/wp\/v2\/tags?post=59412"}],"curies":[{"name":"wp","href":"https:\/\/api.w.org\/{rel}","templated":true}]}}