{"id":59415,"date":"2024-11-25T15:05:49","date_gmt":"2024-11-25T21:05:49","guid":{"rendered":"https:\/\/mediagroup.mx\/?p=59415"},"modified":"2024-11-25T15:05:49","modified_gmt":"2024-11-25T21:05:49","slug":"es-tiempo-de-mujeres-y-su-seguridad-nuestra-responsabilidad-es-legislar-para-garantizar-sus-derechos-jc-barragan","status":"publish","type":"post","link":"https:\/\/mediagroup.mx\/index.php\/2024\/11\/25\/es-tiempo-de-mujeres-y-su-seguridad-nuestra-responsabilidad-es-legislar-para-garantizar-sus-derechos-jc-barragan\/","title":{"rendered":"Es tiempo de mujeres y su seguridad; nuestra responsabilidad es legislar para garantizar sus derechos: JC Barrag\u00e1n"},"content":{"rendered":"<p>El vicepresidente del Congreso del Estado, Juan Carlos Barrag\u00e1n V\u00e9lez contin\u00faa impulsando reformas por los derechos, la seguridad y el bienestar de las mujeres en Michoac\u00e1n.<\/p>\n<p>En el marco del D\u00eda Internacional de la Eliminaci\u00f3n de la Violencia contra las Mujeres, Barrag\u00e1n record\u00f3 que en lo que va de la actual legislatura ya ha presentado 14 iniciativas de ley a favor de las mujeres.<\/p>\n<p>Entre las propuestas m\u00e1s relevantes del legislador destaca la inclusi\u00f3n del derecho de las mujeres a decidir sobre su cuerpo en la Constituci\u00f3n local, un paso hist\u00f3rico hacia el reconocimiento pleno de la autonom\u00eda de las michoacanas.<\/p>\n<p>Tambi\u00e9n ha impulsado medidas para garantizar la equidad salarial, la seguridad integral de las mujeres y la paridad de g\u00e9nero en la conformaci\u00f3n de los gabinetes gubernamentales, asegurando una representaci\u00f3n justa y balanceada en la toma de decisiones p\u00fablicas.<\/p>\n<p>Adem\u00e1s adelant\u00f3 que buscar\u00e1 que las iniciativas para sancionar la violencia en el noviazgo, se investigue de oficio la violencia familiar y se sancione a los encubridores de feminicidas, no sean enviadas al archivo por haber sido presentadas en la pasada legislatura.<\/p>\n<p>Barrag\u00e1n remarc\u00f3 su compromiso no s\u00f3lo desde la tribuna legislativa, sino tambi\u00e9n a trav\u00e9s de acciones concretas en las comunidades. Desde las Casas de Atenci\u00f3n Ciudadana \u201cMano a Mano\u201d, promueve programas y talleres dise\u00f1ados para fortalecer la autonom\u00eda econ\u00f3mica de las mujeres, brind\u00e1ndoles herramientas para salir del c\u00edrculo de violencia y construir una vida independiente y digna.<\/p>\n<p>\u201cEl camino por recorrer a\u00fan es largo, pero es el tiempo de las mujeres\u201d, ha expresado el diputado, aline\u00e1ndose con las palabras de la presidenta Claudia Sheinbaum.<\/p>\n<p><img loading=\"lazy\" decoding=\"async\" class=\"alignnone size-medium wp-image-59416\" src=\"https:\/\/mediagroup.mx\/wp-content\/uploads\/2024\/11\/WhatsApp-Image-2024-11-25-at-13.01.25-1-300x200.jpeg\" alt=\"\" width=\"300\" height=\"200\" srcset=\"https:\/\/mediagroup.mx\/wp-content\/uploads\/2024\/11\/WhatsApp-Image-2024-11-25-at-13.01.25-1-300x200.jpeg 300w, https:\/\/mediagroup.mx\/wp-content\/uploads\/2024\/11\/WhatsApp-Image-2024-11-25-at-13.01.25-1-1024x682.jpeg 1024w, https:\/\/mediagroup.mx\/wp-content\/uploads\/2024\/11\/WhatsApp-Image-2024-11-25-at-13.01.25-1-768x511.jpeg 768w, https:\/\/mediagroup.mx\/wp-content\/uploads\/2024\/11\/WhatsApp-Image-2024-11-25-at-13.01.25-1-150x100.jpeg 150w, https:\/\/mediagroup.mx\/wp-content\/uploads\/2024\/11\/WhatsApp-Image-2024-11-25-at-13.01.25-1-696x463.jpeg 696w, https:\/\/mediagroup.mx\/wp-content\/uploads\/2024\/11\/WhatsApp-Image-2024-11-25-at-13.01.25-1-1068x711.jpeg 1068w, https:\/\/mediagroup.mx\/wp-content\/uploads\/2024\/11\/WhatsApp-Image-2024-11-25-at-13.01.25-1.jpeg 1280w\" sizes=\"auto, (max-width: 300px) 100vw, 300px\" \/><\/p>\n","protected":false},"excerpt":{"rendered":"<p>El vicepresidente del Congreso del Estado, Juan Carlos Barrag\u00e1n V\u00e9lez contin\u00faa impulsando reformas por los derechos, la seguridad y el bienestar de las mujeres en Michoac\u00e1n. En el marco del D\u00eda Internacional de la Eliminaci\u00f3n de la Violencia contra las Mujeres, Barrag\u00e1n record\u00f3 que en lo que va de la actual legislatura ya ha presentado [&hellip;]<\/p>\n","protected":false},"author":2,"featured_media":59416,"comment_status":"closed","ping_status":"closed","sticky":false,"template":"","format":"standard","meta":{"om_disable_all_campaigns":false,"_monsterinsights_skip_tracking":false,"_monsterinsights_sitenote_active":false,"_monsterinsights_sitenote_note":"","_monsterinsights_sitenote_category":0,"_uf_show_specific_survey":0,"_uf_disable_surveys":false,"_jetpack_memberships_contains_paid_content":false,"footnotes":"","jetpack_publicize_message":"Es tiempo de mujeres y su seguridad; nuestra responsabilidad es legislar para garantizar sus derechos: JC Barrag\u00e1n\r\n*Como diputados nuestra responsabilidad es trabajar en leyes que protejan y garanticen sus derechos, como nos ha pedido la presidenta Claudia Sheinbaum, remarca el diputado morenista","jetpack_publicize_feature_enabled":true,"jetpack_social_post_already_shared":true,"jetpack_social_options":{"image_generator_settings":{"template":"highway","default_image_id":0,"enabled":false},"version":2}},"categories":[15,63],"tags":[],"class_list":{"0":"post-59415","1":"post","2":"type-post","3":"status-publish","4":"format-standard","5":"has-post-thumbnail","7":"category-michoacan","8":"category-politica"},"aioseo_notices":[],"jetpack_publicize_connections":[],"jetpack_featured_media_url":"https:\/\/mediagroup.mx\/wp-content\/uploads\/2024\/11\/WhatsApp-Image-2024-11-25-at-13.01.25-1.jpeg","jetpack_sharing_enabled":true,"_links":{"self":[{"href":"https:\/\/mediagroup.mx\/index.php\/wp-json\/wp\/v2\/posts\/59415","targetHints":{"allow":["GET"]}}],"collection":[{"href":"https:\/\/mediagroup.mx\/index.php\/wp-json\/wp\/v2\/posts"}],"about":[{"href":"https:\/\/mediagroup.mx\/index.php\/wp-json\/wp\/v2\/types\/post"}],"author":[{"embeddable":true,"href":"https:\/\/mediagroup.mx\/index.php\/wp-json\/wp\/v2\/users\/2"}],"replies":[{"embeddable":true,"href":"https:\/\/mediagroup.mx\/index.php\/wp-json\/wp\/v2\/comments?post=59415"}],"version-history":[{"count":1,"href":"https:\/\/mediagroup.mx\/index.php\/wp-json\/wp\/v2\/posts\/59415\/revisions"}],"predecessor-version":[{"id":59417,"href":"https:\/\/mediagroup.mx\/index.php\/wp-json\/wp\/v2\/posts\/59415\/revisions\/59417"}],"wp:featuredmedia":[{"embeddable":true,"href":"https:\/\/mediagroup.mx\/index.php\/wp-json\/wp\/v2\/media\/59416"}],"wp:attachment":[{"href":"https:\/\/mediagroup.mx\/index.php\/wp-json\/wp\/v2\/media?parent=59415"}],"wp:term":[{"taxonomy":"category","embeddable":true,"href":"https:\/\/mediagroup.mx\/index.php\/wp-json\/wp\/v2\/categories?post=59415"},{"taxonomy":"post_tag","embeddable":true,"href":"https:\/\/mediagroup.mx\/index.php\/wp-json\/wp\/v2\/tags?post=59415"}],"curies":[{"name":"wp","href":"https:\/\/api.w.org\/{rel}","templated":true}]}}