{"id":59419,"date":"2024-11-25T17:33:58","date_gmt":"2024-11-25T23:33:58","guid":{"rendered":"https:\/\/mediagroup.mx\/?p=59419"},"modified":"2024-11-25T17:33:58","modified_gmt":"2024-11-25T23:33:58","slug":"impulso-a-la-economia-local-clave-para-el-desarrollo-del-distrito-xix-vicente-gomez-nunez","status":"publish","type":"post","link":"https:\/\/mediagroup.mx\/index.php\/2024\/11\/25\/impulso-a-la-economia-local-clave-para-el-desarrollo-del-distrito-xix-vicente-gomez-nunez\/","title":{"rendered":"Impulso a la econom\u00eda local, clave para el desarrollo del Distrito XIX: Vicente G\u00f3mez N\u00fa\u00f1ez"},"content":{"rendered":"<p>El impulsar proyectos y actividades que promuevan la econom\u00eda local, generen empleos y detonen el desarrollo, forma parte de los compromisos de trabajo con los municipios, indic\u00f3 el diputado por el Distrito XIX de Tac\u00e1mbaro Vicente G\u00f3mez N\u00fa\u00f1ez.<\/p>\n<p>El legislador del Grupo Parlamentario del Partido del Trabajo (GPPT) asisti\u00f3 a la ceremonia de la clausura de la XIX Expo Feria del Mezcal y del Taco en el municipio de Madero, en donde se expusieron 49 marcas. En el evento acompa\u00f1\u00f3 al alcalde, Juan Carlos Gami\u00f1o Camacho, en la entrega de reconocimientos a los participantes.<\/p>\n<p>Al respecto mencion\u00f3 que el acompa\u00f1amiento a las actividades de la regi\u00f3n es parte de la encomienda recibida y del compromiso de ser un legislador de a pie, cercano al pueblo para conocer de viva voz las necesidades de la ciudadan\u00eda, e impulsar las acciones legislativas que sean necesarias para lograr la transformaci\u00f3n en los municipios del Distrito.<\/p>\n<p>En ese sentido, reiter\u00f3 que estar\u00e1 trabajando de la mano y de manera coordinada con los municipios del Distrito: Acuitzio, Ario de Rosales, Madero, Nocup\u00e9taro, Tac\u00e1mbaro y Turicato; en el fomento e impulso de acciones que permitan el desarrollo regional, generen empleo y reactiven las econom\u00edas.<\/p>\n<p>Recientemente el legislador tuvo la oportunidad de participar en otras actividades de fomento a la econom\u00eda como la onceava edici\u00f3n de la Feria de las Carnitas en Tac\u00e1mbaro y la Segunda Feria del Pan en la localidad de Puruar\u00e1n del municipio de Turicato.<\/p>\n<p><img loading=\"lazy\" decoding=\"async\" class=\"alignnone size-medium wp-image-59421\" src=\"https:\/\/mediagroup.mx\/wp-content\/uploads\/2024\/11\/WhatsApp-Image-2024-11-25-at-13.01.42-300x200.jpeg\" alt=\"\" width=\"300\" height=\"200\" srcset=\"https:\/\/mediagroup.mx\/wp-content\/uploads\/2024\/11\/WhatsApp-Image-2024-11-25-at-13.01.42-300x200.jpeg 300w, https:\/\/mediagroup.mx\/wp-content\/uploads\/2024\/11\/WhatsApp-Image-2024-11-25-at-13.01.42-1024x682.jpeg 1024w, https:\/\/mediagroup.mx\/wp-content\/uploads\/2024\/11\/WhatsApp-Image-2024-11-25-at-13.01.42-768x511.jpeg 768w, https:\/\/mediagroup.mx\/wp-content\/uploads\/2024\/11\/WhatsApp-Image-2024-11-25-at-13.01.42-150x100.jpeg 150w, https:\/\/mediagroup.mx\/wp-content\/uploads\/2024\/11\/WhatsApp-Image-2024-11-25-at-13.01.42-696x463.jpeg 696w, https:\/\/mediagroup.mx\/wp-content\/uploads\/2024\/11\/WhatsApp-Image-2024-11-25-at-13.01.42-1068x711.jpeg 1068w, https:\/\/mediagroup.mx\/wp-content\/uploads\/2024\/11\/WhatsApp-Image-2024-11-25-at-13.01.42.jpeg 1280w\" sizes=\"auto, (max-width: 300px) 100vw, 300px\" \/><\/p>\n","protected":false},"excerpt":{"rendered":"<p>El impulsar proyectos y actividades que promuevan la econom\u00eda local, generen empleos y detonen el desarrollo, forma parte de los compromisos de trabajo con los municipios, indic\u00f3 el diputado por el Distrito XIX de Tac\u00e1mbaro Vicente G\u00f3mez N\u00fa\u00f1ez. El legislador del Grupo Parlamentario del Partido del Trabajo (GPPT) asisti\u00f3 a la ceremonia de la clausura [&hellip;]<\/p>\n","protected":false},"author":2,"featured_media":59421,"comment_status":"closed","ping_status":"closed","sticky":false,"template":"","format":"standard","meta":{"om_disable_all_campaigns":false,"_monsterinsights_skip_tracking":false,"_monsterinsights_sitenote_active":false,"_monsterinsights_sitenote_note":"","_monsterinsights_sitenote_category":0,"_uf_show_specific_survey":0,"_uf_disable_surveys":false,"_jetpack_memberships_contains_paid_content":false,"footnotes":"","jetpack_publicize_message":"Impulso a la econom\u00eda local, clave para el desarrollo del Distrito XIX: Vicente G\u00f3mez N\u00fa\u00f1ez","jetpack_publicize_feature_enabled":true,"jetpack_social_post_already_shared":true,"jetpack_social_options":{"image_generator_settings":{"template":"highway","default_image_id":0,"enabled":false},"version":2}},"categories":[15,63],"tags":[],"class_list":{"0":"post-59419","1":"post","2":"type-post","3":"status-publish","4":"format-standard","5":"has-post-thumbnail","7":"category-michoacan","8":"category-politica"},"aioseo_notices":[],"jetpack_publicize_connections":[],"jetpack_featured_media_url":"https:\/\/mediagroup.mx\/wp-content\/uploads\/2024\/11\/WhatsApp-Image-2024-11-25-at-13.01.42.jpeg","jetpack_sharing_enabled":true,"_links":{"self":[{"href":"https:\/\/mediagroup.mx\/index.php\/wp-json\/wp\/v2\/posts\/59419","targetHints":{"allow":["GET"]}}],"collection":[{"href":"https:\/\/mediagroup.mx\/index.php\/wp-json\/wp\/v2\/posts"}],"about":[{"href":"https:\/\/mediagroup.mx\/index.php\/wp-json\/wp\/v2\/types\/post"}],"author":[{"embeddable":true,"href":"https:\/\/mediagroup.mx\/index.php\/wp-json\/wp\/v2\/users\/2"}],"replies":[{"embeddable":true,"href":"https:\/\/mediagroup.mx\/index.php\/wp-json\/wp\/v2\/comments?post=59419"}],"version-history":[{"count":1,"href":"https:\/\/mediagroup.mx\/index.php\/wp-json\/wp\/v2\/posts\/59419\/revisions"}],"predecessor-version":[{"id":59422,"href":"https:\/\/mediagroup.mx\/index.php\/wp-json\/wp\/v2\/posts\/59419\/revisions\/59422"}],"wp:featuredmedia":[{"embeddable":true,"href":"https:\/\/mediagroup.mx\/index.php\/wp-json\/wp\/v2\/media\/59421"}],"wp:attachment":[{"href":"https:\/\/mediagroup.mx\/index.php\/wp-json\/wp\/v2\/media?parent=59419"}],"wp:term":[{"taxonomy":"category","embeddable":true,"href":"https:\/\/mediagroup.mx\/index.php\/wp-json\/wp\/v2\/categories?post=59419"},{"taxonomy":"post_tag","embeddable":true,"href":"https:\/\/mediagroup.mx\/index.php\/wp-json\/wp\/v2\/tags?post=59419"}],"curies":[{"name":"wp","href":"https:\/\/api.w.org\/{rel}","templated":true}]}}