{"id":59424,"date":"2024-11-25T17:36:01","date_gmt":"2024-11-25T23:36:01","guid":{"rendered":"https:\/\/mediagroup.mx\/?p=59424"},"modified":"2024-11-25T17:36:01","modified_gmt":"2024-11-25T23:36:01","slug":"palacio-legislativo-se-convierte-en-espacio-de-atencion-y-accion-contra-la-violencia-de-genero-sandra-arreola","status":"publish","type":"post","link":"https:\/\/mediagroup.mx\/index.php\/2024\/11\/25\/palacio-legislativo-se-convierte-en-espacio-de-atencion-y-accion-contra-la-violencia-de-genero-sandra-arreola\/","title":{"rendered":"Palacio Legislativo se convierte en espacio de atenci\u00f3n y acci\u00f3n contra la violencia de g\u00e9nero: Sandra Arreola"},"content":{"rendered":"<p>El Punto Naranja es un espacio que representa un paso firme hacia una sociedad m\u00e1s segura, m\u00e1s emp\u00e1tica y, sobre todo, m\u00e1s comprometida con el bienestar de todas las mujeres, y hoy el Congreso del Estado de Michoac\u00e1n se suma a esta lucha, destac\u00f3 la diputada Sandra Arreola Ruiz.<\/p>\n<p>En el marco del D\u00eda Internacional para la Eliminaci\u00f3n de la Violencia contra las Mujeres, la sede del Poder Legislativo en la entidad se formaliz\u00f3 como un espacio en la lucha contra la violencia, un lugar donde la protecci\u00f3n, la solidaridad y la prevenci\u00f3n ser\u00e1n pilares.<\/p>\n<p>\u201cHoy, m\u00e1s que nunca, es urgente trabajar para erradicar la violencia en todas sus formas: f\u00edsica, psicol\u00f3gica, econ\u00f3mica y de g\u00e9nero. Sabemos que las v\u00edctimas a menudo se sienten solas y desprotegidas, pero este Punto Naranja ser\u00e1 un recordatorio de que no est\u00e1n solas y que aqu\u00ed en el Congreso del Estado tienen aliados. Aqu\u00ed encontrar\u00e1n personas dispuestas a brindarles el apoyo necesario para dar ese primer paso hacia una vida libre de violencia, sin temor a ser juzgadas, sin temor a ser ignoradas\u201d, precis\u00f3 la diputada.<\/p>\n<p>Arreola Ruiz resalt\u00f3 que con esta inauguraci\u00f3n, el palacio legislativo no solo ofrece apoyo inmediato, sino tambi\u00e9n servicios de acompa\u00f1amiento, bajo la premisa de que la violencia no termina con un solo gesto, sino que requiere una atenci\u00f3n integral, compasiva y comprometida, lo que a reflejo del compromiso conjunto con la diputada Teresita Herrera y la titular del Instituto de la Mujer Moreliana, Nuria Hern\u00e1ndez Abarca.<\/p>\n<p>\u201cEn este punto, se canalizar\u00e1n aquellos casos que llegaran a haber a los servicios de asesor\u00eda legal, psicol\u00f3gica y social, y se coordinar\u00e1n acciones con diversas instituciones para garantizar una atenci\u00f3n completa y efectiva. Pero adem\u00e1s de la atenci\u00f3n que pueda ofrecerse, lo m\u00e1s importante es el mensaje que transmite: \u00a1no vamos a tolerar ning\u00fan tipo de violencia! No est\u00e1s sola, hay esperanza, hay ayuda y hay una comunidad y un Congreso que est\u00e1n dispuestos a apoyarte\u201d, agreg\u00f3.<\/p>\n<p>La representante del Partido Verde Ecologista de M\u00e9xico (PVEM) en la LXXVI Legisratura, hizo un llamado a reflexionar sobre la responsabilidad colectiva en el combate a la violencia contra las mujeres, ya que si bien el Punto Naranja es un lugar donde se da atenci\u00f3n a quienes atraviesan momentos dif\u00edciles, tambi\u00e9n es un recordatorio de que se debe ser proactivos en la construcci\u00f3n de una sociedad libre de violencia.<\/p>\n<p>\u201cLa prevenci\u00f3n es clave. La sensibilizaci\u00f3n, la educaci\u00f3n y la promoci\u00f3n de la igualdad de g\u00e9nero son acciones que debemos seguir impulsando todos los d\u00edas, en cada rinc\u00f3n de nuestra sociedad. El Punto Naranja en el Congreso es un lugar de esperanza, pero tambi\u00e9n un recordatorio de que juntos podemos construir un entorno m\u00e1s seguro y justo para todas\u201d, finaliz\u00f3.<\/p>\n<p><img loading=\"lazy\" decoding=\"async\" class=\"alignnone size-medium wp-image-59425\" src=\"https:\/\/mediagroup.mx\/wp-content\/uploads\/2024\/11\/WhatsApp-Image-2024-11-25-at-14.04.18-300x200.jpeg\" alt=\"\" width=\"300\" height=\"200\" srcset=\"https:\/\/mediagroup.mx\/wp-content\/uploads\/2024\/11\/WhatsApp-Image-2024-11-25-at-14.04.18-300x200.jpeg 300w, https:\/\/mediagroup.mx\/wp-content\/uploads\/2024\/11\/WhatsApp-Image-2024-11-25-at-14.04.18-1024x683.jpeg 1024w, https:\/\/mediagroup.mx\/wp-content\/uploads\/2024\/11\/WhatsApp-Image-2024-11-25-at-14.04.18-768x512.jpeg 768w, https:\/\/mediagroup.mx\/wp-content\/uploads\/2024\/11\/WhatsApp-Image-2024-11-25-at-14.04.18-150x100.jpeg 150w, https:\/\/mediagroup.mx\/wp-content\/uploads\/2024\/11\/WhatsApp-Image-2024-11-25-at-14.04.18-696x464.jpeg 696w, https:\/\/mediagroup.mx\/wp-content\/uploads\/2024\/11\/WhatsApp-Image-2024-11-25-at-14.04.18-1068x712.jpeg 1068w, https:\/\/mediagroup.mx\/wp-content\/uploads\/2024\/11\/WhatsApp-Image-2024-11-25-at-14.04.18.jpeg 1509w\" sizes=\"auto, (max-width: 300px) 100vw, 300px\" \/><\/p>\n","protected":false},"excerpt":{"rendered":"<p>El Punto Naranja es un espacio que representa un paso firme hacia una sociedad m\u00e1s segura, m\u00e1s emp\u00e1tica y, sobre todo, m\u00e1s comprometida con el bienestar de todas las mujeres, y hoy el Congreso del Estado de Michoac\u00e1n se suma a esta lucha, destac\u00f3 la diputada Sandra Arreola Ruiz. En el marco del D\u00eda Internacional [&hellip;]<\/p>\n","protected":false},"author":2,"featured_media":59425,"comment_status":"closed","ping_status":"closed","sticky":false,"template":"","format":"standard","meta":{"om_disable_all_campaigns":false,"_monsterinsights_skip_tracking":false,"_monsterinsights_sitenote_active":false,"_monsterinsights_sitenote_note":"","_monsterinsights_sitenote_category":0,"_uf_show_specific_survey":0,"_uf_disable_surveys":false,"_jetpack_memberships_contains_paid_content":false,"footnotes":"","jetpack_publicize_message":"Palacio Legislativo se convierte en espacio de atenci\u00f3n y acci\u00f3n contra la violencia de g\u00e9nero: Sandra Arreola\r\n\r\n- Este lunes se inaugur\u00f3 un Punto Naranja en la sede del legislativo estatal, donde se ofrecer\u00e1 apoyo inmediato y servicios de acompa\u00f1amiento a v\u00edctimas","jetpack_publicize_feature_enabled":true,"jetpack_social_post_already_shared":true,"jetpack_social_options":{"image_generator_settings":{"template":"highway","default_image_id":0,"enabled":false},"version":2}},"categories":[15,63],"tags":[],"class_list":{"0":"post-59424","1":"post","2":"type-post","3":"status-publish","4":"format-standard","5":"has-post-thumbnail","7":"category-michoacan","8":"category-politica"},"aioseo_notices":[],"jetpack_publicize_connections":[],"jetpack_featured_media_url":"https:\/\/mediagroup.mx\/wp-content\/uploads\/2024\/11\/WhatsApp-Image-2024-11-25-at-14.04.18.jpeg","jetpack_sharing_enabled":true,"_links":{"self":[{"href":"https:\/\/mediagroup.mx\/index.php\/wp-json\/wp\/v2\/posts\/59424","targetHints":{"allow":["GET"]}}],"collection":[{"href":"https:\/\/mediagroup.mx\/index.php\/wp-json\/wp\/v2\/posts"}],"about":[{"href":"https:\/\/mediagroup.mx\/index.php\/wp-json\/wp\/v2\/types\/post"}],"author":[{"embeddable":true,"href":"https:\/\/mediagroup.mx\/index.php\/wp-json\/wp\/v2\/users\/2"}],"replies":[{"embeddable":true,"href":"https:\/\/mediagroup.mx\/index.php\/wp-json\/wp\/v2\/comments?post=59424"}],"version-history":[{"count":1,"href":"https:\/\/mediagroup.mx\/index.php\/wp-json\/wp\/v2\/posts\/59424\/revisions"}],"predecessor-version":[{"id":59426,"href":"https:\/\/mediagroup.mx\/index.php\/wp-json\/wp\/v2\/posts\/59424\/revisions\/59426"}],"wp:featuredmedia":[{"embeddable":true,"href":"https:\/\/mediagroup.mx\/index.php\/wp-json\/wp\/v2\/media\/59425"}],"wp:attachment":[{"href":"https:\/\/mediagroup.mx\/index.php\/wp-json\/wp\/v2\/media?parent=59424"}],"wp:term":[{"taxonomy":"category","embeddable":true,"href":"https:\/\/mediagroup.mx\/index.php\/wp-json\/wp\/v2\/categories?post=59424"},{"taxonomy":"post_tag","embeddable":true,"href":"https:\/\/mediagroup.mx\/index.php\/wp-json\/wp\/v2\/tags?post=59424"}],"curies":[{"name":"wp","href":"https:\/\/api.w.org\/{rel}","templated":true}]}}