{"id":59431,"date":"2024-11-25T19:57:41","date_gmt":"2024-11-26T01:57:41","guid":{"rendered":"https:\/\/mediagroup.mx\/?p=59431"},"modified":"2024-11-25T19:57:41","modified_gmt":"2024-11-26T01:57:41","slug":"joven-de-22-anos-el-presunto-delincuente-capturado-por-la-gc-en-la-colonia-loma-larga-de-morelia","status":"publish","type":"post","link":"https:\/\/mediagroup.mx\/index.php\/2024\/11\/25\/joven-de-22-anos-el-presunto-delincuente-capturado-por-la-gc-en-la-colonia-loma-larga-de-morelia\/","title":{"rendered":"Joven de 22 a\u00f1os, el presunto delincuente capturado por la GC en la colonia Loma Larga de Morelia\u00a0"},"content":{"rendered":"<p>RED 113 MICHOAC\u00c1N\/Redacci\u00f3n<\/p>\n<p>Morelia, Mich.- Lunes 25 de noviembre de 2024.- Bryan Yair, de 22 a\u00f1os de edad, vecino de la colonia Praderas del Sur, es el presunto delincuente que los elementos de la Guardia Civil (GC) detuvieron en la zona sur de Morelia, hecho en el que los uniformados recuperaron una camioneta robada, informaron fuentes allegadas al tema.<\/p>\n<p>&nbsp;<\/p>\n<p>Al ahora indiciado le encontraron entre sus pertenencias personales tres envoltorios de metanfetamina, indicaron autoridades policiales. Cabe recordar que durante el mediod\u00eda de este lunes, Bryan y su c\u00f3mplice viajaban a bordo del referido veh\u00edculo de la marca Chrysler Voyager, color azul marino, con placas sobrepuestas PFL594A.<\/p>\n<p>&nbsp;<\/p>\n<p>Trascendi\u00f3 que los susodichos transitaban a exceso de velocidad, entonces los patrulleros estatales les marcaron el alto, pero los sospechosos, al llegar a la avenida de Los Tucanes, localizada en la colonia Ampliaci\u00f3n Loma Larga, descendieron r\u00e1pidamente del automotor y este continu\u00f3 avanzando sin control hasta estrellarse contra una camioneta amarilla.<\/p>\n<p>&nbsp;<\/p>\n<p>En el sitio fue capturado Bryan, en tanto que su compinche consigui\u00f3 darse a la fuga. El sujeto asegurado, la sustancia il\u00edcita y la unidad robada quedaron a disposici\u00f3n de la instancia competente.<\/p>\n<p><img loading=\"lazy\" decoding=\"async\" class=\"alignnone size-medium wp-image-59432\" src=\"https:\/\/mediagroup.mx\/wp-content\/uploads\/2024\/11\/IMG-20241125-WA0089-300x135.jpg\" alt=\"\" width=\"300\" height=\"135\" srcset=\"https:\/\/mediagroup.mx\/wp-content\/uploads\/2024\/11\/IMG-20241125-WA0089-300x135.jpg 300w, https:\/\/mediagroup.mx\/wp-content\/uploads\/2024\/11\/IMG-20241125-WA0089-1024x460.jpg 1024w, https:\/\/mediagroup.mx\/wp-content\/uploads\/2024\/11\/IMG-20241125-WA0089-768x345.jpg 768w, https:\/\/mediagroup.mx\/wp-content\/uploads\/2024\/11\/IMG-20241125-WA0089-150x67.jpg 150w, https:\/\/mediagroup.mx\/wp-content\/uploads\/2024\/11\/IMG-20241125-WA0089-696x313.jpg 696w, https:\/\/mediagroup.mx\/wp-content\/uploads\/2024\/11\/IMG-20241125-WA0089-1068x480.jpg 1068w, https:\/\/mediagroup.mx\/wp-content\/uploads\/2024\/11\/IMG-20241125-WA0089.jpg 1280w\" sizes=\"auto, (max-width: 300px) 100vw, 300px\" \/><\/p>\n","protected":false},"excerpt":{"rendered":"<p>RED 113 MICHOAC\u00c1N\/Redacci\u00f3n Morelia, Mich.- Lunes 25 de noviembre de 2024.- Bryan Yair, de 22 a\u00f1os de edad, vecino de la colonia Praderas del Sur, es el presunto delincuente que los elementos de la Guardia Civil (GC) detuvieron en la zona sur de Morelia, hecho en el que los uniformados recuperaron una camioneta robada, informaron [&hellip;]<\/p>\n","protected":false},"author":2,"featured_media":59432,"comment_status":"closed","ping_status":"closed","sticky":false,"template":"","format":"standard","meta":{"om_disable_all_campaigns":false,"_monsterinsights_skip_tracking":false,"_monsterinsights_sitenote_active":false,"_monsterinsights_sitenote_note":"","_monsterinsights_sitenote_category":0,"_uf_show_specific_survey":0,"_uf_disable_surveys":false,"_jetpack_memberships_contains_paid_content":false,"footnotes":"","jetpack_publicize_message":"Joven de 22 a\u00f1os, el presunto delincuente capturado por la GC en la colonia Loma Larga de Morelia\u00a0\r\n\r\n\u00a0 + Los oficiales le aseguraron metanfetamina.\u00a0\r\n\r\n\u00a0 + El susodicho y un c\u00f3mplice viajaban a bordo de una camioneta robada.\u00a0","jetpack_publicize_feature_enabled":true,"jetpack_social_post_already_shared":true,"jetpack_social_options":{"image_generator_settings":{"template":"highway","default_image_id":0,"enabled":false},"version":2}},"categories":[28],"tags":[],"class_list":{"0":"post-59431","1":"post","2":"type-post","3":"status-publish","4":"format-standard","5":"has-post-thumbnail","7":"category-moreliaseguridad"},"aioseo_notices":[],"jetpack_publicize_connections":[],"jetpack_featured_media_url":"https:\/\/mediagroup.mx\/wp-content\/uploads\/2024\/11\/IMG-20241125-WA0089.jpg","jetpack_sharing_enabled":true,"_links":{"self":[{"href":"https:\/\/mediagroup.mx\/index.php\/wp-json\/wp\/v2\/posts\/59431","targetHints":{"allow":["GET"]}}],"collection":[{"href":"https:\/\/mediagroup.mx\/index.php\/wp-json\/wp\/v2\/posts"}],"about":[{"href":"https:\/\/mediagroup.mx\/index.php\/wp-json\/wp\/v2\/types\/post"}],"author":[{"embeddable":true,"href":"https:\/\/mediagroup.mx\/index.php\/wp-json\/wp\/v2\/users\/2"}],"replies":[{"embeddable":true,"href":"https:\/\/mediagroup.mx\/index.php\/wp-json\/wp\/v2\/comments?post=59431"}],"version-history":[{"count":1,"href":"https:\/\/mediagroup.mx\/index.php\/wp-json\/wp\/v2\/posts\/59431\/revisions"}],"predecessor-version":[{"id":59433,"href":"https:\/\/mediagroup.mx\/index.php\/wp-json\/wp\/v2\/posts\/59431\/revisions\/59433"}],"wp:featuredmedia":[{"embeddable":true,"href":"https:\/\/mediagroup.mx\/index.php\/wp-json\/wp\/v2\/media\/59432"}],"wp:attachment":[{"href":"https:\/\/mediagroup.mx\/index.php\/wp-json\/wp\/v2\/media?parent=59431"}],"wp:term":[{"taxonomy":"category","embeddable":true,"href":"https:\/\/mediagroup.mx\/index.php\/wp-json\/wp\/v2\/categories?post=59431"},{"taxonomy":"post_tag","embeddable":true,"href":"https:\/\/mediagroup.mx\/index.php\/wp-json\/wp\/v2\/tags?post=59431"}],"curies":[{"name":"wp","href":"https:\/\/api.w.org\/{rel}","templated":true}]}}