{"id":59469,"date":"2024-11-26T12:06:54","date_gmt":"2024-11-26T18:06:54","guid":{"rendered":"https:\/\/mediagroup.mx\/?p=59469"},"modified":"2024-11-26T12:06:54","modified_gmt":"2024-11-26T18:06:54","slug":"desde-la-bancada-naranja-se-seguira-defendiendo-los-derechos-de-las-mujeres-victor-manriquez","status":"publish","type":"post","link":"https:\/\/mediagroup.mx\/index.php\/2024\/11\/26\/desde-la-bancada-naranja-se-seguira-defendiendo-los-derechos-de-las-mujeres-victor-manriquez\/","title":{"rendered":"Desde la bancada naranja se seguir\u00e1 defendiendo los derechos de las mujeres: V\u00edctor Manr\u00edquez"},"content":{"rendered":"<p>Desde la bancada de Movimiento Ciudadano en la LXXVI Legislatura Local, se contin\u00faa defendiendo los derechos de las ni\u00f1as y mujeres, y un entorno libre de violencia para ellas, afirm\u00f3 el coordinador del Grupo Parlamentario Naranja, V\u00edctor Manr\u00edquez Gonz\u00e1lez.<\/p>\n<p>El diputado local afirm\u00f3 que las ni\u00f1as y mujeres tienen aliados comprometidos con sus causas y derechos en el Poder Legislativo por lo que en la agenda de trabajo que impulsan plasmaron las propuestas y el sentir de ellas.<\/p>\n<p>\u201cTenemos claro con mi amiga y compa\u00f1era de bancada Grecia Aguilar, que debemos respaldar la lucha hist\u00f3rica de las mujeres, encaminada a erradicar todo tipo de violencia que les afecta y aportar a la equidad e igualdad, por lo que aqu\u00ed tienen aliados\u201d.<\/p>\n<p>Destac\u00f3 los avances que en materia legislativa hay, as\u00ed como programas que se han puesto en marcha, sin embargo, V\u00edctor Manr\u00edquez subray\u00f3 que, hasta no lograr un entorno libre de violencia, se debe seguir trabajando por los derechos de las ni\u00f1as y las mujeres.<\/p>\n<p>El diputado local resalt\u00f3 que se deben cerrar las brechas de desigualdad que se han generado, a fin de garantizar no solo en la legislaci\u00f3n, sino tambi\u00e9n en los hechos que sus derechos sean una realidad y que la violencia se castigue con todo el peso de la ley.<\/p>\n<p>La defensa de los derechos de las mujeres, dijo, es responsabilidad de todos y todas, y seguir colocando en la agenda p\u00fablica los temas de inter\u00e9s y necesarios para generar justicia y un entorno libre de violencia es una acci\u00f3n permanente.<\/p>\n<p><img loading=\"lazy\" decoding=\"async\" class=\"alignnone size-medium wp-image-59470\" src=\"https:\/\/mediagroup.mx\/wp-content\/uploads\/2024\/11\/WhatsApp-Image-2024-11-25-at-20.47.47-300x169.jpeg\" alt=\"\" width=\"300\" height=\"169\" srcset=\"https:\/\/mediagroup.mx\/wp-content\/uploads\/2024\/11\/WhatsApp-Image-2024-11-25-at-20.47.47-300x169.jpeg 300w, https:\/\/mediagroup.mx\/wp-content\/uploads\/2024\/11\/WhatsApp-Image-2024-11-25-at-20.47.47-1024x576.jpeg 1024w, https:\/\/mediagroup.mx\/wp-content\/uploads\/2024\/11\/WhatsApp-Image-2024-11-25-at-20.47.47-768x432.jpeg 768w, https:\/\/mediagroup.mx\/wp-content\/uploads\/2024\/11\/WhatsApp-Image-2024-11-25-at-20.47.47-150x84.jpeg 150w, https:\/\/mediagroup.mx\/wp-content\/uploads\/2024\/11\/WhatsApp-Image-2024-11-25-at-20.47.47-696x392.jpeg 696w, https:\/\/mediagroup.mx\/wp-content\/uploads\/2024\/11\/WhatsApp-Image-2024-11-25-at-20.47.47-1068x601.jpeg 1068w, https:\/\/mediagroup.mx\/wp-content\/uploads\/2024\/11\/WhatsApp-Image-2024-11-25-at-20.47.47.jpeg 1280w\" sizes=\"auto, (max-width: 300px) 100vw, 300px\" \/><\/p>\n","protected":false},"excerpt":{"rendered":"<p>Desde la bancada de Movimiento Ciudadano en la LXXVI Legislatura Local, se contin\u00faa defendiendo los derechos de las ni\u00f1as y mujeres, y un entorno libre de violencia para ellas, afirm\u00f3 el coordinador del Grupo Parlamentario Naranja, V\u00edctor Manr\u00edquez Gonz\u00e1lez. El diputado local afirm\u00f3 que las ni\u00f1as y mujeres tienen aliados comprometidos con sus causas y [&hellip;]<\/p>\n","protected":false},"author":2,"featured_media":59470,"comment_status":"closed","ping_status":"closed","sticky":false,"template":"","format":"standard","meta":{"om_disable_all_campaigns":false,"_monsterinsights_skip_tracking":false,"_monsterinsights_sitenote_active":false,"_monsterinsights_sitenote_note":"","_monsterinsights_sitenote_category":0,"_uf_show_specific_survey":0,"_uf_disable_surveys":false,"_jetpack_memberships_contains_paid_content":false,"footnotes":"","jetpack_publicize_message":"Desde la bancada naranja se seguir\u00e1 defendiendo los derechos de las mujeres: V\u00edctor Manr\u00edquez","jetpack_publicize_feature_enabled":true,"jetpack_social_post_already_shared":true,"jetpack_social_options":{"image_generator_settings":{"template":"highway","default_image_id":0,"enabled":false},"version":2}},"categories":[15,63],"tags":[],"class_list":{"0":"post-59469","1":"post","2":"type-post","3":"status-publish","4":"format-standard","5":"has-post-thumbnail","7":"category-michoacan","8":"category-politica"},"aioseo_notices":[],"jetpack_publicize_connections":[],"jetpack_featured_media_url":"https:\/\/mediagroup.mx\/wp-content\/uploads\/2024\/11\/WhatsApp-Image-2024-11-25-at-20.47.47.jpeg","jetpack_sharing_enabled":true,"_links":{"self":[{"href":"https:\/\/mediagroup.mx\/index.php\/wp-json\/wp\/v2\/posts\/59469","targetHints":{"allow":["GET"]}}],"collection":[{"href":"https:\/\/mediagroup.mx\/index.php\/wp-json\/wp\/v2\/posts"}],"about":[{"href":"https:\/\/mediagroup.mx\/index.php\/wp-json\/wp\/v2\/types\/post"}],"author":[{"embeddable":true,"href":"https:\/\/mediagroup.mx\/index.php\/wp-json\/wp\/v2\/users\/2"}],"replies":[{"embeddable":true,"href":"https:\/\/mediagroup.mx\/index.php\/wp-json\/wp\/v2\/comments?post=59469"}],"version-history":[{"count":1,"href":"https:\/\/mediagroup.mx\/index.php\/wp-json\/wp\/v2\/posts\/59469\/revisions"}],"predecessor-version":[{"id":59471,"href":"https:\/\/mediagroup.mx\/index.php\/wp-json\/wp\/v2\/posts\/59469\/revisions\/59471"}],"wp:featuredmedia":[{"embeddable":true,"href":"https:\/\/mediagroup.mx\/index.php\/wp-json\/wp\/v2\/media\/59470"}],"wp:attachment":[{"href":"https:\/\/mediagroup.mx\/index.php\/wp-json\/wp\/v2\/media?parent=59469"}],"wp:term":[{"taxonomy":"category","embeddable":true,"href":"https:\/\/mediagroup.mx\/index.php\/wp-json\/wp\/v2\/categories?post=59469"},{"taxonomy":"post_tag","embeddable":true,"href":"https:\/\/mediagroup.mx\/index.php\/wp-json\/wp\/v2\/tags?post=59469"}],"curies":[{"name":"wp","href":"https:\/\/api.w.org\/{rel}","templated":true}]}}