{"id":59472,"date":"2024-11-26T12:09:05","date_gmt":"2024-11-26T18:09:05","guid":{"rendered":"https:\/\/mediagroup.mx\/?p=59472"},"modified":"2024-11-26T12:09:05","modified_gmt":"2024-11-26T18:09:05","slug":"ratifica-diputada-brissa-arroyo-compromiso-de-coadyuvar-en-prevencion-de-la-violencia-contra-las-mujeres","status":"publish","type":"post","link":"https:\/\/mediagroup.mx\/index.php\/2024\/11\/26\/ratifica-diputada-brissa-arroyo-compromiso-de-coadyuvar-en-prevencion-de-la-violencia-contra-las-mujeres\/","title":{"rendered":"Ratifica diputada Brissa Arroyo compromiso de coadyuvar en prevenci\u00f3n de la violencia contra las mujeres"},"content":{"rendered":"<div>En el Poder Legislativo soy la voz de las mujeres y una aliada para coadyuvar a que se respeten y ejerzan libremente sus derechos, como a vivir una vida libre de violencia, afirm\u00f3 la diputada local Brissa Arroyo Mart\u00ednez.<\/div>\n<div><\/div>\n<div>En el marco del D\u00eda\u00a0 internacional para la eliminaci\u00f3n de la violencia contra las mujeres, Arrayo Mart\u00ednez ratific\u00f3 su compromiso de seguir legislando para prevenir, erradicar y sancionar la violencia\u00a0 contra ni\u00f1as, mujeres y adolescentes.<\/div>\n<div><\/div>\n<div>Luego de participar en el acto protocolario para la instalaci\u00f3n del Punto Naranja en el Palacio Legislativo y en el edificio \u201cGeneral L\u00e1zaro C\u00e1rdenas del R\u00edo\u201d, la Congresista local, integrante del Grupo Parlamentario del\u00a0 Partido de la Revoluci\u00f3n Democr\u00e1tica (GPPRD), reconoci\u00f3 la voluntad de las legisladoras y legisladores de la 76 Legislatura para aprobar el Punto Naranja como un espacio seguro para las mujeres que se sienten en riesgo.<\/div>\n<div><\/div>\n<div>En ese contexto,\u00a0 la \u201cHija del Sol\u201d,\u00a0 expres\u00f3 que atender el tema de la violencia debe ser de forma integral con la participaci\u00f3n de sociedad, autoridades de los diferentes \u00f3rdenes de gobierno y los tres Poderes.<\/div>\n<div><\/div>\n<div>\u201cLa violencia hacia las mujeres s\u00ed existe, es real, no distingue espacios, colores ni ideolog\u00edas, por eso, mi compromiso desde el Congreso Local es\u00a0 seguir legislando para frenar este flagelo que nos lastima a todos como sociedad, y por otra parte, acompa\u00f1ar los esfuerzos que se hagan en este sentido, como es el Punto Naranja\u201d, abund\u00f3.<\/div>\n<div><\/div>\n<div>Ejemplific\u00f3 que diariamente las mujeres se enfrentan a diferentes tipos de violencia como simb\u00f3lica, econ\u00f3mica, sexual, f\u00edsica, pol\u00edtica, entre otras, por lo que uno de los compromisos fomentar desde el Poder Legislativo una red de apoyo para quienes enfrentan esta situaci\u00f3n.<\/div>\n<div><\/div>\n<div>Para concluir, la \u201cHija del Sol\u201d, hizo \u00e9nfasis en que desde\u00a0 el Comit\u00e9 de Atenci\u00f3n Ciudadana y Gestor\u00eda de la 76 Legislatura, se estar\u00e1 tambi\u00e9n atendiendo a las mujeres michoacanas.<\/div>\n<div><img loading=\"lazy\" decoding=\"async\" class=\"alignnone size-medium wp-image-59473\" src=\"https:\/\/mediagroup.mx\/wp-content\/uploads\/2024\/11\/WhatsApp-Image-2024-11-25-at-21.43.08-300x200.jpeg\" alt=\"\" width=\"300\" height=\"200\" srcset=\"https:\/\/mediagroup.mx\/wp-content\/uploads\/2024\/11\/WhatsApp-Image-2024-11-25-at-21.43.08-300x200.jpeg 300w, https:\/\/mediagroup.mx\/wp-content\/uploads\/2024\/11\/WhatsApp-Image-2024-11-25-at-21.43.08-1024x682.jpeg 1024w, https:\/\/mediagroup.mx\/wp-content\/uploads\/2024\/11\/WhatsApp-Image-2024-11-25-at-21.43.08-768x512.jpeg 768w, https:\/\/mediagroup.mx\/wp-content\/uploads\/2024\/11\/WhatsApp-Image-2024-11-25-at-21.43.08-1536x1023.jpeg 1536w, https:\/\/mediagroup.mx\/wp-content\/uploads\/2024\/11\/WhatsApp-Image-2024-11-25-at-21.43.08-150x100.jpeg 150w, https:\/\/mediagroup.mx\/wp-content\/uploads\/2024\/11\/WhatsApp-Image-2024-11-25-at-21.43.08-696x464.jpeg 696w, https:\/\/mediagroup.mx\/wp-content\/uploads\/2024\/11\/WhatsApp-Image-2024-11-25-at-21.43.08-1068x712.jpeg 1068w, https:\/\/mediagroup.mx\/wp-content\/uploads\/2024\/11\/WhatsApp-Image-2024-11-25-at-21.43.08.jpeg 1600w\" sizes=\"auto, (max-width: 300px) 100vw, 300px\" \/><\/div>\n","protected":false},"excerpt":{"rendered":"<p>En el Poder Legislativo soy la voz de las mujeres y una aliada para coadyuvar a que se respeten y ejerzan libremente sus derechos, como a vivir una vida libre de violencia, afirm\u00f3 la diputada local Brissa Arroyo Mart\u00ednez. En el marco del D\u00eda\u00a0 internacional para la eliminaci\u00f3n de la violencia contra las mujeres, Arrayo [&hellip;]<\/p>\n","protected":false},"author":2,"featured_media":59473,"comment_status":"closed","ping_status":"closed","sticky":false,"template":"","format":"standard","meta":{"om_disable_all_campaigns":false,"_monsterinsights_skip_tracking":false,"_monsterinsights_sitenote_active":false,"_monsterinsights_sitenote_note":"","_monsterinsights_sitenote_category":0,"_uf_show_specific_survey":0,"_uf_disable_surveys":false,"_jetpack_memberships_contains_paid_content":false,"footnotes":"","jetpack_publicize_message":"Ratifica diputada Brissa Arroyo compromiso de coadyuvar en prevenci\u00f3n de la violencia contra las mujeres\u00a0\r\n\r\n\r\n\u2022Soy la voz de las mujeres en el Poder Legislativo\u00a0\r\n\u2022La violencia s\u00ed existe, y no distingue espacios ni ideolog\u00edas\u00a0","jetpack_publicize_feature_enabled":true,"jetpack_social_post_already_shared":true,"jetpack_social_options":{"image_generator_settings":{"template":"highway","default_image_id":0,"enabled":false},"version":2}},"categories":[15,63],"tags":[],"class_list":{"0":"post-59472","1":"post","2":"type-post","3":"status-publish","4":"format-standard","5":"has-post-thumbnail","7":"category-michoacan","8":"category-politica"},"aioseo_notices":[],"jetpack_publicize_connections":[],"jetpack_featured_media_url":"https:\/\/mediagroup.mx\/wp-content\/uploads\/2024\/11\/WhatsApp-Image-2024-11-25-at-21.43.08.jpeg","jetpack_sharing_enabled":true,"_links":{"self":[{"href":"https:\/\/mediagroup.mx\/index.php\/wp-json\/wp\/v2\/posts\/59472","targetHints":{"allow":["GET"]}}],"collection":[{"href":"https:\/\/mediagroup.mx\/index.php\/wp-json\/wp\/v2\/posts"}],"about":[{"href":"https:\/\/mediagroup.mx\/index.php\/wp-json\/wp\/v2\/types\/post"}],"author":[{"embeddable":true,"href":"https:\/\/mediagroup.mx\/index.php\/wp-json\/wp\/v2\/users\/2"}],"replies":[{"embeddable":true,"href":"https:\/\/mediagroup.mx\/index.php\/wp-json\/wp\/v2\/comments?post=59472"}],"version-history":[{"count":1,"href":"https:\/\/mediagroup.mx\/index.php\/wp-json\/wp\/v2\/posts\/59472\/revisions"}],"predecessor-version":[{"id":59474,"href":"https:\/\/mediagroup.mx\/index.php\/wp-json\/wp\/v2\/posts\/59472\/revisions\/59474"}],"wp:featuredmedia":[{"embeddable":true,"href":"https:\/\/mediagroup.mx\/index.php\/wp-json\/wp\/v2\/media\/59473"}],"wp:attachment":[{"href":"https:\/\/mediagroup.mx\/index.php\/wp-json\/wp\/v2\/media?parent=59472"}],"wp:term":[{"taxonomy":"category","embeddable":true,"href":"https:\/\/mediagroup.mx\/index.php\/wp-json\/wp\/v2\/categories?post=59472"},{"taxonomy":"post_tag","embeddable":true,"href":"https:\/\/mediagroup.mx\/index.php\/wp-json\/wp\/v2\/tags?post=59472"}],"curies":[{"name":"wp","href":"https:\/\/api.w.org\/{rel}","templated":true}]}}