{"id":59481,"date":"2024-11-26T12:14:57","date_gmt":"2024-11-26T18:14:57","guid":{"rendered":"https:\/\/mediagroup.mx\/?p=59481"},"modified":"2024-11-26T12:14:57","modified_gmt":"2024-11-26T18:14:57","slug":"el-congreso-de-michoacan-es-pionero-en-convertirse-en-espacio-seguro-para-mujeres-destaca-teresita-herrera","status":"publish","type":"post","link":"https:\/\/mediagroup.mx\/index.php\/2024\/11\/26\/el-congreso-de-michoacan-es-pionero-en-convertirse-en-espacio-seguro-para-mujeres-destaca-teresita-herrera\/","title":{"rendered":"El Congreso de Michoac\u00e1n es pionero en convertirse en espacio seguro para mujeres, destaca Teresita Herrera"},"content":{"rendered":"<p>El Congreso de Michoac\u00e1n se convierte en el Primer Palacio Legislativo, a nivel nacional, en ser un espacio seguro para las mujeres, apunt\u00f3 Teresita Herrera Maldonado, coordinadora parlamentaria del PAN.<br \/>\nDurante el evento de instalaci\u00f3n del Punto Naranja en el Congreso del Estado, Tere Herrera destac\u00f3 que la importancia de la implementaci\u00f3n de esta estrategia que no solo contempla los espacios f\u00edsicos, sino los refugios emocionales y de acompa\u00f1amiento donde las mujeres pueden encontrar apoyo y protecci\u00f3n.<br \/>\n\u201cHablar de sororidad y empat\u00eda no puede quedarse en discursos est\u00e9riles. Este Congreso decidi\u00f3 tomar acciones reales, dejando un legado tangible. Celebro que, con una visi\u00f3n amplia y un\u00e1nime, hayamos aprobado este punto de acuerdo\u201d, resalt\u00f3.<br \/>\nAsimismo, la diputada Sandra Arreola Ruiz, coordinadora del PVEM y proponente de esta iniciativa, subray\u00f3 el compromiso del Congreso para ser un aliado en la lucha contra la violencia.<br \/>\n\u201cEste Punto Naranja ser\u00e1 un recordatorio de que las mujeres no est\u00e1n solas y aqu\u00ed tienen aliadas y aliados. La violencia no termina con un solo gesto, sino con un trabajo integral\u201d, a\u00f1adi\u00f3 la diputada.<br \/>\nLas legisladoras anunciaron que esta iniciativa ser\u00e1 enviada a todos los congresos de los estados para que se repliquen y se conviertan en espacios seguros para todas.<br \/>\nEn su turno, Nuria Hern\u00e1ndez Abarca, directora de la Mujer Moreliana para la Igualdad Sustantiva, explic\u00f3 el protocolo de actuaci\u00f3n que se activa en caso de emergencia en los Puntos Naranja, destacando que cada espacio responde a la realidad espec\u00edfica de su entorno.<br \/>\nPor su parte, el presidente de la Mesa Directiva, Juan Antonio Maga\u00f1a de la Mora, enfatiz\u00f3 que la \u00fanica ruta para eliminar la violencia contra las mujeres es a trav\u00e9s del acompa\u00f1amiento y la suma de esfuerzos.<br \/>\nEn representaci\u00f3n del gobernador Alfredo Ram\u00edrez Bedolla, Alejandra Anguiano Gonz\u00e1lez, de la Secretar\u00eda de Igualdad Sustantiva y Desarrollo de las Mujeres Michoacanas (Seimujer), inform\u00f3 que el gobierno ha otorgado m\u00e1s apoyos a las v\u00edctimas de violencia de g\u00e9nero, adem\u00e1s de generar estrategias para revertir las preocupantes cifras; al detallar que \u201cel acceso a la justicia es esencial para garantizar un mejor futuro para las ni\u00f1as, adolescentes y mujeres de Michoac\u00e1n\u201d.<br \/>\nDe igual manera, Fabiola Alan\u00eds S\u00e1mano, presidenta de la Junta de Coordinaci\u00f3n Pol\u00edtica, lament\u00f3 que diariamente se registren diez homicidios de mujeres en M\u00e9xico, y reiter\u00f3 la importancia de seguir trabajando con instrumentos como protocolos en los \u00e1mbitos educativo, laboral y comunitario.<br \/>\nFinalmente, Melba Albavera Padilla, presidenta de la Comisi\u00f3n de Igualdad de G\u00e9nero, destac\u00f3 que esta acci\u00f3n representa un avance tangible en la lucha contra la violencia.<br \/>\nLa propuesta ser\u00e1 enviada a todos los congresos estatales, con el objetivo de que se unan a esta iniciativa que marca un precedente en la lucha por garantizar la seguridad y dignidad de las mujeres en M\u00e9xico.<\/p>\n<p><img loading=\"lazy\" decoding=\"async\" class=\"alignnone size-medium wp-image-59482\" src=\"https:\/\/mediagroup.mx\/wp-content\/uploads\/2024\/11\/WhatsApp-Image-2024-11-25-at-21.44.55-300x200.jpeg\" alt=\"\" width=\"300\" height=\"200\" srcset=\"https:\/\/mediagroup.mx\/wp-content\/uploads\/2024\/11\/WhatsApp-Image-2024-11-25-at-21.44.55-300x200.jpeg 300w, https:\/\/mediagroup.mx\/wp-content\/uploads\/2024\/11\/WhatsApp-Image-2024-11-25-at-21.44.55-1024x682.jpeg 1024w, https:\/\/mediagroup.mx\/wp-content\/uploads\/2024\/11\/WhatsApp-Image-2024-11-25-at-21.44.55-768x512.jpeg 768w, https:\/\/mediagroup.mx\/wp-content\/uploads\/2024\/11\/WhatsApp-Image-2024-11-25-at-21.44.55-150x100.jpeg 150w, https:\/\/mediagroup.mx\/wp-content\/uploads\/2024\/11\/WhatsApp-Image-2024-11-25-at-21.44.55-696x464.jpeg 696w, https:\/\/mediagroup.mx\/wp-content\/uploads\/2024\/11\/WhatsApp-Image-2024-11-25-at-21.44.55-1068x712.jpeg 1068w, https:\/\/mediagroup.mx\/wp-content\/uploads\/2024\/11\/WhatsApp-Image-2024-11-25-at-21.44.55.jpeg 1280w\" sizes=\"auto, (max-width: 300px) 100vw, 300px\" \/><\/p>\n","protected":false},"excerpt":{"rendered":"<p>El Congreso de Michoac\u00e1n se convierte en el Primer Palacio Legislativo, a nivel nacional, en ser un espacio seguro para las mujeres, apunt\u00f3 Teresita Herrera Maldonado, coordinadora parlamentaria del PAN. Durante el evento de instalaci\u00f3n del Punto Naranja en el Congreso del Estado, Tere Herrera destac\u00f3 que la importancia de la implementaci\u00f3n de esta estrategia [&hellip;]<\/p>\n","protected":false},"author":2,"featured_media":59482,"comment_status":"closed","ping_status":"closed","sticky":false,"template":"","format":"standard","meta":{"om_disable_all_campaigns":false,"_monsterinsights_skip_tracking":false,"_monsterinsights_sitenote_active":false,"_monsterinsights_sitenote_note":"","_monsterinsights_sitenote_category":0,"_uf_show_specific_survey":0,"_uf_disable_surveys":false,"_jetpack_memberships_contains_paid_content":false,"footnotes":"","jetpack_publicize_message":"El Congreso de Michoac\u00e1n es pionero en convertirse en espacio seguro para mujeres, destaca Teresita Herrera\r\n- Durante el evento fueron instalados los \u201cPunto Naranja\u201d en el Palacio Legislativo y el edificio L\u00e1zaro C\u00e1rdenas del Rio.","jetpack_publicize_feature_enabled":true,"jetpack_social_post_already_shared":true,"jetpack_social_options":{"image_generator_settings":{"template":"highway","default_image_id":0,"enabled":false},"version":2}},"categories":[15,63],"tags":[],"class_list":{"0":"post-59481","1":"post","2":"type-post","3":"status-publish","4":"format-standard","5":"has-post-thumbnail","7":"category-michoacan","8":"category-politica"},"aioseo_notices":[],"jetpack_publicize_connections":[],"jetpack_featured_media_url":"https:\/\/mediagroup.mx\/wp-content\/uploads\/2024\/11\/WhatsApp-Image-2024-11-25-at-21.44.55.jpeg","jetpack_sharing_enabled":true,"_links":{"self":[{"href":"https:\/\/mediagroup.mx\/index.php\/wp-json\/wp\/v2\/posts\/59481","targetHints":{"allow":["GET"]}}],"collection":[{"href":"https:\/\/mediagroup.mx\/index.php\/wp-json\/wp\/v2\/posts"}],"about":[{"href":"https:\/\/mediagroup.mx\/index.php\/wp-json\/wp\/v2\/types\/post"}],"author":[{"embeddable":true,"href":"https:\/\/mediagroup.mx\/index.php\/wp-json\/wp\/v2\/users\/2"}],"replies":[{"embeddable":true,"href":"https:\/\/mediagroup.mx\/index.php\/wp-json\/wp\/v2\/comments?post=59481"}],"version-history":[{"count":1,"href":"https:\/\/mediagroup.mx\/index.php\/wp-json\/wp\/v2\/posts\/59481\/revisions"}],"predecessor-version":[{"id":59483,"href":"https:\/\/mediagroup.mx\/index.php\/wp-json\/wp\/v2\/posts\/59481\/revisions\/59483"}],"wp:featuredmedia":[{"embeddable":true,"href":"https:\/\/mediagroup.mx\/index.php\/wp-json\/wp\/v2\/media\/59482"}],"wp:attachment":[{"href":"https:\/\/mediagroup.mx\/index.php\/wp-json\/wp\/v2\/media?parent=59481"}],"wp:term":[{"taxonomy":"category","embeddable":true,"href":"https:\/\/mediagroup.mx\/index.php\/wp-json\/wp\/v2\/categories?post=59481"},{"taxonomy":"post_tag","embeddable":true,"href":"https:\/\/mediagroup.mx\/index.php\/wp-json\/wp\/v2\/tags?post=59481"}],"curies":[{"name":"wp","href":"https:\/\/api.w.org\/{rel}","templated":true}]}}