{"id":59484,"date":"2024-11-26T12:18:39","date_gmt":"2024-11-26T18:18:39","guid":{"rendered":"https:\/\/mediagroup.mx\/?p=59484"},"modified":"2024-11-26T12:18:39","modified_gmt":"2024-11-26T18:18:39","slug":"emma-rivera-reafirma-compromiso-con-la-eliminacion-de-la-violencia-contra-las-mujeres","status":"publish","type":"post","link":"https:\/\/mediagroup.mx\/index.php\/2024\/11\/26\/emma-rivera-reafirma-compromiso-con-la-eliminacion-de-la-violencia-contra-las-mujeres\/","title":{"rendered":"Emma Rivera reafirma compromiso con la eliminaci\u00f3n de la violencia contra las mujeres"},"content":{"rendered":"<p>En el marco del D\u00eda Internacional para la Eliminaci\u00f3n de la Violencia contra las Mujeres, la diputada local Emma Rivera Camacho destac\u00f3 la urgencia de erradicar la violencia de g\u00e9nero en todos los niveles de la sociedad.<\/p>\n<p>Reconoci\u00f3 los avances en esta lucha, pero enfatiz\u00f3 que a\u00fan queda mucho por hacer para garantizar la seguridad y la dignidad de todas las mujeres y ni\u00f1as.<\/p>\n<p>La diputada Rivera Camacho subray\u00f3 la importancia de involucrar a todos los sectores de la sociedad, incluidos los hombres, en la erradicaci\u00f3n de la violencia.<\/p>\n<p>Adem\u00e1s, resalt\u00f3 los esfuerzos legislativos en Michoac\u00e1n, como la promoci\u00f3n de talleres sobre nuevas masculinidades, para sensibilizar y educar sobre la igualdad de g\u00e9nero.<\/p>\n<p>La diputada tambi\u00e9n hizo un llamado a las instituciones de justicia para que act\u00faen con mayor compromiso en la protecci\u00f3n de las v\u00edctimas y en la prevenci\u00f3n de la violencia.<\/p>\n<p>\u201cEs hora de que como sociedad trabajemos juntos para garantizar la protecci\u00f3n y el bienestar de las mujeres\u201d, afirm\u00f3 Rivera.<\/p>\n<p>Con este pronunciamiento, Emma Rivera reafirm\u00f3 su compromiso de seguir impulsando pol\u00edticas y reformas que fortalezcan la lucha por la igualdad de g\u00e9nero y la erradicaci\u00f3n de la violencia contra las mujeres.<\/p>\n<p><img loading=\"lazy\" decoding=\"async\" class=\"alignnone size-medium wp-image-59485\" src=\"https:\/\/mediagroup.mx\/wp-content\/uploads\/2024\/11\/WhatsApp-Image-2024-11-25-at-21.44.55-1-300x169.jpeg\" alt=\"\" width=\"300\" height=\"169\" srcset=\"https:\/\/mediagroup.mx\/wp-content\/uploads\/2024\/11\/WhatsApp-Image-2024-11-25-at-21.44.55-1-300x169.jpeg 300w, https:\/\/mediagroup.mx\/wp-content\/uploads\/2024\/11\/WhatsApp-Image-2024-11-25-at-21.44.55-1-1024x576.jpeg 1024w, https:\/\/mediagroup.mx\/wp-content\/uploads\/2024\/11\/WhatsApp-Image-2024-11-25-at-21.44.55-1-768x432.jpeg 768w, https:\/\/mediagroup.mx\/wp-content\/uploads\/2024\/11\/WhatsApp-Image-2024-11-25-at-21.44.55-1-150x84.jpeg 150w, https:\/\/mediagroup.mx\/wp-content\/uploads\/2024\/11\/WhatsApp-Image-2024-11-25-at-21.44.55-1-696x392.jpeg 696w, https:\/\/mediagroup.mx\/wp-content\/uploads\/2024\/11\/WhatsApp-Image-2024-11-25-at-21.44.55-1-1068x601.jpeg 1068w, https:\/\/mediagroup.mx\/wp-content\/uploads\/2024\/11\/WhatsApp-Image-2024-11-25-at-21.44.55-1.jpeg 1280w\" sizes=\"auto, (max-width: 300px) 100vw, 300px\" \/><\/p>\n","protected":false},"excerpt":{"rendered":"<p>En el marco del D\u00eda Internacional para la Eliminaci\u00f3n de la Violencia contra las Mujeres, la diputada local Emma Rivera Camacho destac\u00f3 la urgencia de erradicar la violencia de g\u00e9nero en todos los niveles de la sociedad. Reconoci\u00f3 los avances en esta lucha, pero enfatiz\u00f3 que a\u00fan queda mucho por hacer para garantizar la seguridad [&hellip;]<\/p>\n","protected":false},"author":2,"featured_media":59485,"comment_status":"closed","ping_status":"closed","sticky":false,"template":"","format":"standard","meta":{"om_disable_all_campaigns":false,"_monsterinsights_skip_tracking":false,"_monsterinsights_sitenote_active":false,"_monsterinsights_sitenote_note":"","_monsterinsights_sitenote_category":0,"_uf_show_specific_survey":0,"_uf_disable_surveys":false,"_jetpack_memberships_contains_paid_content":false,"footnotes":"","jetpack_publicize_message":"Emma Rivera reafirma compromiso con la eliminaci\u00f3n de la violencia contra las mujeres","jetpack_publicize_feature_enabled":true,"jetpack_social_post_already_shared":true,"jetpack_social_options":{"image_generator_settings":{"template":"highway","default_image_id":0,"enabled":false},"version":2}},"categories":[15,63],"tags":[],"class_list":{"0":"post-59484","1":"post","2":"type-post","3":"status-publish","4":"format-standard","5":"has-post-thumbnail","7":"category-michoacan","8":"category-politica"},"aioseo_notices":[],"jetpack_publicize_connections":[],"jetpack_featured_media_url":"https:\/\/mediagroup.mx\/wp-content\/uploads\/2024\/11\/WhatsApp-Image-2024-11-25-at-21.44.55-1.jpeg","jetpack_sharing_enabled":true,"_links":{"self":[{"href":"https:\/\/mediagroup.mx\/index.php\/wp-json\/wp\/v2\/posts\/59484","targetHints":{"allow":["GET"]}}],"collection":[{"href":"https:\/\/mediagroup.mx\/index.php\/wp-json\/wp\/v2\/posts"}],"about":[{"href":"https:\/\/mediagroup.mx\/index.php\/wp-json\/wp\/v2\/types\/post"}],"author":[{"embeddable":true,"href":"https:\/\/mediagroup.mx\/index.php\/wp-json\/wp\/v2\/users\/2"}],"replies":[{"embeddable":true,"href":"https:\/\/mediagroup.mx\/index.php\/wp-json\/wp\/v2\/comments?post=59484"}],"version-history":[{"count":1,"href":"https:\/\/mediagroup.mx\/index.php\/wp-json\/wp\/v2\/posts\/59484\/revisions"}],"predecessor-version":[{"id":59486,"href":"https:\/\/mediagroup.mx\/index.php\/wp-json\/wp\/v2\/posts\/59484\/revisions\/59486"}],"wp:featuredmedia":[{"embeddable":true,"href":"https:\/\/mediagroup.mx\/index.php\/wp-json\/wp\/v2\/media\/59485"}],"wp:attachment":[{"href":"https:\/\/mediagroup.mx\/index.php\/wp-json\/wp\/v2\/media?parent=59484"}],"wp:term":[{"taxonomy":"category","embeddable":true,"href":"https:\/\/mediagroup.mx\/index.php\/wp-json\/wp\/v2\/categories?post=59484"},{"taxonomy":"post_tag","embeddable":true,"href":"https:\/\/mediagroup.mx\/index.php\/wp-json\/wp\/v2\/tags?post=59484"}],"curies":[{"name":"wp","href":"https:\/\/api.w.org\/{rel}","templated":true}]}}