{"id":59487,"date":"2024-11-25T12:19:24","date_gmt":"2024-11-25T18:19:24","guid":{"rendered":"https:\/\/mediagroup.mx\/?p=59487"},"modified":"2024-11-26T12:22:29","modified_gmt":"2024-11-26T18:22:29","slug":"consolidaremos-un-poder-legislativo-digital-conrado-paz-torres","status":"publish","type":"post","link":"https:\/\/mediagroup.mx\/index.php\/2024\/11\/25\/consolidaremos-un-poder-legislativo-digital-conrado-paz-torres\/","title":{"rendered":"Consolidaremos un Poder Legislativo Digital: Conrado Paz Torres"},"content":{"rendered":"<p>Con la firme convicci\u00f3n de consolidar un Congreso local de puertas abiertas para las y los michoacanos, el Diputado Conrado Paz Torres, instal\u00f3 los trabajos del Comit\u00e9 de Transparencia y Acceso a la Informaci\u00f3n P\u00fablica del Poder Legislativo de Michoac\u00e1n.<\/p>\n<p>Acompa\u00f1ado por diversas personalidades, el tambi\u00e9n coordinador de los diputados independientes, refrend\u00f3 su compromiso de afianzar un Congreso abierto, transparente, que rinda cuentas claras a los ciudadanos y que garantice el derecho a la informaci\u00f3n para todo aquel que as\u00ed lo necesite.<\/p>\n<p>Uno de los grandes desaf\u00edos para este Comit\u00e9 ser\u00e1 la consolidaci\u00f3n de un Congreso digital, asegur\u00f3 Conrado Paz, \u00abque haga m\u00e1s eficiente la atenci\u00f3n a las solicitudes de informaci\u00f3n pero tambi\u00e9n que permita a los michoacanos conocer la labor del Congreso, as\u00ed como el uso de los recursos p\u00fablicos y el destino de los mismos\u00bb.<\/p>\n<p>En su turno, Carlos Alejandro Bautista Tafolla, vicecoordinador del Grupo Parlamentario de Diputados Independientes, celebr\u00f3 la designaci\u00f3n del Diputado Conrado Paz como presidente de este comit\u00e9, pues adem\u00e1s de ser una persona congruente con el decir y hacer, es una persona que tiene compromiso con la ciudadan\u00eda de rendir cuentas claras y de trabajar siempre con transparencia.<\/p>\n<p>Adicional a ello, Bautista Tafolla lament\u00f3 que a\u00fan persista una deuda hist\u00f3rica con la sociedad para salvaguardar su derecho a la informaci\u00f3n p\u00fablica y la protecci\u00f3n de datos personales, por lo que se declar\u00f3 un aliado de este Comit\u00e9 para transformar el Congreso, abrirlo a la ciudadan\u00eda y que sea m\u00e1s f\u00e1cil y accesible la informaci\u00f3n que es p\u00fablica y es de todos los michoacanos.<\/p>\n<p>Cabe se\u00f1alar que durante la instalaci\u00f3n de este Comit\u00e9, se cont\u00f3 con la presencia del presidente de la Mesa Directiva del Congreso local, Juan Antonio Maga\u00f1a de la Mora; del presidente del IMAIP, Abraham Montes Maga\u00f1a; del Subsecretario de la Funci\u00f3n P\u00fablica, Ramiro Nepita Ch\u00e1vez; del Director de Gobierno Digital del Poder Ejecutivo del Estado, Juan Pablo Granados; del Secretario T\u00e9cnico del Comit\u00e9, el Mtro. Luis Araujo Arcos; del Mtro. Luis H\u00e9ctor M\u00e1rquez, as\u00ed como de la Lic. Carina de Jes\u00fas Garc\u00eda Campos, titular de la Coordinaci\u00f3n de Transparencia y Acceso a la Informaci\u00f3n P\u00fablica del Congreso local.<\/p>\n<p><img loading=\"lazy\" decoding=\"async\" class=\"alignnone size-medium wp-image-59488\" src=\"https:\/\/mediagroup.mx\/wp-content\/uploads\/2024\/11\/WhatsApp-Image-2024-11-25-at-21.44.56-300x200.jpeg\" alt=\"\" width=\"300\" height=\"200\" srcset=\"https:\/\/mediagroup.mx\/wp-content\/uploads\/2024\/11\/WhatsApp-Image-2024-11-25-at-21.44.56-300x200.jpeg 300w, https:\/\/mediagroup.mx\/wp-content\/uploads\/2024\/11\/WhatsApp-Image-2024-11-25-at-21.44.56-1024x683.jpeg 1024w, https:\/\/mediagroup.mx\/wp-content\/uploads\/2024\/11\/WhatsApp-Image-2024-11-25-at-21.44.56-768x512.jpeg 768w, https:\/\/mediagroup.mx\/wp-content\/uploads\/2024\/11\/WhatsApp-Image-2024-11-25-at-21.44.56-150x100.jpeg 150w, https:\/\/mediagroup.mx\/wp-content\/uploads\/2024\/11\/WhatsApp-Image-2024-11-25-at-21.44.56-696x464.jpeg 696w, https:\/\/mediagroup.mx\/wp-content\/uploads\/2024\/11\/WhatsApp-Image-2024-11-25-at-21.44.56-1068x713.jpeg 1068w, https:\/\/mediagroup.mx\/wp-content\/uploads\/2024\/11\/WhatsApp-Image-2024-11-25-at-21.44.56.jpeg 1280w\" sizes=\"auto, (max-width: 300px) 100vw, 300px\" \/><\/p>\n","protected":false},"excerpt":{"rendered":"<p>Con la firme convicci\u00f3n de consolidar un Congreso local de puertas abiertas para las y los michoacanos, el Diputado Conrado Paz Torres, instal\u00f3 los trabajos del Comit\u00e9 de Transparencia y Acceso a la Informaci\u00f3n P\u00fablica del Poder Legislativo de Michoac\u00e1n. Acompa\u00f1ado por diversas personalidades, el tambi\u00e9n coordinador de los diputados independientes, refrend\u00f3 su compromiso de [&hellip;]<\/p>\n","protected":false},"author":2,"featured_media":59488,"comment_status":"closed","ping_status":"closed","sticky":false,"template":"","format":"standard","meta":{"om_disable_all_campaigns":false,"_monsterinsights_skip_tracking":false,"_monsterinsights_sitenote_active":false,"_monsterinsights_sitenote_note":"","_monsterinsights_sitenote_category":0,"_uf_show_specific_survey":0,"_uf_disable_surveys":false,"_jetpack_memberships_contains_paid_content":false,"footnotes":"","jetpack_publicize_message":"Consolidaremos un Poder Legislativo Digital: Conrado Paz Torres\r\n*El tambi\u00e9n coordinador de los Diputados Independientes, instal\u00f3 los trabajos del Comit\u00e9 de Transparencia y Acceso a la Informaci\u00f3n P\u00fablica del Congreso del Estado.","jetpack_publicize_feature_enabled":true,"jetpack_social_post_already_shared":true,"jetpack_social_options":{"image_generator_settings":{"template":"highway","default_image_id":0,"enabled":false},"version":2}},"categories":[15,63],"tags":[],"class_list":{"0":"post-59487","1":"post","2":"type-post","3":"status-publish","4":"format-standard","5":"has-post-thumbnail","7":"category-michoacan","8":"category-politica"},"aioseo_notices":[],"jetpack_publicize_connections":[],"jetpack_featured_media_url":"https:\/\/mediagroup.mx\/wp-content\/uploads\/2024\/11\/WhatsApp-Image-2024-11-25-at-21.44.56.jpeg","jetpack_sharing_enabled":true,"_links":{"self":[{"href":"https:\/\/mediagroup.mx\/index.php\/wp-json\/wp\/v2\/posts\/59487","targetHints":{"allow":["GET"]}}],"collection":[{"href":"https:\/\/mediagroup.mx\/index.php\/wp-json\/wp\/v2\/posts"}],"about":[{"href":"https:\/\/mediagroup.mx\/index.php\/wp-json\/wp\/v2\/types\/post"}],"author":[{"embeddable":true,"href":"https:\/\/mediagroup.mx\/index.php\/wp-json\/wp\/v2\/users\/2"}],"replies":[{"embeddable":true,"href":"https:\/\/mediagroup.mx\/index.php\/wp-json\/wp\/v2\/comments?post=59487"}],"version-history":[{"count":1,"href":"https:\/\/mediagroup.mx\/index.php\/wp-json\/wp\/v2\/posts\/59487\/revisions"}],"predecessor-version":[{"id":59489,"href":"https:\/\/mediagroup.mx\/index.php\/wp-json\/wp\/v2\/posts\/59487\/revisions\/59489"}],"wp:featuredmedia":[{"embeddable":true,"href":"https:\/\/mediagroup.mx\/index.php\/wp-json\/wp\/v2\/media\/59488"}],"wp:attachment":[{"href":"https:\/\/mediagroup.mx\/index.php\/wp-json\/wp\/v2\/media?parent=59487"}],"wp:term":[{"taxonomy":"category","embeddable":true,"href":"https:\/\/mediagroup.mx\/index.php\/wp-json\/wp\/v2\/categories?post=59487"},{"taxonomy":"post_tag","embeddable":true,"href":"https:\/\/mediagroup.mx\/index.php\/wp-json\/wp\/v2\/tags?post=59487"}],"curies":[{"name":"wp","href":"https:\/\/api.w.org\/{rel}","templated":true}]}}