{"id":59496,"date":"2024-11-26T12:31:07","date_gmt":"2024-11-26T18:31:07","guid":{"rendered":"https:\/\/mediagroup.mx\/?p=59496"},"modified":"2024-11-26T12:31:07","modified_gmt":"2024-11-26T18:31:07","slug":"belinda-iturbide-atiende-agenda-de-mujeres-medicas","status":"publish","type":"post","link":"https:\/\/mediagroup.mx\/index.php\/2024\/11\/26\/belinda-iturbide-atiende-agenda-de-mujeres-medicas\/","title":{"rendered":"Belinda Iturbide atiende agenda de mujeres m\u00e9dicas"},"content":{"rendered":"<p>La agenda de trabajo de las mujeres m\u00e9dicas del Estado, fueron atendidas por la diputada local de Morena, Belinda Iturbide D\u00edaz, quien respald\u00f3 las propuestas para el impulso de la investigaci\u00f3n y curr\u00edcula a la Facultad de Medicina \u201cDr. Ignacio a Ch\u00e1vez\u201d, al igual que campa\u00f1as preventivas gratuitas para la poblaci\u00f3n.<\/p>\n<p>Las propuestas de la Asociaci\u00f3n de Mujeres M\u00e9dicas de Michoac\u00e1n, promueven mayor inversi\u00f3n econ\u00f3mica a la Facultad de Medicina, para la puesta en operaci\u00f3n de una cl\u00ednica dental y rehabilitaci\u00f3n al anfiteatro, para que los alumnos egresen con mayor preparaci\u00f3n acad\u00e9mica y se interesen por la investigaci\u00f3n.<\/p>\n<p>Las mujeres m\u00e9dicas plantearon querer trabajar de la mano de las autoridades gubernamentales y de salud, para reforzar las campa\u00f1as que se llevan al interior del estado, dando \u00e9nfasis en la salud mental, detecci\u00f3n de enfermedades cr\u00f3nicas, bucales, de sobrepeso y obesidad.<\/p>\n<p>Belinda Iturbide manifest\u00f3 que haciendo alianzas con las especialistas, se podr\u00e1n complementar los servicios de salud del gobierno estatal, sobre todo si se implementan de manera conjunta campa\u00f1as preventivas, mismas que ser\u00e1n analizadas en mesas t\u00e9cnicas, para su consolidaci\u00f3n, como parte de su trabajo legislativo.<\/p>\n<p><img loading=\"lazy\" decoding=\"async\" class=\"alignnone size-medium wp-image-59497\" src=\"https:\/\/mediagroup.mx\/wp-content\/uploads\/2024\/11\/WhatsApp-Image-2024-11-26-at-11.10.04-300x200.jpeg\" alt=\"\" width=\"300\" height=\"200\" srcset=\"https:\/\/mediagroup.mx\/wp-content\/uploads\/2024\/11\/WhatsApp-Image-2024-11-26-at-11.10.04-300x200.jpeg 300w, https:\/\/mediagroup.mx\/wp-content\/uploads\/2024\/11\/WhatsApp-Image-2024-11-26-at-11.10.04-1024x682.jpeg 1024w, https:\/\/mediagroup.mx\/wp-content\/uploads\/2024\/11\/WhatsApp-Image-2024-11-26-at-11.10.04-768x512.jpeg 768w, https:\/\/mediagroup.mx\/wp-content\/uploads\/2024\/11\/WhatsApp-Image-2024-11-26-at-11.10.04-150x100.jpeg 150w, https:\/\/mediagroup.mx\/wp-content\/uploads\/2024\/11\/WhatsApp-Image-2024-11-26-at-11.10.04-696x464.jpeg 696w, https:\/\/mediagroup.mx\/wp-content\/uploads\/2024\/11\/WhatsApp-Image-2024-11-26-at-11.10.04-1068x712.jpeg 1068w, https:\/\/mediagroup.mx\/wp-content\/uploads\/2024\/11\/WhatsApp-Image-2024-11-26-at-11.10.04.jpeg 1280w\" sizes=\"auto, (max-width: 300px) 100vw, 300px\" \/><\/p>\n","protected":false},"excerpt":{"rendered":"<p>La agenda de trabajo de las mujeres m\u00e9dicas del Estado, fueron atendidas por la diputada local de Morena, Belinda Iturbide D\u00edaz, quien respald\u00f3 las propuestas para el impulso de la investigaci\u00f3n y curr\u00edcula a la Facultad de Medicina \u201cDr. Ignacio a Ch\u00e1vez\u201d, al igual que campa\u00f1as preventivas gratuitas para la poblaci\u00f3n. Las propuestas de la [&hellip;]<\/p>\n","protected":false},"author":2,"featured_media":59497,"comment_status":"closed","ping_status":"closed","sticky":false,"template":"","format":"standard","meta":{"om_disable_all_campaigns":false,"_monsterinsights_skip_tracking":false,"_monsterinsights_sitenote_active":false,"_monsterinsights_sitenote_note":"","_monsterinsights_sitenote_category":0,"_uf_show_specific_survey":0,"_uf_disable_surveys":false,"_jetpack_memberships_contains_paid_content":false,"footnotes":"","jetpack_publicize_message":"Belinda Iturbide atiende agenda de mujeres m\u00e9dicas\r\nLas propuestas ser\u00e1n incluidas en el trabajo legislativo de la diputada Morenista","jetpack_publicize_feature_enabled":true,"jetpack_social_post_already_shared":true,"jetpack_social_options":{"image_generator_settings":{"template":"highway","default_image_id":0,"enabled":false},"version":2}},"categories":[15,63],"tags":[],"class_list":{"0":"post-59496","1":"post","2":"type-post","3":"status-publish","4":"format-standard","5":"has-post-thumbnail","7":"category-michoacan","8":"category-politica"},"aioseo_notices":[],"jetpack_publicize_connections":[],"jetpack_featured_media_url":"https:\/\/mediagroup.mx\/wp-content\/uploads\/2024\/11\/WhatsApp-Image-2024-11-26-at-11.10.04.jpeg","jetpack_sharing_enabled":true,"_links":{"self":[{"href":"https:\/\/mediagroup.mx\/index.php\/wp-json\/wp\/v2\/posts\/59496","targetHints":{"allow":["GET"]}}],"collection":[{"href":"https:\/\/mediagroup.mx\/index.php\/wp-json\/wp\/v2\/posts"}],"about":[{"href":"https:\/\/mediagroup.mx\/index.php\/wp-json\/wp\/v2\/types\/post"}],"author":[{"embeddable":true,"href":"https:\/\/mediagroup.mx\/index.php\/wp-json\/wp\/v2\/users\/2"}],"replies":[{"embeddable":true,"href":"https:\/\/mediagroup.mx\/index.php\/wp-json\/wp\/v2\/comments?post=59496"}],"version-history":[{"count":1,"href":"https:\/\/mediagroup.mx\/index.php\/wp-json\/wp\/v2\/posts\/59496\/revisions"}],"predecessor-version":[{"id":59498,"href":"https:\/\/mediagroup.mx\/index.php\/wp-json\/wp\/v2\/posts\/59496\/revisions\/59498"}],"wp:featuredmedia":[{"embeddable":true,"href":"https:\/\/mediagroup.mx\/index.php\/wp-json\/wp\/v2\/media\/59497"}],"wp:attachment":[{"href":"https:\/\/mediagroup.mx\/index.php\/wp-json\/wp\/v2\/media?parent=59496"}],"wp:term":[{"taxonomy":"category","embeddable":true,"href":"https:\/\/mediagroup.mx\/index.php\/wp-json\/wp\/v2\/categories?post=59496"},{"taxonomy":"post_tag","embeddable":true,"href":"https:\/\/mediagroup.mx\/index.php\/wp-json\/wp\/v2\/tags?post=59496"}],"curies":[{"name":"wp","href":"https:\/\/api.w.org\/{rel}","templated":true}]}}