{"id":59499,"date":"2024-11-26T12:35:32","date_gmt":"2024-11-26T18:35:32","guid":{"rendered":"https:\/\/mediagroup.mx\/?p=59499"},"modified":"2024-11-26T12:35:32","modified_gmt":"2024-11-26T18:35:32","slug":"dan-inicio-formal-a-los-trabajos-para-la-organizacion-del-parlamento-de-mujeres-en-el-congreso-del-estado","status":"publish","type":"post","link":"https:\/\/mediagroup.mx\/index.php\/2024\/11\/26\/dan-inicio-formal-a-los-trabajos-para-la-organizacion-del-parlamento-de-mujeres-en-el-congreso-del-estado\/","title":{"rendered":"Dan inicio formal a los trabajos para la organizaci\u00f3n del Parlamento de Mujeres en el Congreso del Estado"},"content":{"rendered":"<p>Con la instalaci\u00f3n formal del Comit\u00e9 Organizador del Parlamento de Mujeres, se dio inicio a los trabajos para realizar este evento, mismo que se llevar\u00e1 a cabo en el mes de marzo pr\u00f3ximo, en este Congreso del Estado.<\/p>\n<p>Al respecto, el diputado Juan Antonio Maga\u00f1a de la Mora, presidente de la Mesa Directiva del Congreso del Estado, manifest\u00f3 que la selecci\u00f3n de las participantes en este Parlamento de Mujeres, se llevar\u00e1 a cabo de manera minuciosa a fin de contar con los mejores perfiles.<\/p>\n<p>El legislador Maga\u00f1a de la Mora, dijo que \u201cesperemos que de este evento surjan grandes iniciativas y propuestas, que nazcan a partir de las inquietudes y reflexiones que tienen todas las mujeres, que sean ideas que aporten al progreso, avance y actualizaci\u00f3n de Michoac\u00e1n\u201d.<\/p>\n<p>Por su parte, la diputada Fabiola Alan\u00eds S\u00e1mano, presidenta de la Junta de Coordinaci\u00f3n Pol\u00edtica (JUCOPO) del Congreso del Estado, indic\u00f3 que se impulsar\u00e1n todas las iniciativas que se presenten en este Parlamento de Mujeres y buscar\u00e1n como llevarlas a que sean una realidad para Michoac\u00e1n.<\/p>\n<p>\u201cLa participaci\u00f3n de la mujer en la pol\u00edtica mejora la calidad de la democracia, una mayor participaci\u00f3n de las mujeres en los espacios de decisi\u00f3n mejora al sistema, por ello estamos comprometidos a caminar en la agenda de las mujeres, no solo en Michoac\u00e1n, sino en todo el pa\u00eds\u201d, asever\u00f3.<\/p>\n<p>En su intervenci\u00f3n, la diputada Melba Albavera Padilla, presidenta de la Comisi\u00f3n de Igualdad Sustantiva y de G\u00e9nero, de esta 76 Legislatura, destac\u00f3 que el objetivo de este Parlamento de Mujeres, es tener una participaci\u00f3n m\u00e1s activa de las mujeres en la vida p\u00fablica de la entidad, en donde haya puntos de vista diferentes pero con claridad hacia el bienestar de las mujeres michoacanas.<\/p>\n<p>En tanto, la diputada Brisa Arroyo Mart\u00ednez, integrante de la Comisi\u00f3n de Igualdad Sustantiva y de G\u00e9nero, indic\u00f3 que con este Parlamento de Mujeres, se busca \u201cfortalecer las capacidades de liderazgo de todas y cada una de las participantes, por ello es un parlamento abierto en donde se escuchar\u00e1n las voces de todas las michoacanas\u201d, agreg\u00f3.<\/p>\n<p>De esta forma, qued\u00f3 instalado el Comit\u00e9 Organizador para el Parlamento de Mujeres, mismo que est\u00e1 conformado por el y las diputadas: Juan Antonio Maga\u00f1a de la Mora; Melba Albavera Padilla; Fabiola Alan\u00eds S\u00e1mano; Brissa Ireri Arroyo Mart\u00ednez; Diana Mariel Espinoza Mercado, Presidenta de la Comisi\u00f3n de Asuntos Electorales y Participaci\u00f3n Ciudadana; Octavio Ocampo C\u00f3rdova, Integrante de la Comisi\u00f3n de Asuntos Electorales y Participaci\u00f3n Ciudadana; Ignacio Hurtado G\u00f3mez, Consejero Presiente del IEM; Fernando Chagolla Cort\u00e9s, Secretario de Servicios Parlamentarios; Alejandro Estrada Salinas, Secretaria de Administraci\u00f3n y Finanzas del Poder Legislativo; y Marisol Aguilar Aguilar, Directora del Instituto de Investigaciones y Estudios Legislativos.<\/p>\n<p><img loading=\"lazy\" decoding=\"async\" class=\"alignnone size-medium wp-image-59500\" src=\"https:\/\/mediagroup.mx\/wp-content\/uploads\/2024\/11\/WhatsApp-Image-2024-11-26-at-12.10.18-300x200.jpeg\" alt=\"\" width=\"300\" height=\"200\" srcset=\"https:\/\/mediagroup.mx\/wp-content\/uploads\/2024\/11\/WhatsApp-Image-2024-11-26-at-12.10.18-300x200.jpeg 300w, https:\/\/mediagroup.mx\/wp-content\/uploads\/2024\/11\/WhatsApp-Image-2024-11-26-at-12.10.18-1024x682.jpeg 1024w, https:\/\/mediagroup.mx\/wp-content\/uploads\/2024\/11\/WhatsApp-Image-2024-11-26-at-12.10.18-768x512.jpeg 768w, https:\/\/mediagroup.mx\/wp-content\/uploads\/2024\/11\/WhatsApp-Image-2024-11-26-at-12.10.18-150x100.jpeg 150w, https:\/\/mediagroup.mx\/wp-content\/uploads\/2024\/11\/WhatsApp-Image-2024-11-26-at-12.10.18-696x464.jpeg 696w, https:\/\/mediagroup.mx\/wp-content\/uploads\/2024\/11\/WhatsApp-Image-2024-11-26-at-12.10.18-1068x712.jpeg 1068w, https:\/\/mediagroup.mx\/wp-content\/uploads\/2024\/11\/WhatsApp-Image-2024-11-26-at-12.10.18.jpeg 1280w\" sizes=\"auto, (max-width: 300px) 100vw, 300px\" \/> <img loading=\"lazy\" decoding=\"async\" class=\"alignnone size-medium wp-image-59501\" src=\"https:\/\/mediagroup.mx\/wp-content\/uploads\/2024\/11\/WhatsApp-Image-2024-11-26-at-12.10.17-300x200.jpeg\" alt=\"\" width=\"300\" height=\"200\" srcset=\"https:\/\/mediagroup.mx\/wp-content\/uploads\/2024\/11\/WhatsApp-Image-2024-11-26-at-12.10.17-300x200.jpeg 300w, https:\/\/mediagroup.mx\/wp-content\/uploads\/2024\/11\/WhatsApp-Image-2024-11-26-at-12.10.17-1024x682.jpeg 1024w, https:\/\/mediagroup.mx\/wp-content\/uploads\/2024\/11\/WhatsApp-Image-2024-11-26-at-12.10.17-768x512.jpeg 768w, https:\/\/mediagroup.mx\/wp-content\/uploads\/2024\/11\/WhatsApp-Image-2024-11-26-at-12.10.17-150x100.jpeg 150w, https:\/\/mediagroup.mx\/wp-content\/uploads\/2024\/11\/WhatsApp-Image-2024-11-26-at-12.10.17-696x464.jpeg 696w, https:\/\/mediagroup.mx\/wp-content\/uploads\/2024\/11\/WhatsApp-Image-2024-11-26-at-12.10.17-1068x712.jpeg 1068w, https:\/\/mediagroup.mx\/wp-content\/uploads\/2024\/11\/WhatsApp-Image-2024-11-26-at-12.10.17.jpeg 1280w\" sizes=\"auto, (max-width: 300px) 100vw, 300px\" \/><\/p>\n","protected":false},"excerpt":{"rendered":"<p>Con la instalaci\u00f3n formal del Comit\u00e9 Organizador del Parlamento de Mujeres, se dio inicio a los trabajos para realizar este evento, mismo que se llevar\u00e1 a cabo en el mes de marzo pr\u00f3ximo, en este Congreso del Estado. Al respecto, el diputado Juan Antonio Maga\u00f1a de la Mora, presidente de la Mesa Directiva del Congreso [&hellip;]<\/p>\n","protected":false},"author":2,"featured_media":59500,"comment_status":"closed","ping_status":"closed","sticky":false,"template":"","format":"standard","meta":{"om_disable_all_campaigns":false,"_monsterinsights_skip_tracking":false,"_monsterinsights_sitenote_active":false,"_monsterinsights_sitenote_note":"","_monsterinsights_sitenote_category":0,"_uf_show_specific_survey":0,"_uf_disable_surveys":false,"_jetpack_memberships_contains_paid_content":false,"footnotes":"","jetpack_publicize_message":"Dan inicio formal a los trabajos para la organizaci\u00f3n del Parlamento de Mujeres en el Congreso del Estado","jetpack_publicize_feature_enabled":true,"jetpack_social_post_already_shared":true,"jetpack_social_options":{"image_generator_settings":{"template":"highway","default_image_id":0,"enabled":false},"version":2}},"categories":[15,63],"tags":[],"class_list":{"0":"post-59499","1":"post","2":"type-post","3":"status-publish","4":"format-standard","5":"has-post-thumbnail","7":"category-michoacan","8":"category-politica"},"aioseo_notices":[],"jetpack_publicize_connections":[],"jetpack_featured_media_url":"https:\/\/mediagroup.mx\/wp-content\/uploads\/2024\/11\/WhatsApp-Image-2024-11-26-at-12.10.18.jpeg","jetpack_sharing_enabled":true,"_links":{"self":[{"href":"https:\/\/mediagroup.mx\/index.php\/wp-json\/wp\/v2\/posts\/59499","targetHints":{"allow":["GET"]}}],"collection":[{"href":"https:\/\/mediagroup.mx\/index.php\/wp-json\/wp\/v2\/posts"}],"about":[{"href":"https:\/\/mediagroup.mx\/index.php\/wp-json\/wp\/v2\/types\/post"}],"author":[{"embeddable":true,"href":"https:\/\/mediagroup.mx\/index.php\/wp-json\/wp\/v2\/users\/2"}],"replies":[{"embeddable":true,"href":"https:\/\/mediagroup.mx\/index.php\/wp-json\/wp\/v2\/comments?post=59499"}],"version-history":[{"count":1,"href":"https:\/\/mediagroup.mx\/index.php\/wp-json\/wp\/v2\/posts\/59499\/revisions"}],"predecessor-version":[{"id":59502,"href":"https:\/\/mediagroup.mx\/index.php\/wp-json\/wp\/v2\/posts\/59499\/revisions\/59502"}],"wp:featuredmedia":[{"embeddable":true,"href":"https:\/\/mediagroup.mx\/index.php\/wp-json\/wp\/v2\/media\/59500"}],"wp:attachment":[{"href":"https:\/\/mediagroup.mx\/index.php\/wp-json\/wp\/v2\/media?parent=59499"}],"wp:term":[{"taxonomy":"category","embeddable":true,"href":"https:\/\/mediagroup.mx\/index.php\/wp-json\/wp\/v2\/categories?post=59499"},{"taxonomy":"post_tag","embeddable":true,"href":"https:\/\/mediagroup.mx\/index.php\/wp-json\/wp\/v2\/tags?post=59499"}],"curies":[{"name":"wp","href":"https:\/\/api.w.org\/{rel}","templated":true}]}}