{"id":59506,"date":"2024-11-26T13:08:56","date_gmt":"2024-11-26T19:08:56","guid":{"rendered":"https:\/\/mediagroup.mx\/?p=59506"},"modified":"2024-11-26T13:08:56","modified_gmt":"2024-11-26T19:08:56","slug":"en-la-pluralidad-y-diversidad-ideologica-se-puede-construir-un-mejor-futuro-para-las-mujeres-brissa-arroyo","status":"publish","type":"post","link":"https:\/\/mediagroup.mx\/index.php\/2024\/11\/26\/en-la-pluralidad-y-diversidad-ideologica-se-puede-construir-un-mejor-futuro-para-las-mujeres-brissa-arroyo\/","title":{"rendered":"En la pluralidad y diversidad ideol\u00f3gica se puede construir un mejor futuro para las mujeres: Brissa Arroyo\u00a0"},"content":{"rendered":"<div><\/div>\n<div>Al reafirmar el compromiso de un Parlamento Abierto desde la 76 Legislatura en donde participen todos los sectores de la sociedad, la diputada local Brissa Arroyo, presidi\u00f3 la instalaci\u00f3n del Comit\u00e9 Organizador para la Selecci\u00f3n, integraci\u00f3n y funcionamiento del Parlamento de Mujeres para el 2025.<\/div>\n<div><\/div>\n<div>En este acto protocolario,\u00a0 la \u201cHija del Sol\u201d,\u00a0 \u00a0expres\u00f3 la convicci\u00f3n de que si llega una, llegamos todas, y as\u00ed se fortalece la capacidad de liderazgo de las mujeres a favor de la participaci\u00f3n pol\u00edtica.<\/div>\n<div><\/div>\n<div>\u201cUna de las grandes proyectos de una servidora como diputada local es generar y construir realmente un Parlamento Abierto donde se escuchen las voces de las y los michoacanos, donde se tomen en cuenta los proyectos y las propuestas que nos hagan llegar y nosotros vayamos a sus municipios a conocer de primera mano\u201d, subray\u00f3 Arroyo Mart\u00ednez.<\/div>\n<div><\/div>\n<div>La Congresista, -integrante del Grupo Parlamentario del\u00a0 Partido de la Revoluci\u00f3n Democr\u00e1tica (GPPRD) en la 76 Legislatura-,\u00a0 destac\u00f3 la importancia de este Parlamento de Mujeres que se realizar\u00e1 en marzo del 2025 y que ser\u00e1 un espacio para escuchar a nuestras mujeres.<\/div>\n<div><\/div>\n<div>En ese sentido, afirm\u00f3 que m\u00e1s all\u00e1 de las leyes se debe fomentar una cultura de respeto, de equidad, as\u00ed como transformar los imaginarios colectivos, desmantelar estereotipos y educar a las futuras generaciones con perspectiva de g\u00e9nero.<\/div>\n<div><\/div>\n<div>Asimismo, la promoci\u00f3n de una agenda legislativa encaminada a eliminar toda forma de discriminaci\u00f3n por razones de g\u00e9nero, \u201ctodo esto lo podemos lograr desde la pluralidad y diversidad ideol\u00f3gica, desde las diferentes formas de pensamiento se puede construir un mejor futuro para ellas\u201d.<\/div>\n<div><\/div>\n<div>La Congresista local record\u00f3 que en el pa\u00eds se concret\u00f3 el primer parlamento de mujeres en el pa\u00eds fue en 1998 cuando no hab\u00eda a\u00fan no exist\u00eda la paridad.<\/div>\n<div><\/div>\n<div>Hoy en esta nueva realidad de la paridad y con la creciente participaci\u00f3n de las mujeres en espacios de toma de decisiones es importante romper viejas ideas o esquemas arraigados en la sociedad.<\/div>\n<div><\/div>\n<div>\u201cLas mujeres que luchan se encuentran, y hoy me da gusto estar aqu\u00ed con grandes mujeres activistas. Juntas s\u00ed es posible, por eso tenemos que ir olvid\u00e1ndonos de esas frases con las que culturalmente nos han construido de que las mujeres juntas ni difuntas\u201d,\u00a0 afirm\u00f3, la integrante de la Comisi\u00f3n Igualdad Sustantiva y de G\u00e9nero.<\/div>\n<div><\/div>\n<div>Con el Parlamento de Mujeres se apertura la participaci\u00f3n de las mujeres con la finalidad de que expresen , deliberen, dialoguen , debatan y manifiestan sus opiniones y propuestas mismas que ser\u00e1n consideradas en la Agenda Legislativa.<\/div>\n<div><\/div>\n<div>Y conforme al procedimiento que determine el Comit\u00e9 Organizador se determinar\u00e1 la publicaci\u00f3n de la Convocatoria, el jurado y otros aspectos a considerar.<\/div>\n<div><\/div>\n<div>\u00a1Estamos legislando en serio, para que nadie se quede atr\u00e1s!<\/div>\n<div><img loading=\"lazy\" decoding=\"async\" class=\"alignnone size-medium wp-image-59507\" src=\"https:\/\/mediagroup.mx\/wp-content\/uploads\/2024\/11\/WhatsApp-Image-2024-11-25-at-21.43.08-1-200x300.jpeg\" alt=\"\" width=\"200\" height=\"300\" srcset=\"https:\/\/mediagroup.mx\/wp-content\/uploads\/2024\/11\/WhatsApp-Image-2024-11-25-at-21.43.08-1-200x300.jpeg 200w, https:\/\/mediagroup.mx\/wp-content\/uploads\/2024\/11\/WhatsApp-Image-2024-11-25-at-21.43.08-1-682x1024.jpeg 682w, https:\/\/mediagroup.mx\/wp-content\/uploads\/2024\/11\/WhatsApp-Image-2024-11-25-at-21.43.08-1-768x1153.jpeg 768w, https:\/\/mediagroup.mx\/wp-content\/uploads\/2024\/11\/WhatsApp-Image-2024-11-25-at-21.43.08-1-1023x1536.jpeg 1023w, https:\/\/mediagroup.mx\/wp-content\/uploads\/2024\/11\/WhatsApp-Image-2024-11-25-at-21.43.08-1-150x225.jpeg 150w, https:\/\/mediagroup.mx\/wp-content\/uploads\/2024\/11\/WhatsApp-Image-2024-11-25-at-21.43.08-1-300x450.jpeg 300w, https:\/\/mediagroup.mx\/wp-content\/uploads\/2024\/11\/WhatsApp-Image-2024-11-25-at-21.43.08-1-696x1045.jpeg 696w, https:\/\/mediagroup.mx\/wp-content\/uploads\/2024\/11\/WhatsApp-Image-2024-11-25-at-21.43.08-1.jpeg 1066w\" sizes=\"auto, (max-width: 200px) 100vw, 200px\" \/><\/div>\n","protected":false},"excerpt":{"rendered":"<p>Al reafirmar el compromiso de un Parlamento Abierto desde la 76 Legislatura en donde participen todos los sectores de la sociedad, la diputada local Brissa Arroyo, presidi\u00f3 la instalaci\u00f3n del Comit\u00e9 Organizador para la Selecci\u00f3n, integraci\u00f3n y funcionamiento del Parlamento de Mujeres para el 2025. En este acto protocolario,\u00a0 la \u201cHija del Sol\u201d,\u00a0 \u00a0expres\u00f3 la [&hellip;]<\/p>\n","protected":false},"author":2,"featured_media":59507,"comment_status":"closed","ping_status":"closed","sticky":false,"template":"","format":"standard","meta":{"om_disable_all_campaigns":false,"_monsterinsights_skip_tracking":false,"_monsterinsights_sitenote_active":false,"_monsterinsights_sitenote_note":"","_monsterinsights_sitenote_category":0,"_uf_show_specific_survey":0,"_uf_disable_surveys":false,"_jetpack_memberships_contains_paid_content":false,"footnotes":"","jetpack_publicize_message":"En la pluralidad y diversidad ideol\u00f3gica se puede construir un mejor futuro para las mujeres: Brissa Arroyo\u00a0\r\n\r\n\r\n\u2022Convoca diputada a romper estereotipos de que \u201clas mujeres juntas ni difuntas\u201d\r\n\r\n\r\n\u2022Participa en la instalaci\u00f3n del Comit\u00e9 Organizador para el Parlamento de Mujeres","jetpack_publicize_feature_enabled":true,"jetpack_social_post_already_shared":true,"jetpack_social_options":{"image_generator_settings":{"template":"highway","default_image_id":0,"enabled":false},"version":2}},"categories":[15,63],"tags":[],"class_list":{"0":"post-59506","1":"post","2":"type-post","3":"status-publish","4":"format-standard","5":"has-post-thumbnail","7":"category-michoacan","8":"category-politica"},"aioseo_notices":[],"jetpack_publicize_connections":[],"jetpack_featured_media_url":"https:\/\/mediagroup.mx\/wp-content\/uploads\/2024\/11\/WhatsApp-Image-2024-11-25-at-21.43.08-1.jpeg","jetpack_sharing_enabled":true,"_links":{"self":[{"href":"https:\/\/mediagroup.mx\/index.php\/wp-json\/wp\/v2\/posts\/59506","targetHints":{"allow":["GET"]}}],"collection":[{"href":"https:\/\/mediagroup.mx\/index.php\/wp-json\/wp\/v2\/posts"}],"about":[{"href":"https:\/\/mediagroup.mx\/index.php\/wp-json\/wp\/v2\/types\/post"}],"author":[{"embeddable":true,"href":"https:\/\/mediagroup.mx\/index.php\/wp-json\/wp\/v2\/users\/2"}],"replies":[{"embeddable":true,"href":"https:\/\/mediagroup.mx\/index.php\/wp-json\/wp\/v2\/comments?post=59506"}],"version-history":[{"count":1,"href":"https:\/\/mediagroup.mx\/index.php\/wp-json\/wp\/v2\/posts\/59506\/revisions"}],"predecessor-version":[{"id":59508,"href":"https:\/\/mediagroup.mx\/index.php\/wp-json\/wp\/v2\/posts\/59506\/revisions\/59508"}],"wp:featuredmedia":[{"embeddable":true,"href":"https:\/\/mediagroup.mx\/index.php\/wp-json\/wp\/v2\/media\/59507"}],"wp:attachment":[{"href":"https:\/\/mediagroup.mx\/index.php\/wp-json\/wp\/v2\/media?parent=59506"}],"wp:term":[{"taxonomy":"category","embeddable":true,"href":"https:\/\/mediagroup.mx\/index.php\/wp-json\/wp\/v2\/categories?post=59506"},{"taxonomy":"post_tag","embeddable":true,"href":"https:\/\/mediagroup.mx\/index.php\/wp-json\/wp\/v2\/tags?post=59506"}],"curies":[{"name":"wp","href":"https:\/\/api.w.org\/{rel}","templated":true}]}}