{"id":59509,"date":"2024-11-26T13:47:42","date_gmt":"2024-11-26T19:47:42","guid":{"rendered":"https:\/\/mediagroup.mx\/?p=59509"},"modified":"2024-11-26T13:47:42","modified_gmt":"2024-11-26T19:47:42","slug":"identifican-a-los-2-hombres-asesinados-en-un-motel-de-uruapan","status":"publish","type":"post","link":"https:\/\/mediagroup.mx\/index.php\/2024\/11\/26\/identifican-a-los-2-hombres-asesinados-en-un-motel-de-uruapan\/","title":{"rendered":"Identifican a los 2 hombres asesinados en un motel de Uruapan"},"content":{"rendered":"<p>RED 113 MICHOAC\u00c1N\/Redacci\u00f3n<\/p>\n<p>Uruapan, Mich.- Martes 26 de noviembre de 2024.- Los dos hombres que fueron asesinados a balazos dentro del Motel Aqua, ubicado en el Boulevard Industrial de la colonia Eduardo Ruiz, en Uruapan, ya est\u00e1n identificados, informaron autoridades policiales.<\/p>\n<p>Los ahora finados respond\u00edan a los nombres de Manuel y Fernando, el primero de ellos vecino de la colonia M\u00e9xico, y el segundo era habitante del asentamiento Santa Barbara.<\/p>\n<p>Como se recordar\u00e1, el doble crimen ocurri\u00f3 la noche de ayer lunes. Trascendi\u00f3 que los ahora ofendidos y la esposa de uno de ellos se hospedaban en una de las habitaciones del referido negocio, cuando repentinamente ingresaron dos empistolados, quienes encerraron a la f\u00e9mina en el ba\u00f1o y a Manuel y Fernando los mataron en la cochera, en la cual hab\u00eda una camioneta Toyota Hilux, color blanco.<\/p>\n<p>Al enterarse del hecho violento, polic\u00edas municipales y el alcalde Carlos Manzo se presentaron en el sitio. Los uniformados delimitaron el per\u00edmetro y posteriormente los especialistas de la Fiscal\u00eda Regional realizaron las investigaciones correspondientes, trasladaron los cad\u00e1veres a la morgue, donde recientemente fueron reconocidos y reclamados por sus familiares.<\/p>\n<p><img loading=\"lazy\" decoding=\"async\" class=\"alignnone size-medium wp-image-59510\" src=\"https:\/\/mediagroup.mx\/wp-content\/uploads\/2024\/11\/WhatsApp-Image-2024-11-26-at-12.22.50-300x225.jpeg\" alt=\"\" width=\"300\" height=\"225\" srcset=\"https:\/\/mediagroup.mx\/wp-content\/uploads\/2024\/11\/WhatsApp-Image-2024-11-26-at-12.22.50-300x225.jpeg 300w, https:\/\/mediagroup.mx\/wp-content\/uploads\/2024\/11\/WhatsApp-Image-2024-11-26-at-12.22.50-1024x768.jpeg 1024w, https:\/\/mediagroup.mx\/wp-content\/uploads\/2024\/11\/WhatsApp-Image-2024-11-26-at-12.22.50-768x576.jpeg 768w, https:\/\/mediagroup.mx\/wp-content\/uploads\/2024\/11\/WhatsApp-Image-2024-11-26-at-12.22.50-1536x1152.jpeg 1536w, https:\/\/mediagroup.mx\/wp-content\/uploads\/2024\/11\/WhatsApp-Image-2024-11-26-at-12.22.50-150x113.jpeg 150w, https:\/\/mediagroup.mx\/wp-content\/uploads\/2024\/11\/WhatsApp-Image-2024-11-26-at-12.22.50-696x522.jpeg 696w, https:\/\/mediagroup.mx\/wp-content\/uploads\/2024\/11\/WhatsApp-Image-2024-11-26-at-12.22.50-1068x801.jpeg 1068w, https:\/\/mediagroup.mx\/wp-content\/uploads\/2024\/11\/WhatsApp-Image-2024-11-26-at-12.22.50.jpeg 1600w\" sizes=\"auto, (max-width: 300px) 100vw, 300px\" \/><\/p>\n","protected":false},"excerpt":{"rendered":"<p>RED 113 MICHOAC\u00c1N\/Redacci\u00f3n Uruapan, Mich.- Martes 26 de noviembre de 2024.- Los dos hombres que fueron asesinados a balazos dentro del Motel Aqua, ubicado en el Boulevard Industrial de la colonia Eduardo Ruiz, en Uruapan, ya est\u00e1n identificados, informaron autoridades policiales. Los ahora finados respond\u00edan a los nombres de Manuel y Fernando, el primero de [&hellip;]<\/p>\n","protected":false},"author":2,"featured_media":59510,"comment_status":"closed","ping_status":"closed","sticky":false,"template":"","format":"standard","meta":{"om_disable_all_campaigns":false,"_monsterinsights_skip_tracking":false,"_monsterinsights_sitenote_active":false,"_monsterinsights_sitenote_note":"","_monsterinsights_sitenote_category":0,"_uf_show_specific_survey":0,"_uf_disable_surveys":false,"_jetpack_memberships_contains_paid_content":false,"footnotes":"","jetpack_publicize_message":"Identifican a los 2 hombres asesinados en un motel de Uruapan\r\n\r\n+ Una de las v\u00edctimas era vecina de la colonia M\u00e9xico y la otra de la Santa Barbara.\r\n+ La Fiscal\u00eda investiga el caso.\r\n+ Se desconoce el m\u00f3vil del doble crimen.","jetpack_publicize_feature_enabled":true,"jetpack_social_post_already_shared":true,"jetpack_social_options":{"image_generator_settings":{"template":"highway","default_image_id":0,"enabled":false},"version":2}},"categories":[36],"tags":[],"class_list":{"0":"post-59509","1":"post","2":"type-post","3":"status-publish","4":"format-standard","5":"has-post-thumbnail","7":"category-michoacanseguridad"},"aioseo_notices":[],"jetpack_publicize_connections":[],"jetpack_featured_media_url":"https:\/\/mediagroup.mx\/wp-content\/uploads\/2024\/11\/WhatsApp-Image-2024-11-26-at-12.22.50.jpeg","jetpack_sharing_enabled":true,"_links":{"self":[{"href":"https:\/\/mediagroup.mx\/index.php\/wp-json\/wp\/v2\/posts\/59509","targetHints":{"allow":["GET"]}}],"collection":[{"href":"https:\/\/mediagroup.mx\/index.php\/wp-json\/wp\/v2\/posts"}],"about":[{"href":"https:\/\/mediagroup.mx\/index.php\/wp-json\/wp\/v2\/types\/post"}],"author":[{"embeddable":true,"href":"https:\/\/mediagroup.mx\/index.php\/wp-json\/wp\/v2\/users\/2"}],"replies":[{"embeddable":true,"href":"https:\/\/mediagroup.mx\/index.php\/wp-json\/wp\/v2\/comments?post=59509"}],"version-history":[{"count":1,"href":"https:\/\/mediagroup.mx\/index.php\/wp-json\/wp\/v2\/posts\/59509\/revisions"}],"predecessor-version":[{"id":59511,"href":"https:\/\/mediagroup.mx\/index.php\/wp-json\/wp\/v2\/posts\/59509\/revisions\/59511"}],"wp:featuredmedia":[{"embeddable":true,"href":"https:\/\/mediagroup.mx\/index.php\/wp-json\/wp\/v2\/media\/59510"}],"wp:attachment":[{"href":"https:\/\/mediagroup.mx\/index.php\/wp-json\/wp\/v2\/media?parent=59509"}],"wp:term":[{"taxonomy":"category","embeddable":true,"href":"https:\/\/mediagroup.mx\/index.php\/wp-json\/wp\/v2\/categories?post=59509"},{"taxonomy":"post_tag","embeddable":true,"href":"https:\/\/mediagroup.mx\/index.php\/wp-json\/wp\/v2\/tags?post=59509"}],"curies":[{"name":"wp","href":"https:\/\/api.w.org\/{rel}","templated":true}]}}