{"id":59516,"date":"2024-11-26T22:46:37","date_gmt":"2024-11-27T04:46:37","guid":{"rendered":"https:\/\/mediagroup.mx\/?p=59516"},"modified":"2024-11-26T22:46:37","modified_gmt":"2024-11-27T04:46:37","slug":"reconoce-alfonso-martinez-al-gremio-turistico-de-michoacan","status":"publish","type":"post","link":"https:\/\/mediagroup.mx\/index.php\/2024\/11\/26\/reconoce-alfonso-martinez-al-gremio-turistico-de-michoacan\/","title":{"rendered":"Reconoce Alfonso Mart\u00ednez, al gremio tur\u00edstico de Michoac\u00e1n"},"content":{"rendered":"<p>El Presidente Municipal de Morelia, Alfonso Mart\u00ednez Alc\u00e1zar, reconoce al gremio tur\u00edstico por su importante contribuci\u00f3n econ\u00f3mica y social a Michoac\u00e1n, por lo que celebr\u00f3 la entrega de la Condecoraci\u00f3n \u201cM\u00e9rito al Turismo Michoacano\u00bb al empresario Roberto Molina Gardu\u00f1o.<\/p>\n<p>&nbsp;<\/p>\n<p>La ceremonia fue llevada a cabo en el Palacio Legislativo, donde el Alcalde capitalino se dio cita para presenciar la entrega por parte del Congreso del Estado<\/p>\n<p>a Molina Gardu\u00f1o, quien fue reconocido por liderar consejos, c\u00e1maras y agrupaciones tur\u00edsticas, as\u00ed como por su promoci\u00f3n a la Mariposa Monarca y al cuidado de su h\u00e1bitat.<\/p>\n<p>&nbsp;<\/p>\n<p>\u201cLo recibo con gran compromiso y orgullo porque Michoac\u00e1n es un estado grande, Michoac\u00e1n representa el estado m\u00e1s completo en materia tur\u00edstica\u201d, expres\u00f3 el galardonado tras la recepci\u00f3n de la presea.<\/p>\n<p>&nbsp;<\/p>\n<p>Cabe se\u00f1alar que el Gobierno de Morelia presidido por Alfonso Mart\u00ednez reconoce la importancia del turismo para el municipio, al cual ha fomentado mediante temporadas como D\u00eda de Muertos y fiestas decembrinas, as\u00ed como con una campa\u00f1a continua de promoci\u00f3n internacional, nacional y local.<\/p>\n<p>&nbsp;<\/p>\n<p>En ese sentido, reitera su apoyo a dicho gremio al destacar su papel clave para el desarrollo econ\u00f3mico y social de Morelia y Michoac\u00e1n.<\/p>\n<p><strong><img loading=\"lazy\" decoding=\"async\" class=\"alignnone size-medium wp-image-59517\" src=\"https:\/\/mediagroup.mx\/wp-content\/uploads\/2024\/11\/IMG-20241126-WA0125-300x200.jpg\" alt=\"\" width=\"300\" height=\"200\" srcset=\"https:\/\/mediagroup.mx\/wp-content\/uploads\/2024\/11\/IMG-20241126-WA0125-300x200.jpg 300w, https:\/\/mediagroup.mx\/wp-content\/uploads\/2024\/11\/IMG-20241126-WA0125-1024x682.jpg 1024w, https:\/\/mediagroup.mx\/wp-content\/uploads\/2024\/11\/IMG-20241126-WA0125-768x512.jpg 768w, https:\/\/mediagroup.mx\/wp-content\/uploads\/2024\/11\/IMG-20241126-WA0125-150x100.jpg 150w, https:\/\/mediagroup.mx\/wp-content\/uploads\/2024\/11\/IMG-20241126-WA0125-696x464.jpg 696w, https:\/\/mediagroup.mx\/wp-content\/uploads\/2024\/11\/IMG-20241126-WA0125-1068x712.jpg 1068w, https:\/\/mediagroup.mx\/wp-content\/uploads\/2024\/11\/IMG-20241126-WA0125.jpg 1280w\" sizes=\"auto, (max-width: 300px) 100vw, 300px\" \/><\/strong><\/p>\n","protected":false},"excerpt":{"rendered":"<p>El Presidente Municipal de Morelia, Alfonso Mart\u00ednez Alc\u00e1zar, reconoce al gremio tur\u00edstico por su importante contribuci\u00f3n econ\u00f3mica y social a Michoac\u00e1n, por lo que celebr\u00f3 la entrega de la Condecoraci\u00f3n \u201cM\u00e9rito al Turismo Michoacano\u00bb al empresario Roberto Molina Gardu\u00f1o. &nbsp; La ceremonia fue llevada a cabo en el Palacio Legislativo, donde el Alcalde capitalino se [&hellip;]<\/p>\n","protected":false},"author":2,"featured_media":59517,"comment_status":"closed","ping_status":"closed","sticky":false,"template":"","format":"standard","meta":{"om_disable_all_campaigns":false,"_monsterinsights_skip_tracking":false,"_monsterinsights_sitenote_active":false,"_monsterinsights_sitenote_note":"","_monsterinsights_sitenote_category":0,"_uf_show_specific_survey":0,"_uf_disable_surveys":false,"_jetpack_memberships_contains_paid_content":false,"footnotes":"","jetpack_publicize_message":"Reconoce Alfonso Mart\u00ednez, al gremio tur\u00edstico de Michoac\u00e1n\r\n\r\n* Celebra Galard\u00f3n otorgado al Empresario Roberto Molina.\u00a0","jetpack_publicize_feature_enabled":true,"jetpack_social_post_already_shared":true,"jetpack_social_options":{"image_generator_settings":{"template":"highway","default_image_id":0,"enabled":false},"version":2}},"categories":[17],"tags":[],"class_list":{"0":"post-59516","1":"post","2":"type-post","3":"status-publish","4":"format-standard","5":"has-post-thumbnail","7":"category-morelia"},"aioseo_notices":[],"jetpack_publicize_connections":[],"jetpack_featured_media_url":"https:\/\/mediagroup.mx\/wp-content\/uploads\/2024\/11\/IMG-20241126-WA0125.jpg","jetpack_sharing_enabled":true,"_links":{"self":[{"href":"https:\/\/mediagroup.mx\/index.php\/wp-json\/wp\/v2\/posts\/59516","targetHints":{"allow":["GET"]}}],"collection":[{"href":"https:\/\/mediagroup.mx\/index.php\/wp-json\/wp\/v2\/posts"}],"about":[{"href":"https:\/\/mediagroup.mx\/index.php\/wp-json\/wp\/v2\/types\/post"}],"author":[{"embeddable":true,"href":"https:\/\/mediagroup.mx\/index.php\/wp-json\/wp\/v2\/users\/2"}],"replies":[{"embeddable":true,"href":"https:\/\/mediagroup.mx\/index.php\/wp-json\/wp\/v2\/comments?post=59516"}],"version-history":[{"count":1,"href":"https:\/\/mediagroup.mx\/index.php\/wp-json\/wp\/v2\/posts\/59516\/revisions"}],"predecessor-version":[{"id":59518,"href":"https:\/\/mediagroup.mx\/index.php\/wp-json\/wp\/v2\/posts\/59516\/revisions\/59518"}],"wp:featuredmedia":[{"embeddable":true,"href":"https:\/\/mediagroup.mx\/index.php\/wp-json\/wp\/v2\/media\/59517"}],"wp:attachment":[{"href":"https:\/\/mediagroup.mx\/index.php\/wp-json\/wp\/v2\/media?parent=59516"}],"wp:term":[{"taxonomy":"category","embeddable":true,"href":"https:\/\/mediagroup.mx\/index.php\/wp-json\/wp\/v2\/categories?post=59516"},{"taxonomy":"post_tag","embeddable":true,"href":"https:\/\/mediagroup.mx\/index.php\/wp-json\/wp\/v2\/tags?post=59516"}],"curies":[{"name":"wp","href":"https:\/\/api.w.org\/{rel}","templated":true}]}}