{"id":59539,"date":"2024-11-26T09:49:42","date_gmt":"2024-11-26T15:49:42","guid":{"rendered":"https:\/\/mediagroup.mx\/?p=59539"},"modified":"2024-11-27T10:13:09","modified_gmt":"2024-11-27T16:13:09","slug":"consolida-fabiola-alanis-lazos-con-empresarias-michoacanas","status":"publish","type":"post","link":"https:\/\/mediagroup.mx\/index.php\/2024\/11\/26\/consolida-fabiola-alanis-lazos-con-empresarias-michoacanas\/","title":{"rendered":"Consolida Fabiola Alan\u00eds lazos con empresarias michoacanas"},"content":{"rendered":"<p>En el proceso de transformaci\u00f3n que est\u00e1 viviendo Michoac\u00e1n el empoderamiento pol\u00edtico, econ\u00f3mico y social de las mujeres es una prioridad y por ello la labor del Grupo Parlamentario de Morena se ha enfocado en romper con las brechas de desigualdad de g\u00e9nero que, durante d\u00e9cadas, limitaron el desarrollo de millones de michoacanas, refiri\u00f3 la diputada Fabiola Alan\u00eds S\u00e1mano.<\/p>\n<p>Esto, durante una reuni\u00f3n sostenida con integrantes del Consejo Coordinador de Mujeres Empresarias, donde la coordinadora parlamentaria de Morena en el Congreso de Michoac\u00e1n expuso el trabajo legislativo con que se est\u00e1n rompiendo las brechas de desigualdad entre hombres y mujeres en la entidad, en presencia de la presidenta este \u00f3rgano empresarial, Lupita Morales L\u00f3pez.<\/p>\n<p>\u201cLa labor legislativa de nuestro movimiento de transformaci\u00f3n est\u00e1 enfocada en garantizar la seguridad de las mujeres, pero tambi\u00e9n su desarrollo pol\u00edtico, econ\u00f3mico y social\u201d, subray\u00f3 al se\u00f1alar que, despu\u00e9s de d\u00e9cadas, las desigualdades entre hombres y mujeres se est\u00e1n visibilizando.<\/p>\n<p>En esta l\u00f3gica, record\u00f3 que recientemente el Congreso de Michoac\u00e1n aprob\u00f3 la reforma de Igualdad Sustantiva que impuls\u00f3 la presidenta Claudia Sheinbaum, cuyo contenido, entre otras cosas, garantiza una vida libre de violencia para la mujer y rompe con la brecha de desigualdad salarial entre hombres y mujeres.<\/p>\n<p>\u201cLa construcci\u00f3n del segundo piso de la Cuarta Transformaci\u00f3n se est\u00e1 consolidando con una mujer presidenta, la doctora Claudia Sheinbaum, quien ha sido clara: &#8216;es tiempo de mujeres\u2019, y por ello estamos construyendo condiciones de desarrollo igualitarias en nuestro estado y el pa\u00eds entero\u201d, finaliz\u00f3.<\/p>\n<p><img loading=\"lazy\" decoding=\"async\" class=\"alignnone size-medium wp-image-59540\" src=\"https:\/\/mediagroup.mx\/wp-content\/uploads\/2024\/11\/WhatsApp-Image-2024-11-26-at-20.42.27-300x225.jpeg\" alt=\"\" width=\"300\" height=\"225\" srcset=\"https:\/\/mediagroup.mx\/wp-content\/uploads\/2024\/11\/WhatsApp-Image-2024-11-26-at-20.42.27-300x225.jpeg 300w, https:\/\/mediagroup.mx\/wp-content\/uploads\/2024\/11\/WhatsApp-Image-2024-11-26-at-20.42.27-1024x768.jpeg 1024w, https:\/\/mediagroup.mx\/wp-content\/uploads\/2024\/11\/WhatsApp-Image-2024-11-26-at-20.42.27-768x576.jpeg 768w, https:\/\/mediagroup.mx\/wp-content\/uploads\/2024\/11\/WhatsApp-Image-2024-11-26-at-20.42.27-150x113.jpeg 150w, https:\/\/mediagroup.mx\/wp-content\/uploads\/2024\/11\/WhatsApp-Image-2024-11-26-at-20.42.27-696x522.jpeg 696w, https:\/\/mediagroup.mx\/wp-content\/uploads\/2024\/11\/WhatsApp-Image-2024-11-26-at-20.42.27-1068x801.jpeg 1068w, https:\/\/mediagroup.mx\/wp-content\/uploads\/2024\/11\/WhatsApp-Image-2024-11-26-at-20.42.27.jpeg 1280w\" sizes=\"auto, (max-width: 300px) 100vw, 300px\" \/><\/p>\n","protected":false},"excerpt":{"rendered":"<p>En el proceso de transformaci\u00f3n que est\u00e1 viviendo Michoac\u00e1n el empoderamiento pol\u00edtico, econ\u00f3mico y social de las mujeres es una prioridad y por ello la labor del Grupo Parlamentario de Morena se ha enfocado en romper con las brechas de desigualdad de g\u00e9nero que, durante d\u00e9cadas, limitaron el desarrollo de millones de michoacanas, refiri\u00f3 la [&hellip;]<\/p>\n","protected":false},"author":2,"featured_media":59540,"comment_status":"closed","ping_status":"closed","sticky":false,"template":"","format":"standard","meta":{"om_disable_all_campaigns":false,"_monsterinsights_skip_tracking":false,"_monsterinsights_sitenote_active":false,"_monsterinsights_sitenote_note":"","_monsterinsights_sitenote_category":0,"_uf_show_specific_survey":0,"_uf_disable_surveys":false,"_jetpack_memberships_contains_paid_content":false,"footnotes":"","jetpack_publicize_message":"Consolida Fabiola Alan\u00eds lazos con empresarias michoacanas\r\n\r\n\u2022Sostiene reuni\u00f3n con integrantes del Consejo Coordinador de Mujeres Empresarias","jetpack_publicize_feature_enabled":true,"jetpack_social_post_already_shared":true,"jetpack_social_options":{"image_generator_settings":{"template":"highway","default_image_id":0,"enabled":false},"version":2}},"categories":[15,63],"tags":[],"class_list":{"0":"post-59539","1":"post","2":"type-post","3":"status-publish","4":"format-standard","5":"has-post-thumbnail","7":"category-michoacan","8":"category-politica"},"aioseo_notices":[],"jetpack_publicize_connections":[],"jetpack_featured_media_url":"https:\/\/mediagroup.mx\/wp-content\/uploads\/2024\/11\/WhatsApp-Image-2024-11-26-at-20.42.27.jpeg","jetpack_sharing_enabled":true,"_links":{"self":[{"href":"https:\/\/mediagroup.mx\/index.php\/wp-json\/wp\/v2\/posts\/59539","targetHints":{"allow":["GET"]}}],"collection":[{"href":"https:\/\/mediagroup.mx\/index.php\/wp-json\/wp\/v2\/posts"}],"about":[{"href":"https:\/\/mediagroup.mx\/index.php\/wp-json\/wp\/v2\/types\/post"}],"author":[{"embeddable":true,"href":"https:\/\/mediagroup.mx\/index.php\/wp-json\/wp\/v2\/users\/2"}],"replies":[{"embeddable":true,"href":"https:\/\/mediagroup.mx\/index.php\/wp-json\/wp\/v2\/comments?post=59539"}],"version-history":[{"count":1,"href":"https:\/\/mediagroup.mx\/index.php\/wp-json\/wp\/v2\/posts\/59539\/revisions"}],"predecessor-version":[{"id":59541,"href":"https:\/\/mediagroup.mx\/index.php\/wp-json\/wp\/v2\/posts\/59539\/revisions\/59541"}],"wp:featuredmedia":[{"embeddable":true,"href":"https:\/\/mediagroup.mx\/index.php\/wp-json\/wp\/v2\/media\/59540"}],"wp:attachment":[{"href":"https:\/\/mediagroup.mx\/index.php\/wp-json\/wp\/v2\/media?parent=59539"}],"wp:term":[{"taxonomy":"category","embeddable":true,"href":"https:\/\/mediagroup.mx\/index.php\/wp-json\/wp\/v2\/categories?post=59539"},{"taxonomy":"post_tag","embeddable":true,"href":"https:\/\/mediagroup.mx\/index.php\/wp-json\/wp\/v2\/tags?post=59539"}],"curies":[{"name":"wp","href":"https:\/\/api.w.org\/{rel}","templated":true}]}}