{"id":59542,"date":"2024-11-27T10:14:31","date_gmt":"2024-11-27T16:14:31","guid":{"rendered":"https:\/\/mediagroup.mx\/?p=59542"},"modified":"2024-11-27T10:14:31","modified_gmt":"2024-11-27T16:14:31","slug":"las-mujeres-siempre-deben-ser-escuchadas-remarca-melba-albavera","status":"publish","type":"post","link":"https:\/\/mediagroup.mx\/index.php\/2024\/11\/27\/las-mujeres-siempre-deben-ser-escuchadas-remarca-melba-albavera\/","title":{"rendered":"Las mujeres \u00absiempre deben ser escuchadas\u00bb, remarca Melba Albavera"},"content":{"rendered":"<p>Las mujeres michoacanas \u00absiempre deben ser escuchadas, por lo que en esta 76 Legislatura habremos de poner atenci\u00f3n a lo que nos quieren decir, para reflejarlo en las leyes que las protejan e impulsen\u00bb, asegur\u00f3 la diputada Melba Edeyanira Albavera Padilla.<\/p>\n<p>Luego de instalar el Comit\u00e9 Organizador para el Segundo Parlamento de Mujeres en Michoac\u00e1n, que se llevar\u00e1 a en el mes de marzo de 2025, la presidenta de la Comisi\u00f3n de Igualdad Sustantiva y G\u00e9nero afirm\u00f3 que est\u00e1 actividad se convertir\u00e1 en un conducto de comunicaci\u00f3n, sobre la soluci\u00f3n de problem\u00e1ticas que enfrentan las mujeres en la entidad, a fin de que las propuestas que se presenten por las participantes sean tomadas en cuenta por los diputados y pasen al pleno del Congreso.<\/p>\n<p>Destac\u00f3 la importancia de poner mucha atenci\u00f3n a sus puntos de vista e intereses, para configurar una sociedad m\u00e1s justa e igualitaria que les brinde las oportunidades que les fueron negadas en el pasado.<\/p>\n<p>Record\u00f3 que el Reglamento para la Selecci\u00f3n, Integraci\u00f3n y Funcionamiento del Parlamento de Mujeres establece la realizaci\u00f3n del evento de car\u00e1cter acad\u00e9mico, participativo y honorario, organizado y reglamentado por el Congreso del Estado de Michoac\u00e1n de Ocampo.<\/p>\n<p>Lo anterior, con la finalidad de que expresen, deliberen, dialoguen, debatan y manifiesten sus opiniones y propuestas, mismas que podr\u00e1n ser consideradas en la Agenda Legislativa.<\/p>\n<p><img loading=\"lazy\" decoding=\"async\" class=\"alignnone size-medium wp-image-59543\" src=\"https:\/\/mediagroup.mx\/wp-content\/uploads\/2024\/11\/WhatsApp-Image-2024-11-27-at-10.03.25-300x200.jpeg\" alt=\"\" width=\"300\" height=\"200\" srcset=\"https:\/\/mediagroup.mx\/wp-content\/uploads\/2024\/11\/WhatsApp-Image-2024-11-27-at-10.03.25-300x200.jpeg 300w, https:\/\/mediagroup.mx\/wp-content\/uploads\/2024\/11\/WhatsApp-Image-2024-11-27-at-10.03.25-1024x684.jpeg 1024w, https:\/\/mediagroup.mx\/wp-content\/uploads\/2024\/11\/WhatsApp-Image-2024-11-27-at-10.03.25-768x513.jpeg 768w, https:\/\/mediagroup.mx\/wp-content\/uploads\/2024\/11\/WhatsApp-Image-2024-11-27-at-10.03.25-1536x1025.jpeg 1536w, https:\/\/mediagroup.mx\/wp-content\/uploads\/2024\/11\/WhatsApp-Image-2024-11-27-at-10.03.25-150x100.jpeg 150w, https:\/\/mediagroup.mx\/wp-content\/uploads\/2024\/11\/WhatsApp-Image-2024-11-27-at-10.03.25-696x465.jpeg 696w, https:\/\/mediagroup.mx\/wp-content\/uploads\/2024\/11\/WhatsApp-Image-2024-11-27-at-10.03.25-1068x713.jpeg 1068w, https:\/\/mediagroup.mx\/wp-content\/uploads\/2024\/11\/WhatsApp-Image-2024-11-27-at-10.03.25.jpeg 1600w\" sizes=\"auto, (max-width: 300px) 100vw, 300px\" \/><\/p>\n","protected":false},"excerpt":{"rendered":"<p>Las mujeres michoacanas \u00absiempre deben ser escuchadas, por lo que en esta 76 Legislatura habremos de poner atenci\u00f3n a lo que nos quieren decir, para reflejarlo en las leyes que las protejan e impulsen\u00bb, asegur\u00f3 la diputada Melba Edeyanira Albavera Padilla. Luego de instalar el Comit\u00e9 Organizador para el Segundo Parlamento de Mujeres en Michoac\u00e1n, [&hellip;]<\/p>\n","protected":false},"author":2,"featured_media":59543,"comment_status":"closed","ping_status":"closed","sticky":false,"template":"","format":"standard","meta":{"om_disable_all_campaigns":false,"_monsterinsights_skip_tracking":false,"_monsterinsights_sitenote_active":false,"_monsterinsights_sitenote_note":"","_monsterinsights_sitenote_category":0,"_uf_show_specific_survey":0,"_uf_disable_surveys":false,"_jetpack_memberships_contains_paid_content":false,"footnotes":"","jetpack_publicize_message":"Las mujeres \"siempre deben ser escuchadas\", remarca Melba Albavera\r\n- Encabez\u00f3 la instalaci\u00f3n del Comit\u00e9 Organizador para el Segundo Parlamento de Mujeres en Michoac\u00e1n","jetpack_publicize_feature_enabled":true,"jetpack_social_post_already_shared":true,"jetpack_social_options":{"image_generator_settings":{"template":"highway","default_image_id":0,"enabled":false},"version":2}},"categories":[15,63],"tags":[],"class_list":{"0":"post-59542","1":"post","2":"type-post","3":"status-publish","4":"format-standard","5":"has-post-thumbnail","7":"category-michoacan","8":"category-politica"},"aioseo_notices":[],"jetpack_publicize_connections":[],"jetpack_featured_media_url":"https:\/\/mediagroup.mx\/wp-content\/uploads\/2024\/11\/WhatsApp-Image-2024-11-27-at-10.03.25.jpeg","jetpack_sharing_enabled":true,"_links":{"self":[{"href":"https:\/\/mediagroup.mx\/index.php\/wp-json\/wp\/v2\/posts\/59542","targetHints":{"allow":["GET"]}}],"collection":[{"href":"https:\/\/mediagroup.mx\/index.php\/wp-json\/wp\/v2\/posts"}],"about":[{"href":"https:\/\/mediagroup.mx\/index.php\/wp-json\/wp\/v2\/types\/post"}],"author":[{"embeddable":true,"href":"https:\/\/mediagroup.mx\/index.php\/wp-json\/wp\/v2\/users\/2"}],"replies":[{"embeddable":true,"href":"https:\/\/mediagroup.mx\/index.php\/wp-json\/wp\/v2\/comments?post=59542"}],"version-history":[{"count":1,"href":"https:\/\/mediagroup.mx\/index.php\/wp-json\/wp\/v2\/posts\/59542\/revisions"}],"predecessor-version":[{"id":59544,"href":"https:\/\/mediagroup.mx\/index.php\/wp-json\/wp\/v2\/posts\/59542\/revisions\/59544"}],"wp:featuredmedia":[{"embeddable":true,"href":"https:\/\/mediagroup.mx\/index.php\/wp-json\/wp\/v2\/media\/59543"}],"wp:attachment":[{"href":"https:\/\/mediagroup.mx\/index.php\/wp-json\/wp\/v2\/media?parent=59542"}],"wp:term":[{"taxonomy":"category","embeddable":true,"href":"https:\/\/mediagroup.mx\/index.php\/wp-json\/wp\/v2\/categories?post=59542"},{"taxonomy":"post_tag","embeddable":true,"href":"https:\/\/mediagroup.mx\/index.php\/wp-json\/wp\/v2\/tags?post=59542"}],"curies":[{"name":"wp","href":"https:\/\/api.w.org\/{rel}","templated":true}]}}