{"id":59545,"date":"2024-11-27T10:25:19","date_gmt":"2024-11-27T16:25:19","guid":{"rendered":"https:\/\/mediagroup.mx\/?p=59545"},"modified":"2024-11-27T10:25:19","modified_gmt":"2024-11-27T16:25:19","slug":"se-registran-2-accidentes-vehiculares-en-diferentes-sitios-de-morelia","status":"publish","type":"post","link":"https:\/\/mediagroup.mx\/index.php\/2024\/11\/27\/se-registran-2-accidentes-vehiculares-en-diferentes-sitios-de-morelia\/","title":{"rendered":"Se registran 2 accidentes vehiculares en diferentes sitios de Morelia"},"content":{"rendered":"<p>RED 113 MICHOAC\u00c1N\/Redacci\u00f3n<\/p>\n<p>Morelia, Mich.- Mi\u00e9rcoles 27 de noviembre de 2024.- Est\u00e1 ma\u00f1ana de mi\u00e9rcoles se registraron dos accidentes vehiculares en diferentes puntos de la ciudad de Morelia, hechos que dejaron da\u00f1os materiales, indicaron fuentes allegadas al tema.<\/p>\n<p>El primer percance ocurri\u00f3 sobre el Perif\u00e9rico Paseo de la Rep\u00fablica, al oriente de la capital. Se trat\u00f3 de la volcadura de un automotor a la altura del sitio conocido como Las Tijeras. Polic\u00edas y bomberos atendieron la emergencia.<\/p>\n<p>El otro incidente sucedi\u00f3 sobre la avenida Guadalupe Victoria, a la altura de la colonia Prados Verdes, donde un tractocami\u00f3n choc\u00f3 contra la retaguardia de un auto, por fortuna no hubo heridos. Unos agentes de Tr\u00e1nsito se encargaron del peritaje correspondiente para deslindar responsabilidades.<\/p>\n<p><img loading=\"lazy\" decoding=\"async\" class=\"alignnone size-medium wp-image-59546\" src=\"https:\/\/mediagroup.mx\/wp-content\/uploads\/2024\/11\/WhatsApp-Image-2024-11-27-at-10.23.39-1-226x300.jpeg\" alt=\"\" width=\"226\" height=\"300\" srcset=\"https:\/\/mediagroup.mx\/wp-content\/uploads\/2024\/11\/WhatsApp-Image-2024-11-27-at-10.23.39-1-226x300.jpeg 226w, https:\/\/mediagroup.mx\/wp-content\/uploads\/2024\/11\/WhatsApp-Image-2024-11-27-at-10.23.39-1-771x1024.jpeg 771w, https:\/\/mediagroup.mx\/wp-content\/uploads\/2024\/11\/WhatsApp-Image-2024-11-27-at-10.23.39-1-768x1021.jpeg 768w, https:\/\/mediagroup.mx\/wp-content\/uploads\/2024\/11\/WhatsApp-Image-2024-11-27-at-10.23.39-1-1156x1536.jpeg 1156w, https:\/\/mediagroup.mx\/wp-content\/uploads\/2024\/11\/WhatsApp-Image-2024-11-27-at-10.23.39-1-150x199.jpeg 150w, https:\/\/mediagroup.mx\/wp-content\/uploads\/2024\/11\/WhatsApp-Image-2024-11-27-at-10.23.39-1-300x399.jpeg 300w, https:\/\/mediagroup.mx\/wp-content\/uploads\/2024\/11\/WhatsApp-Image-2024-11-27-at-10.23.39-1-696x925.jpeg 696w, https:\/\/mediagroup.mx\/wp-content\/uploads\/2024\/11\/WhatsApp-Image-2024-11-27-at-10.23.39-1-1068x1419.jpeg 1068w, https:\/\/mediagroup.mx\/wp-content\/uploads\/2024\/11\/WhatsApp-Image-2024-11-27-at-10.23.39-1.jpeg 1204w\" sizes=\"auto, (max-width: 226px) 100vw, 226px\" \/> <img loading=\"lazy\" decoding=\"async\" class=\"alignnone size-medium wp-image-59547\" src=\"https:\/\/mediagroup.mx\/wp-content\/uploads\/2024\/11\/WhatsApp-Image-2024-11-27-at-10.23.39-300x293.jpeg\" alt=\"\" width=\"300\" height=\"293\" srcset=\"https:\/\/mediagroup.mx\/wp-content\/uploads\/2024\/11\/WhatsApp-Image-2024-11-27-at-10.23.39-300x293.jpeg 300w, https:\/\/mediagroup.mx\/wp-content\/uploads\/2024\/11\/WhatsApp-Image-2024-11-27-at-10.23.39-150x146.jpeg 150w, https:\/\/mediagroup.mx\/wp-content\/uploads\/2024\/11\/WhatsApp-Image-2024-11-27-at-10.23.39.jpeg 555w\" sizes=\"auto, (max-width: 300px) 100vw, 300px\" \/><\/p>\n","protected":false},"excerpt":{"rendered":"<p>RED 113 MICHOAC\u00c1N\/Redacci\u00f3n Morelia, Mich.- Mi\u00e9rcoles 27 de noviembre de 2024.- Est\u00e1 ma\u00f1ana de mi\u00e9rcoles se registraron dos accidentes vehiculares en diferentes puntos de la ciudad de Morelia, hechos que dejaron da\u00f1os materiales, indicaron fuentes allegadas al tema. El primer percance ocurri\u00f3 sobre el Perif\u00e9rico Paseo de la Rep\u00fablica, al oriente de la capital. Se [&hellip;]<\/p>\n","protected":false},"author":2,"featured_media":59547,"comment_status":"closed","ping_status":"closed","sticky":false,"template":"","format":"standard","meta":{"om_disable_all_campaigns":false,"_monsterinsights_skip_tracking":false,"_monsterinsights_sitenote_active":false,"_monsterinsights_sitenote_note":"","_monsterinsights_sitenote_category":0,"_uf_show_specific_survey":0,"_uf_disable_surveys":false,"_jetpack_memberships_contains_paid_content":false,"footnotes":"","jetpack_publicize_message":"Se registran 2 accidentes vehiculares en diferentes sitios de Morelia","jetpack_publicize_feature_enabled":true,"jetpack_social_post_already_shared":true,"jetpack_social_options":{"image_generator_settings":{"template":"highway","default_image_id":0,"enabled":false},"version":2}},"categories":[28],"tags":[],"class_list":{"0":"post-59545","1":"post","2":"type-post","3":"status-publish","4":"format-standard","5":"has-post-thumbnail","7":"category-moreliaseguridad"},"aioseo_notices":[],"jetpack_publicize_connections":[],"jetpack_featured_media_url":"https:\/\/mediagroup.mx\/wp-content\/uploads\/2024\/11\/WhatsApp-Image-2024-11-27-at-10.23.39.jpeg","jetpack_sharing_enabled":true,"_links":{"self":[{"href":"https:\/\/mediagroup.mx\/index.php\/wp-json\/wp\/v2\/posts\/59545","targetHints":{"allow":["GET"]}}],"collection":[{"href":"https:\/\/mediagroup.mx\/index.php\/wp-json\/wp\/v2\/posts"}],"about":[{"href":"https:\/\/mediagroup.mx\/index.php\/wp-json\/wp\/v2\/types\/post"}],"author":[{"embeddable":true,"href":"https:\/\/mediagroup.mx\/index.php\/wp-json\/wp\/v2\/users\/2"}],"replies":[{"embeddable":true,"href":"https:\/\/mediagroup.mx\/index.php\/wp-json\/wp\/v2\/comments?post=59545"}],"version-history":[{"count":1,"href":"https:\/\/mediagroup.mx\/index.php\/wp-json\/wp\/v2\/posts\/59545\/revisions"}],"predecessor-version":[{"id":59548,"href":"https:\/\/mediagroup.mx\/index.php\/wp-json\/wp\/v2\/posts\/59545\/revisions\/59548"}],"wp:featuredmedia":[{"embeddable":true,"href":"https:\/\/mediagroup.mx\/index.php\/wp-json\/wp\/v2\/media\/59547"}],"wp:attachment":[{"href":"https:\/\/mediagroup.mx\/index.php\/wp-json\/wp\/v2\/media?parent=59545"}],"wp:term":[{"taxonomy":"category","embeddable":true,"href":"https:\/\/mediagroup.mx\/index.php\/wp-json\/wp\/v2\/categories?post=59545"},{"taxonomy":"post_tag","embeddable":true,"href":"https:\/\/mediagroup.mx\/index.php\/wp-json\/wp\/v2\/tags?post=59545"}],"curies":[{"name":"wp","href":"https:\/\/api.w.org\/{rel}","templated":true}]}}