{"id":59556,"date":"2024-11-27T15:20:41","date_gmt":"2024-11-27T21:20:41","guid":{"rendered":"https:\/\/mediagroup.mx\/?p=59556"},"modified":"2024-11-27T15:20:41","modified_gmt":"2024-11-27T21:20:41","slug":"reyes-galindo-impulsa-la-formacion-legislativa-de-jovenes-en-el-taller-nicolaita-legislativo","status":"publish","type":"post","link":"https:\/\/mediagroup.mx\/index.php\/2024\/11\/27\/reyes-galindo-impulsa-la-formacion-legislativa-de-jovenes-en-el-taller-nicolaita-legislativo\/","title":{"rendered":"Reyes Galindo impulsa la formaci\u00f3n legislativa de j\u00f3venes en el \u00abTaller Nicolaita Legislativo\u00bb"},"content":{"rendered":"<p>Con la convicci\u00f3n de que las y los estudiantes de Derecho representan la siguiente generaci\u00f3n que dar\u00e1 rumbo al Poder Legislativo en un futuro cercano, el Coordinador de Diputados del Partido del Trabajo en el Congreso del Estado de Michoac\u00e1n de Ocampo, Reyes Galindo Pedraza, particip\u00f3 en el \u00abTaller Nicolaita Legislativo\u00bb organizado por la Federaci\u00f3n Nicolaita Universitaria Democr\u00e1tica.<\/p>\n<p>Durante su intervenci\u00f3n, destac\u00f3 la importancia de que los j\u00f3venes se familiaricen desde su formaci\u00f3n acad\u00e9mica con la pr\u00e1ctica parlamentaria, herramienta clave para la construcci\u00f3n de una sociedad m\u00e1s justa y democr\u00e1tica.<\/p>\n<p>Reyes Galindo expres\u00f3 su entusiasmo por ver a estudiantes comprometidos con su desarrollo profesional y c\u00edvico. \u00abEs alentador saber que las nuevas generaciones no solo se preocupan, sino que tambi\u00e9n se ocupan en conocer a profundidad el funcionamiento del Congreso del Estado. Su inter\u00e9s es una se\u00f1al de que tendremos futuros legisladores conscientes y preparados para servir a nuestra sociedad\u00bb.<\/p>\n<p>En su exposici\u00f3n, Reyes Galindo ofreci\u00f3 una explicaci\u00f3n detallada sobre la estructura del Congreso del Estado, los procesos parlamentarios, la conformaci\u00f3n de las comisiones y el papel de cada diputado en la elaboraci\u00f3n de leyes. Su participaci\u00f3n fue enriquecedora para los estudiantes, quienes aprovecharon la oportunidad para resolver dudas y entender de manera pr\u00e1ctica c\u00f3mo se llevan a cabo las labores legislativas en Michoac\u00e1n.<\/p>\n<p>El \u00abTaller Nicolaita Legislativo\u00bb se posiciona como un espacio de aprendizaje y di\u00e1logo que fortalece la vinculaci\u00f3n entre el \u00e1mbito acad\u00e9mico y el legislativo. Para Reyes Galindo, esta interacci\u00f3n resulta fundamental, ya que permite a los j\u00f3venes universitarios tener una visi\u00f3n m\u00e1s clara y realista del trabajo parlamentario, alent\u00e1ndolos a involucrarse de manera activa en los procesos pol\u00edticos de su estado.<\/p>\n<p>El Partido del Trabajo, a trav\u00e9s de l\u00edderes como Reyes Galindo, refrenda su compromiso con el fortalecimiento de las nuevas generaciones y la construcci\u00f3n de un Michoac\u00e1n con mayor participaci\u00f3n ciudadana y democr\u00e1tica. \u00abEs en estos espacios donde se siembran las semillas del cambio que nuestro estado y pa\u00eds necesitan\u00bb, concluy\u00f3.<\/p>\n<p><img loading=\"lazy\" decoding=\"async\" class=\"alignnone size-medium wp-image-59557\" src=\"https:\/\/mediagroup.mx\/wp-content\/uploads\/2024\/11\/WhatsApp-Image-2024-11-27-at-12.27.56-300x199.jpeg\" alt=\"\" width=\"300\" height=\"199\" srcset=\"https:\/\/mediagroup.mx\/wp-content\/uploads\/2024\/11\/WhatsApp-Image-2024-11-27-at-12.27.56-300x199.jpeg 300w, https:\/\/mediagroup.mx\/wp-content\/uploads\/2024\/11\/WhatsApp-Image-2024-11-27-at-12.27.56-1024x681.jpeg 1024w, https:\/\/mediagroup.mx\/wp-content\/uploads\/2024\/11\/WhatsApp-Image-2024-11-27-at-12.27.56-768x511.jpeg 768w, https:\/\/mediagroup.mx\/wp-content\/uploads\/2024\/11\/WhatsApp-Image-2024-11-27-at-12.27.56-150x100.jpeg 150w, https:\/\/mediagroup.mx\/wp-content\/uploads\/2024\/11\/WhatsApp-Image-2024-11-27-at-12.27.56-696x463.jpeg 696w, https:\/\/mediagroup.mx\/wp-content\/uploads\/2024\/11\/WhatsApp-Image-2024-11-27-at-12.27.56-1068x710.jpeg 1068w, https:\/\/mediagroup.mx\/wp-content\/uploads\/2024\/11\/WhatsApp-Image-2024-11-27-at-12.27.56.jpeg 1280w\" sizes=\"auto, (max-width: 300px) 100vw, 300px\" \/><\/p>\n","protected":false},"excerpt":{"rendered":"<p>Con la convicci\u00f3n de que las y los estudiantes de Derecho representan la siguiente generaci\u00f3n que dar\u00e1 rumbo al Poder Legislativo en un futuro cercano, el Coordinador de Diputados del Partido del Trabajo en el Congreso del Estado de Michoac\u00e1n de Ocampo, Reyes Galindo Pedraza, particip\u00f3 en el \u00abTaller Nicolaita Legislativo\u00bb organizado por la Federaci\u00f3n [&hellip;]<\/p>\n","protected":false},"author":2,"featured_media":59557,"comment_status":"closed","ping_status":"closed","sticky":false,"template":"","format":"standard","meta":{"om_disable_all_campaigns":false,"_monsterinsights_skip_tracking":false,"_monsterinsights_sitenote_active":false,"_monsterinsights_sitenote_note":"","_monsterinsights_sitenote_category":0,"_uf_show_specific_survey":0,"_uf_disable_surveys":false,"_jetpack_memberships_contains_paid_content":false,"footnotes":"","jetpack_publicize_message":"Reyes Galindo impulsa la formaci\u00f3n legislativa de j\u00f3venes en el \"Taller Nicolaita Legislativo\"","jetpack_publicize_feature_enabled":true,"jetpack_social_post_already_shared":true,"jetpack_social_options":{"image_generator_settings":{"template":"highway","default_image_id":0,"enabled":false},"version":2}},"categories":[15,63],"tags":[],"class_list":{"0":"post-59556","1":"post","2":"type-post","3":"status-publish","4":"format-standard","5":"has-post-thumbnail","7":"category-michoacan","8":"category-politica"},"aioseo_notices":[],"jetpack_publicize_connections":[],"jetpack_featured_media_url":"https:\/\/mediagroup.mx\/wp-content\/uploads\/2024\/11\/WhatsApp-Image-2024-11-27-at-12.27.56.jpeg","jetpack_sharing_enabled":true,"_links":{"self":[{"href":"https:\/\/mediagroup.mx\/index.php\/wp-json\/wp\/v2\/posts\/59556","targetHints":{"allow":["GET"]}}],"collection":[{"href":"https:\/\/mediagroup.mx\/index.php\/wp-json\/wp\/v2\/posts"}],"about":[{"href":"https:\/\/mediagroup.mx\/index.php\/wp-json\/wp\/v2\/types\/post"}],"author":[{"embeddable":true,"href":"https:\/\/mediagroup.mx\/index.php\/wp-json\/wp\/v2\/users\/2"}],"replies":[{"embeddable":true,"href":"https:\/\/mediagroup.mx\/index.php\/wp-json\/wp\/v2\/comments?post=59556"}],"version-history":[{"count":1,"href":"https:\/\/mediagroup.mx\/index.php\/wp-json\/wp\/v2\/posts\/59556\/revisions"}],"predecessor-version":[{"id":59558,"href":"https:\/\/mediagroup.mx\/index.php\/wp-json\/wp\/v2\/posts\/59556\/revisions\/59558"}],"wp:featuredmedia":[{"embeddable":true,"href":"https:\/\/mediagroup.mx\/index.php\/wp-json\/wp\/v2\/media\/59557"}],"wp:attachment":[{"href":"https:\/\/mediagroup.mx\/index.php\/wp-json\/wp\/v2\/media?parent=59556"}],"wp:term":[{"taxonomy":"category","embeddable":true,"href":"https:\/\/mediagroup.mx\/index.php\/wp-json\/wp\/v2\/categories?post=59556"},{"taxonomy":"post_tag","embeddable":true,"href":"https:\/\/mediagroup.mx\/index.php\/wp-json\/wp\/v2\/tags?post=59556"}],"curies":[{"name":"wp","href":"https:\/\/api.w.org\/{rel}","templated":true}]}}