{"id":59562,"date":"2024-11-27T15:30:45","date_gmt":"2024-11-27T21:30:45","guid":{"rendered":"https:\/\/mediagroup.mx\/?p=59562"},"modified":"2024-11-27T15:30:45","modified_gmt":"2024-11-27T21:30:45","slug":"congreso-del-estado-comprometido-con-la-erradicacion-de-la-violencia-de-genero","status":"publish","type":"post","link":"https:\/\/mediagroup.mx\/index.php\/2024\/11\/27\/congreso-del-estado-comprometido-con-la-erradicacion-de-la-violencia-de-genero\/","title":{"rendered":"Congreso del Estado comprometido con la erradicaci\u00f3n de la violencia de g\u00e9nero"},"content":{"rendered":"<p>Como parte de 16 actividades contra la violencia de g\u00e9nero, los diputados Octavio Ocampo C\u00f3rdova y J. Reyes Galindo Pedraza, en la Junta de Coordinaci\u00f3n Pol\u00edtica, organizaron el Taller de Nuevas Masculinidades dirigido a titulares de las diferentes \u00e1reas administrativas y trabajadores del Poder Legislativo, cuyo objetivo es construir nuevas formas de convivencia entre los g\u00e9neros, con respeto e igualdad.<\/p>\n<p>En el evento en el que tambi\u00e9n estuvieron presentes el Presidenta de la Mesa Directiva, Juan Antonio Maga\u00f1a de la Mora, la Legisladora Teresita de Jes\u00fas Maldonado Herrera y el Diputado Alfredo Anaya Orozco, as\u00ed como la Secretaria de la Mujer en el Estado, Alejandra Anguiano, se coincidi\u00f3 en la necesidad de construir una nueva forma conceptual del hombre, dejando de lado las pr\u00e1cticas machistas, brind\u00e1ndole nuevas formas de relacionarse sin ejercer violencia y permiti\u00e9ndole mostrar sus emociones.<\/p>\n<p>El Diputado Octavio Ocampo destac\u00f3 la importancia de hablar sobre nuevas masculinidades y reflexionar sobre ello. \u201cHemos avanzado muchos en los marcos jur\u00eddicos, hemos avanzado en el reconocimiento de los derechos de las mujeres no por nosotros, sino por la lucha organizada que han tenido las mujeres\u201d.<\/p>\n<p>Destac\u00f3 la importancia de que los hombres reconozcan los actos de violencia que cometen, \u201chay mucho que hacer por nosotros mismos, hay mucho por mejorar, pensando en que tenemos que vivir todas y todos en un mismo plano de igualdad, de respeto y libre de violencia\u201d.<\/p>\n<p>El Legislador J. Reyes Galindo manifest\u00f3 que desde la Junta de Coordinaci\u00f3n Pol\u00edtica asumieron la tarea de sumarse al activismo en el combate a la violencia contra las mujeres porque se trata de concebir al hombre bajo una nueva forma de masculinidad, que no necesariamente vea la fuerza en la capacidad de dominar, sino tambi\u00e9n de poder colaborar.<\/p>\n<p>Ambos legisladores coincidieron en la necesidad de seguir construyendo una sociedad que busque ser cada vez m\u00e1s igualitaria, donde el respeto y la igualdad sean los valores de las relaciones, impulsando la erradicaci\u00f3n de cualquier tipo de violencia, con menos machos y con m\u00e1s hombres libres de expresar sus sentimientos; trabajando con ellos para reconstruir las mal concebidas conductas que no les permiten desarrollar una paternidad m\u00e1s amorosa y una mayor cooperaci\u00f3n en las labores de la casa.<\/p>\n<p>Finalmente, en la clausura, la Presidenta de la Junta de Coordinaci\u00f3n Pol\u00edtica, Fabiola Alan\u00eds S\u00e1mano, ante la y los diputados, Melba Edeyanira Albavera Padilla, David Mart\u00ednez Gowman, Alejandro Iv\u00e1n Ar\u00e9valo Vera y Antonio Salvador Mendoza Torres, resalt\u00f3 la importancia de tener una visi\u00f3n y una responsabilidad compartida para erradicar la violencia, para poder hablar un lenguaje de iguales entre hombres y mujeres.<\/p>\n<p><img loading=\"lazy\" decoding=\"async\" class=\"alignnone size-medium wp-image-59563\" src=\"https:\/\/mediagroup.mx\/wp-content\/uploads\/2024\/11\/WhatsApp-Image-2024-11-27-at-12.52.00-3-300x200.jpeg\" alt=\"\" width=\"300\" height=\"200\" srcset=\"https:\/\/mediagroup.mx\/wp-content\/uploads\/2024\/11\/WhatsApp-Image-2024-11-27-at-12.52.00-3-300x200.jpeg 300w, https:\/\/mediagroup.mx\/wp-content\/uploads\/2024\/11\/WhatsApp-Image-2024-11-27-at-12.52.00-3-1024x682.jpeg 1024w, https:\/\/mediagroup.mx\/wp-content\/uploads\/2024\/11\/WhatsApp-Image-2024-11-27-at-12.52.00-3-768x512.jpeg 768w, https:\/\/mediagroup.mx\/wp-content\/uploads\/2024\/11\/WhatsApp-Image-2024-11-27-at-12.52.00-3-150x100.jpeg 150w, https:\/\/mediagroup.mx\/wp-content\/uploads\/2024\/11\/WhatsApp-Image-2024-11-27-at-12.52.00-3-696x464.jpeg 696w, https:\/\/mediagroup.mx\/wp-content\/uploads\/2024\/11\/WhatsApp-Image-2024-11-27-at-12.52.00-3-1068x712.jpeg 1068w, https:\/\/mediagroup.mx\/wp-content\/uploads\/2024\/11\/WhatsApp-Image-2024-11-27-at-12.52.00-3.jpeg 1280w\" sizes=\"auto, (max-width: 300px) 100vw, 300px\" \/> <img loading=\"lazy\" decoding=\"async\" class=\"alignnone size-medium wp-image-59564\" src=\"https:\/\/mediagroup.mx\/wp-content\/uploads\/2024\/11\/WhatsApp-Image-2024-11-27-at-12.52.00-2-300x200.jpeg\" alt=\"\" width=\"300\" height=\"200\" srcset=\"https:\/\/mediagroup.mx\/wp-content\/uploads\/2024\/11\/WhatsApp-Image-2024-11-27-at-12.52.00-2-300x200.jpeg 300w, https:\/\/mediagroup.mx\/wp-content\/uploads\/2024\/11\/WhatsApp-Image-2024-11-27-at-12.52.00-2-1024x682.jpeg 1024w, https:\/\/mediagroup.mx\/wp-content\/uploads\/2024\/11\/WhatsApp-Image-2024-11-27-at-12.52.00-2-768x512.jpeg 768w, https:\/\/mediagroup.mx\/wp-content\/uploads\/2024\/11\/WhatsApp-Image-2024-11-27-at-12.52.00-2-150x100.jpeg 150w, https:\/\/mediagroup.mx\/wp-content\/uploads\/2024\/11\/WhatsApp-Image-2024-11-27-at-12.52.00-2-696x464.jpeg 696w, https:\/\/mediagroup.mx\/wp-content\/uploads\/2024\/11\/WhatsApp-Image-2024-11-27-at-12.52.00-2-1068x712.jpeg 1068w, https:\/\/mediagroup.mx\/wp-content\/uploads\/2024\/11\/WhatsApp-Image-2024-11-27-at-12.52.00-2.jpeg 1280w\" sizes=\"auto, (max-width: 300px) 100vw, 300px\" \/> <img loading=\"lazy\" decoding=\"async\" class=\"alignnone size-medium wp-image-59565\" src=\"https:\/\/mediagroup.mx\/wp-content\/uploads\/2024\/11\/WhatsApp-Image-2024-11-27-at-12.52.00-1-300x200.jpeg\" alt=\"\" width=\"300\" height=\"200\" srcset=\"https:\/\/mediagroup.mx\/wp-content\/uploads\/2024\/11\/WhatsApp-Image-2024-11-27-at-12.52.00-1-300x200.jpeg 300w, https:\/\/mediagroup.mx\/wp-content\/uploads\/2024\/11\/WhatsApp-Image-2024-11-27-at-12.52.00-1-1024x682.jpeg 1024w, https:\/\/mediagroup.mx\/wp-content\/uploads\/2024\/11\/WhatsApp-Image-2024-11-27-at-12.52.00-1-768x512.jpeg 768w, https:\/\/mediagroup.mx\/wp-content\/uploads\/2024\/11\/WhatsApp-Image-2024-11-27-at-12.52.00-1-150x100.jpeg 150w, https:\/\/mediagroup.mx\/wp-content\/uploads\/2024\/11\/WhatsApp-Image-2024-11-27-at-12.52.00-1-696x464.jpeg 696w, https:\/\/mediagroup.mx\/wp-content\/uploads\/2024\/11\/WhatsApp-Image-2024-11-27-at-12.52.00-1-1068x712.jpeg 1068w, https:\/\/mediagroup.mx\/wp-content\/uploads\/2024\/11\/WhatsApp-Image-2024-11-27-at-12.52.00-1.jpeg 1280w\" sizes=\"auto, (max-width: 300px) 100vw, 300px\" \/> <img loading=\"lazy\" decoding=\"async\" class=\"alignnone size-medium wp-image-59566\" src=\"https:\/\/mediagroup.mx\/wp-content\/uploads\/2024\/11\/WhatsApp-Image-2024-11-27-at-12.52.00-300x200.jpeg\" alt=\"\" width=\"300\" height=\"200\" srcset=\"https:\/\/mediagroup.mx\/wp-content\/uploads\/2024\/11\/WhatsApp-Image-2024-11-27-at-12.52.00-300x200.jpeg 300w, https:\/\/mediagroup.mx\/wp-content\/uploads\/2024\/11\/WhatsApp-Image-2024-11-27-at-12.52.00-1024x682.jpeg 1024w, https:\/\/mediagroup.mx\/wp-content\/uploads\/2024\/11\/WhatsApp-Image-2024-11-27-at-12.52.00-768x512.jpeg 768w, https:\/\/mediagroup.mx\/wp-content\/uploads\/2024\/11\/WhatsApp-Image-2024-11-27-at-12.52.00-150x100.jpeg 150w, https:\/\/mediagroup.mx\/wp-content\/uploads\/2024\/11\/WhatsApp-Image-2024-11-27-at-12.52.00-696x464.jpeg 696w, https:\/\/mediagroup.mx\/wp-content\/uploads\/2024\/11\/WhatsApp-Image-2024-11-27-at-12.52.00-1068x712.jpeg 1068w, https:\/\/mediagroup.mx\/wp-content\/uploads\/2024\/11\/WhatsApp-Image-2024-11-27-at-12.52.00.jpeg 1280w\" sizes=\"auto, (max-width: 300px) 100vw, 300px\" \/><\/p>\n","protected":false},"excerpt":{"rendered":"<p>Como parte de 16 actividades contra la violencia de g\u00e9nero, los diputados Octavio Ocampo C\u00f3rdova y J. Reyes Galindo Pedraza, en la Junta de Coordinaci\u00f3n Pol\u00edtica, organizaron el Taller de Nuevas Masculinidades dirigido a titulares de las diferentes \u00e1reas administrativas y trabajadores del Poder Legislativo, cuyo objetivo es construir nuevas formas de convivencia entre los [&hellip;]<\/p>\n","protected":false},"author":2,"featured_media":59563,"comment_status":"closed","ping_status":"closed","sticky":false,"template":"","format":"standard","meta":{"om_disable_all_campaigns":false,"_monsterinsights_skip_tracking":false,"_monsterinsights_sitenote_active":false,"_monsterinsights_sitenote_note":"","_monsterinsights_sitenote_category":0,"_uf_show_specific_survey":0,"_uf_disable_surveys":false,"_jetpack_memberships_contains_paid_content":false,"footnotes":"","jetpack_publicize_message":"Congreso del Estado comprometido con la erradicaci\u00f3n de la violencia de g\u00e9nero\r\n\u2022 Capacita a su personal sobre nuevas masculinidades, para dejar atr\u00e1s actitudes de violencia contra las mujeres","jetpack_publicize_feature_enabled":true,"jetpack_social_post_already_shared":true,"jetpack_social_options":{"image_generator_settings":{"template":"highway","default_image_id":0,"enabled":false},"version":2}},"categories":[15,63],"tags":[],"class_list":{"0":"post-59562","1":"post","2":"type-post","3":"status-publish","4":"format-standard","5":"has-post-thumbnail","7":"category-michoacan","8":"category-politica"},"aioseo_notices":[],"jetpack_publicize_connections":[],"jetpack_featured_media_url":"https:\/\/mediagroup.mx\/wp-content\/uploads\/2024\/11\/WhatsApp-Image-2024-11-27-at-12.52.00-3.jpeg","jetpack_sharing_enabled":true,"_links":{"self":[{"href":"https:\/\/mediagroup.mx\/index.php\/wp-json\/wp\/v2\/posts\/59562","targetHints":{"allow":["GET"]}}],"collection":[{"href":"https:\/\/mediagroup.mx\/index.php\/wp-json\/wp\/v2\/posts"}],"about":[{"href":"https:\/\/mediagroup.mx\/index.php\/wp-json\/wp\/v2\/types\/post"}],"author":[{"embeddable":true,"href":"https:\/\/mediagroup.mx\/index.php\/wp-json\/wp\/v2\/users\/2"}],"replies":[{"embeddable":true,"href":"https:\/\/mediagroup.mx\/index.php\/wp-json\/wp\/v2\/comments?post=59562"}],"version-history":[{"count":1,"href":"https:\/\/mediagroup.mx\/index.php\/wp-json\/wp\/v2\/posts\/59562\/revisions"}],"predecessor-version":[{"id":59567,"href":"https:\/\/mediagroup.mx\/index.php\/wp-json\/wp\/v2\/posts\/59562\/revisions\/59567"}],"wp:featuredmedia":[{"embeddable":true,"href":"https:\/\/mediagroup.mx\/index.php\/wp-json\/wp\/v2\/media\/59563"}],"wp:attachment":[{"href":"https:\/\/mediagroup.mx\/index.php\/wp-json\/wp\/v2\/media?parent=59562"}],"wp:term":[{"taxonomy":"category","embeddable":true,"href":"https:\/\/mediagroup.mx\/index.php\/wp-json\/wp\/v2\/categories?post=59562"},{"taxonomy":"post_tag","embeddable":true,"href":"https:\/\/mediagroup.mx\/index.php\/wp-json\/wp\/v2\/tags?post=59562"}],"curies":[{"name":"wp","href":"https:\/\/api.w.org\/{rel}","templated":true}]}}