{"id":59587,"date":"2024-11-28T10:18:18","date_gmt":"2024-11-28T16:18:18","guid":{"rendered":"https:\/\/mediagroup.mx\/?p=59587"},"modified":"2024-11-28T10:18:18","modified_gmt":"2024-11-28T16:18:18","slug":"el-impulso-de-las-ninas-ninos-y-mujeres-una-prioridad-para-la-fraccion-naranja-grecia-aguilar","status":"publish","type":"post","link":"https:\/\/mediagroup.mx\/index.php\/2024\/11\/28\/el-impulso-de-las-ninas-ninos-y-mujeres-una-prioridad-para-la-fraccion-naranja-grecia-aguilar\/","title":{"rendered":"El impulso de las ni\u00f1as, ni\u00f1os y mujeres una prioridad para la fracci\u00f3n naranja: Grecia Aguilar"},"content":{"rendered":"<p>El impulso de las ni\u00f1as y mujeres, as\u00ed como seguir aportando los instrumentos jur\u00eddicos que aporten a disminuir la desigualdad y a generar un entorno libre de violencia para todas, es una tarea y prioridad para el Grupo Parlamentario de Movimiento Ciudadano, por lo que se trabaja en varios ejes y propuestas a impulsar desde la LXXVI Legislatura Local, afirm\u00f3 la diputada Grecia Aguilar Mercado.<\/p>\n<p>Si bien reconoci\u00f3 los avances que se han logrado poco a poco a favor de las mujeres, refiri\u00f3 que mientras contin\u00faen las cifras de mujeres maltratadas, violentadas y asesinadas, se debe seguir trabajando arduamente desde todas las trincheras.<\/p>\n<p>En nuestro pa\u00eds dijo que, de acuerdo con las propias estad\u00edsticas, la poblaci\u00f3n m\u00e1s desprotegidos son las mujeres, las ni\u00f1as y los ni\u00f1os, para quienes se ha fortalecido la legislaci\u00f3n y creado programas, no obstante, se requiere generar acciones coordinadas desde todas las trincheras y que las normas no sean letra muerta.<\/p>\n<p>En el caso de las mujeres, dijo, las cifras de violencia reflejan las condiciones de vulnerabilidad a las que est\u00e1n expuestas, y que se debe fortalecer el trabajo y seguir apostando a generar una cultura de no violencia desde la infancia y endurecer las penas a los agresores.<\/p>\n<p>Grecia Aguilar, sostuvo que se debe destinar mayor presupuesto para la atenci\u00f3n de estos sectores y que pol\u00edticas p\u00fablicas que se realizan sean evaluadas y mejoradas para que sean eficientes.<\/p>\n<p>Desde el Congreso Local dijo que se aportar\u00e1 desde la bancada naranja todo el esfuerzo y propuestas para que los marcos jur\u00eddicos que propicien la igualdad sustantiva y atienda las necesidades que al d\u00eda a d\u00eda se tienen.<\/p>\n<p><img loading=\"lazy\" decoding=\"async\" class=\"alignnone size-medium wp-image-59588\" src=\"https:\/\/mediagroup.mx\/wp-content\/uploads\/2024\/11\/WhatsApp-Image-2024-11-27-at-18.45.55-300x200.jpeg\" alt=\"\" width=\"300\" height=\"200\" srcset=\"https:\/\/mediagroup.mx\/wp-content\/uploads\/2024\/11\/WhatsApp-Image-2024-11-27-at-18.45.55-300x200.jpeg 300w, https:\/\/mediagroup.mx\/wp-content\/uploads\/2024\/11\/WhatsApp-Image-2024-11-27-at-18.45.55-1024x682.jpeg 1024w, https:\/\/mediagroup.mx\/wp-content\/uploads\/2024\/11\/WhatsApp-Image-2024-11-27-at-18.45.55-768x512.jpeg 768w, https:\/\/mediagroup.mx\/wp-content\/uploads\/2024\/11\/WhatsApp-Image-2024-11-27-at-18.45.55-1536x1023.jpeg 1536w, https:\/\/mediagroup.mx\/wp-content\/uploads\/2024\/11\/WhatsApp-Image-2024-11-27-at-18.45.55-150x100.jpeg 150w, https:\/\/mediagroup.mx\/wp-content\/uploads\/2024\/11\/WhatsApp-Image-2024-11-27-at-18.45.55-696x464.jpeg 696w, https:\/\/mediagroup.mx\/wp-content\/uploads\/2024\/11\/WhatsApp-Image-2024-11-27-at-18.45.55-1068x712.jpeg 1068w, https:\/\/mediagroup.mx\/wp-content\/uploads\/2024\/11\/WhatsApp-Image-2024-11-27-at-18.45.55.jpeg 1600w\" sizes=\"auto, (max-width: 300px) 100vw, 300px\" \/><\/p>\n","protected":false},"excerpt":{"rendered":"<p>El impulso de las ni\u00f1as y mujeres, as\u00ed como seguir aportando los instrumentos jur\u00eddicos que aporten a disminuir la desigualdad y a generar un entorno libre de violencia para todas, es una tarea y prioridad para el Grupo Parlamentario de Movimiento Ciudadano, por lo que se trabaja en varios ejes y propuestas a impulsar desde [&hellip;]<\/p>\n","protected":false},"author":2,"featured_media":59588,"comment_status":"closed","ping_status":"closed","sticky":false,"template":"","format":"standard","meta":{"om_disable_all_campaigns":false,"_monsterinsights_skip_tracking":false,"_monsterinsights_sitenote_active":false,"_monsterinsights_sitenote_note":"","_monsterinsights_sitenote_category":0,"_uf_show_specific_survey":0,"_uf_disable_surveys":false,"_jetpack_memberships_contains_paid_content":false,"footnotes":"","jetpack_publicize_message":"El impulso de las ni\u00f1as, ni\u00f1os y mujeres una prioridad para la fracci\u00f3n naranja: Grecia Aguilar","jetpack_publicize_feature_enabled":true,"jetpack_social_post_already_shared":true,"jetpack_social_options":{"image_generator_settings":{"template":"highway","default_image_id":0,"enabled":false},"version":2}},"categories":[15,63],"tags":[],"class_list":{"0":"post-59587","1":"post","2":"type-post","3":"status-publish","4":"format-standard","5":"has-post-thumbnail","7":"category-michoacan","8":"category-politica"},"aioseo_notices":[],"jetpack_publicize_connections":[],"jetpack_featured_media_url":"https:\/\/mediagroup.mx\/wp-content\/uploads\/2024\/11\/WhatsApp-Image-2024-11-27-at-18.45.55.jpeg","jetpack_sharing_enabled":true,"_links":{"self":[{"href":"https:\/\/mediagroup.mx\/index.php\/wp-json\/wp\/v2\/posts\/59587","targetHints":{"allow":["GET"]}}],"collection":[{"href":"https:\/\/mediagroup.mx\/index.php\/wp-json\/wp\/v2\/posts"}],"about":[{"href":"https:\/\/mediagroup.mx\/index.php\/wp-json\/wp\/v2\/types\/post"}],"author":[{"embeddable":true,"href":"https:\/\/mediagroup.mx\/index.php\/wp-json\/wp\/v2\/users\/2"}],"replies":[{"embeddable":true,"href":"https:\/\/mediagroup.mx\/index.php\/wp-json\/wp\/v2\/comments?post=59587"}],"version-history":[{"count":1,"href":"https:\/\/mediagroup.mx\/index.php\/wp-json\/wp\/v2\/posts\/59587\/revisions"}],"predecessor-version":[{"id":59589,"href":"https:\/\/mediagroup.mx\/index.php\/wp-json\/wp\/v2\/posts\/59587\/revisions\/59589"}],"wp:featuredmedia":[{"embeddable":true,"href":"https:\/\/mediagroup.mx\/index.php\/wp-json\/wp\/v2\/media\/59588"}],"wp:attachment":[{"href":"https:\/\/mediagroup.mx\/index.php\/wp-json\/wp\/v2\/media?parent=59587"}],"wp:term":[{"taxonomy":"category","embeddable":true,"href":"https:\/\/mediagroup.mx\/index.php\/wp-json\/wp\/v2\/categories?post=59587"},{"taxonomy":"post_tag","embeddable":true,"href":"https:\/\/mediagroup.mx\/index.php\/wp-json\/wp\/v2\/tags?post=59587"}],"curies":[{"name":"wp","href":"https:\/\/api.w.org\/{rel}","templated":true}]}}