{"id":59590,"date":"2024-11-27T10:19:01","date_gmt":"2024-11-27T16:19:01","guid":{"rendered":"https:\/\/mediagroup.mx\/?p=59590"},"modified":"2024-11-28T10:23:55","modified_gmt":"2024-11-28T16:23:55","slug":"plenamente-garantizados-derechos-adquiridos-de-las-y-los-trabajadores-con-la-reforma-constitucional-de-la-umsnh-especialistas-en-derecho","status":"publish","type":"post","link":"https:\/\/mediagroup.mx\/index.php\/2024\/11\/27\/plenamente-garantizados-derechos-adquiridos-de-las-y-los-trabajadores-con-la-reforma-constitucional-de-la-umsnh-especialistas-en-derecho\/","title":{"rendered":"Plenamente garantizados derechos adquiridos de las y los trabajadores con la reforma constitucional de la UMSNH: especialistas en Derecho"},"content":{"rendered":"<p>Con la iniciativa de reforma constitucional a la Universidad Michoacana de San Nicol\u00e1s de Hidalgo (UMSNH), est\u00e1n plenamente garantizados los derechos adquiridos de las y los trabajadores de la instituci\u00f3n, coincidieron especialistas en Derecho.<\/p>\n<p>Durante una reuni\u00f3n que sostuvo la rectora Yarab\u00ed \u00c1vila Gonz\u00e1lez con directoras y directores de escuelas, facultades e institutos nicolaitas, se comparti\u00f3 el dictamen de la Comisi\u00f3n de Puntos Constitucionales del Congreso Local respecto a la iniciativa de reforma a la UMSNH presentada por el gobernador Alfredo Ram\u00edrez Bedolla.<\/p>\n<p>En este marco, se detallaron cada uno de los art\u00edculos transitorios, y en torno al n\u00famero sexto referente al sistema de jubilaciones y pensiones, el director de la Facultad de Derecho y Ciencias Sociales, Sergio Carmelo Dom\u00ednguez Mota, indic\u00f3 que establece con claridad que los derechos laborales de los trabajadores acad\u00e9micos como administrativos est\u00e1n plenamente garantizados al igual que los derechos de las y los jubilados en los t\u00e9rminos de la ley aplicable, es decir, en los Contratos Colectivos de Trabajo.<\/p>\n<p>El tambi\u00e9n especialista en derecho del trabajo puntualiz\u00f3 que no hay ning\u00fan riesgo respecto a este tema, tras referir que elevar a rango constitucional el derecho de los trabajadores a obtener una pensi\u00f3n digna y decente, es mucho m\u00e1s garante y es m\u00e1s protecci\u00f3n progresista en materia de derechos humanos para las y los trabajadores.<\/p>\n<p>Por su parte, el doctor en derecho, Edgar Hugo Rojas, indic\u00f3 que el art\u00edculo sexto transitorio establece que se protegen todos y cada uno de los derechos adquiridos tanto de los acad\u00e9micos como de los trabajadores, \u201cpor consiguiente no hay que tener temor, hay que tener la confianza de que ahora s\u00ed se llevan a un rango constitucional dichos beneficios en la Universidad Michoacana\u201d.<\/p>\n<p>Indic\u00f3 que los art\u00edculos 103 y 107 de la Constituci\u00f3n Pol\u00edtica de los Estados Unidos Mexicanos hablan precisamente de como las garant\u00edas que han sido adquiridas no pueden ser desvanecidas por una disposici\u00f3n distinta. \u201cExisten derechos adquiridos preexistentes, es decir lo que ya vienen caminando se va a mantener porque no puede ser en detrimento\u201d.<\/p>\n<p>La rectora Yarab\u00ed \u00c1vila Gonz\u00e1lez agradeci\u00f3 la presencia de las directoras y directores, tras se\u00f1alar que el tema de la iniciativa de reforma es fundamental para toda la comunidad universitaria.<\/p>\n<p>\u201cPorque van involucrados l\u00f3gicamente la historia de la Universidad, nuestro patrimonio y el trabajo que, durante muchos a\u00f1os nosotros y muchos compa\u00f1eros y compa\u00f1eras han realizado y que todos debemos estar enterados para tomar decisiones de manera conjunta\u201d.<\/p>\n<p>Por su parte, el secretario general, Javier Cervantes Rodr\u00edguez, indic\u00f3 que es importante que las y los directores conozcan la propuesta de dictamen para que la puedan bajar a sus comunidades.<\/p>\n<p>En otro aspecto, el tesorero de la UMSNH, Enrique Eduardo Rom\u00e1n, apunt\u00f3 que con el presupuesto pleno ya no se tendr\u00eda d\u00e9ficit presupuestal para el ejercicio 2025, lo que dijo, permitir\u00eda a la Universidad transitar a unas finanzas sanas y sobre todo un orden administrativo.<\/p>\n<p>El secretario general a\u00f1adi\u00f3 que, el presupuesto pleno permitir\u00eda avanzar en un porcentaje de jubilaciones que est\u00e1n solicitadas, tras se\u00f1alar que al d\u00eda de hoy se encuentran 498 solicitudes que est\u00e1n en proceso de prejubilaci\u00f3n, de las cuales algunas son desde el a\u00f1o 2019.<\/p>\n<p><img loading=\"lazy\" decoding=\"async\" class=\"alignnone size-medium wp-image-59591\" src=\"https:\/\/mediagroup.mx\/wp-content\/uploads\/2024\/11\/WhatsApp-Image-2024-11-27-at-18.46.23-300x200.jpeg\" alt=\"\" width=\"300\" height=\"200\" srcset=\"https:\/\/mediagroup.mx\/wp-content\/uploads\/2024\/11\/WhatsApp-Image-2024-11-27-at-18.46.23-300x200.jpeg 300w, https:\/\/mediagroup.mx\/wp-content\/uploads\/2024\/11\/WhatsApp-Image-2024-11-27-at-18.46.23-1024x682.jpeg 1024w, https:\/\/mediagroup.mx\/wp-content\/uploads\/2024\/11\/WhatsApp-Image-2024-11-27-at-18.46.23-768x512.jpeg 768w, https:\/\/mediagroup.mx\/wp-content\/uploads\/2024\/11\/WhatsApp-Image-2024-11-27-at-18.46.23-1536x1024.jpeg 1536w, https:\/\/mediagroup.mx\/wp-content\/uploads\/2024\/11\/WhatsApp-Image-2024-11-27-at-18.46.23-2048x1365.jpeg 2048w, https:\/\/mediagroup.mx\/wp-content\/uploads\/2024\/11\/WhatsApp-Image-2024-11-27-at-18.46.23-150x100.jpeg 150w, https:\/\/mediagroup.mx\/wp-content\/uploads\/2024\/11\/WhatsApp-Image-2024-11-27-at-18.46.23-696x464.jpeg 696w, https:\/\/mediagroup.mx\/wp-content\/uploads\/2024\/11\/WhatsApp-Image-2024-11-27-at-18.46.23-1068x712.jpeg 1068w, https:\/\/mediagroup.mx\/wp-content\/uploads\/2024\/11\/WhatsApp-Image-2024-11-27-at-18.46.23-1920x1280.jpeg 1920w\" sizes=\"auto, (max-width: 300px) 100vw, 300px\" \/> <img loading=\"lazy\" decoding=\"async\" class=\"alignnone size-medium wp-image-59592\" src=\"https:\/\/mediagroup.mx\/wp-content\/uploads\/2024\/11\/WhatsApp-Image-2024-11-27-at-18.46.22-300x200.jpeg\" alt=\"\" width=\"300\" height=\"200\" srcset=\"https:\/\/mediagroup.mx\/wp-content\/uploads\/2024\/11\/WhatsApp-Image-2024-11-27-at-18.46.22-300x200.jpeg 300w, https:\/\/mediagroup.mx\/wp-content\/uploads\/2024\/11\/WhatsApp-Image-2024-11-27-at-18.46.22-1024x682.jpeg 1024w, https:\/\/mediagroup.mx\/wp-content\/uploads\/2024\/11\/WhatsApp-Image-2024-11-27-at-18.46.22-768x512.jpeg 768w, https:\/\/mediagroup.mx\/wp-content\/uploads\/2024\/11\/WhatsApp-Image-2024-11-27-at-18.46.22-1536x1024.jpeg 1536w, https:\/\/mediagroup.mx\/wp-content\/uploads\/2024\/11\/WhatsApp-Image-2024-11-27-at-18.46.22-2048x1365.jpeg 2048w, https:\/\/mediagroup.mx\/wp-content\/uploads\/2024\/11\/WhatsApp-Image-2024-11-27-at-18.46.22-150x100.jpeg 150w, https:\/\/mediagroup.mx\/wp-content\/uploads\/2024\/11\/WhatsApp-Image-2024-11-27-at-18.46.22-696x464.jpeg 696w, https:\/\/mediagroup.mx\/wp-content\/uploads\/2024\/11\/WhatsApp-Image-2024-11-27-at-18.46.22-1068x712.jpeg 1068w, https:\/\/mediagroup.mx\/wp-content\/uploads\/2024\/11\/WhatsApp-Image-2024-11-27-at-18.46.22-1920x1280.jpeg 1920w\" sizes=\"auto, (max-width: 300px) 100vw, 300px\" \/><\/p>\n","protected":false},"excerpt":{"rendered":"<p>Con la iniciativa de reforma constitucional a la Universidad Michoacana de San Nicol\u00e1s de Hidalgo (UMSNH), est\u00e1n plenamente garantizados los derechos adquiridos de las y los trabajadores de la instituci\u00f3n, coincidieron especialistas en Derecho. Durante una reuni\u00f3n que sostuvo la rectora Yarab\u00ed \u00c1vila Gonz\u00e1lez con directoras y directores de escuelas, facultades e institutos nicolaitas, se [&hellip;]<\/p>\n","protected":false},"author":2,"featured_media":59592,"comment_status":"closed","ping_status":"closed","sticky":false,"template":"","format":"standard","meta":{"om_disable_all_campaigns":false,"_monsterinsights_skip_tracking":false,"_monsterinsights_sitenote_active":false,"_monsterinsights_sitenote_note":"","_monsterinsights_sitenote_category":0,"_uf_show_specific_survey":0,"_uf_disable_surveys":false,"_jetpack_memberships_contains_paid_content":false,"footnotes":"","jetpack_publicize_message":"Plenamente garantizados derechos adquiridos de las y los trabajadores con la reforma constitucional de la UMSNH: especialistas en Derecho\r\n\r\n\u00b7 La rectora Yarab\u00ed \u00c1vila sostiene una reuni\u00f3n con las y los directoras nicolaitas para abordar los t\u00e9rminos del dictamen de iniciativa de reforma a la Universidad Michoacana enviada por el Ejecutivo.","jetpack_publicize_feature_enabled":true,"jetpack_social_post_already_shared":true,"jetpack_social_options":{"image_generator_settings":{"template":"highway","default_image_id":0,"enabled":false},"version":2}},"categories":[22,15,63],"tags":[],"class_list":{"0":"post-59590","1":"post","2":"type-post","3":"status-publish","4":"format-standard","5":"has-post-thumbnail","7":"category-educacion","8":"category-michoacan","9":"category-politica"},"aioseo_notices":[],"jetpack_publicize_connections":[],"jetpack_featured_media_url":"https:\/\/mediagroup.mx\/wp-content\/uploads\/2024\/11\/WhatsApp-Image-2024-11-27-at-18.46.22.jpeg","jetpack_sharing_enabled":true,"_links":{"self":[{"href":"https:\/\/mediagroup.mx\/index.php\/wp-json\/wp\/v2\/posts\/59590","targetHints":{"allow":["GET"]}}],"collection":[{"href":"https:\/\/mediagroup.mx\/index.php\/wp-json\/wp\/v2\/posts"}],"about":[{"href":"https:\/\/mediagroup.mx\/index.php\/wp-json\/wp\/v2\/types\/post"}],"author":[{"embeddable":true,"href":"https:\/\/mediagroup.mx\/index.php\/wp-json\/wp\/v2\/users\/2"}],"replies":[{"embeddable":true,"href":"https:\/\/mediagroup.mx\/index.php\/wp-json\/wp\/v2\/comments?post=59590"}],"version-history":[{"count":1,"href":"https:\/\/mediagroup.mx\/index.php\/wp-json\/wp\/v2\/posts\/59590\/revisions"}],"predecessor-version":[{"id":59593,"href":"https:\/\/mediagroup.mx\/index.php\/wp-json\/wp\/v2\/posts\/59590\/revisions\/59593"}],"wp:featuredmedia":[{"embeddable":true,"href":"https:\/\/mediagroup.mx\/index.php\/wp-json\/wp\/v2\/media\/59592"}],"wp:attachment":[{"href":"https:\/\/mediagroup.mx\/index.php\/wp-json\/wp\/v2\/media?parent=59590"}],"wp:term":[{"taxonomy":"category","embeddable":true,"href":"https:\/\/mediagroup.mx\/index.php\/wp-json\/wp\/v2\/categories?post=59590"},{"taxonomy":"post_tag","embeddable":true,"href":"https:\/\/mediagroup.mx\/index.php\/wp-json\/wp\/v2\/tags?post=59590"}],"curies":[{"name":"wp","href":"https:\/\/api.w.org\/{rel}","templated":true}]}}