{"id":59594,"date":"2024-11-28T10:26:06","date_gmt":"2024-11-28T16:26:06","guid":{"rendered":"https:\/\/mediagroup.mx\/?p=59594"},"modified":"2024-11-28T10:26:06","modified_gmt":"2024-11-28T16:26:06","slug":"la-diputada-federal-vanesa-lopez-llama-a-erradicar-la-violencia-en-todas-sus-formas","status":"publish","type":"post","link":"https:\/\/mediagroup.mx\/index.php\/2024\/11\/28\/la-diputada-federal-vanesa-lopez-llama-a-erradicar-la-violencia-en-todas-sus-formas\/","title":{"rendered":"La Diputada Federal Vanesa L\u00f3pez llama a erradicar la violencia en todas sus formas"},"content":{"rendered":"<p>La Diputada Federal del Partido del Trabajo e integrante de la Comisi\u00f3n de Igualdad de G\u00e9nero, Vanesa L\u00f3pez, lanz\u00f3 un en\u00e9rgico llamado a combatir la violencia en todas sus manifestaciones, destacando la importancia de erradicar desde la violencia verbal hasta la feminicida, as\u00ed como aquella que ocurre entre mujeres. En el marco de su compromiso con la igualdad y la justicia, subray\u00f3 que este esfuerzo requiere la participaci\u00f3n activa de toda la sociedad.<\/p>\n<p>Durante su intervenci\u00f3n, la legisladora enfatiz\u00f3 que el respeto a la armon\u00eda, la vida y la integridad debe ser el eje central para fomentar la conciencia colectiva y construir un entorno seguro y libre para las mujeres. \u00abLa violencia no distingue g\u00e9nero ni edad; cada acto de agresi\u00f3n pone en riesgo la estructura social y el bienestar de las personas\u00bb, afirm\u00f3.<\/p>\n<p>Vanesa L\u00f3pez destac\u00f3 la urgencia de implementar pol\u00edticas p\u00fablicas integrales que no solo prevengan la violencia, sino que tambi\u00e9n ofrezcan apoyo efectivo a las v\u00edctimas. En este sentido, propuso reforzar las campa\u00f1as educativas que promuevan valores de respeto y equidad desde edades tempranas.<\/p>\n<p>La Diputada subray\u00f3 que la violencia ejercida de hombre a mujer y entre mujeres debe ser reconocida y abordada como un problema estructural. Hizo un llamado a las autoridades, organizaciones civiles y a la ciudadan\u00eda en general a sumar esfuerzos para generar un cambio cultural que privilegie el di\u00e1logo y la empat\u00eda como herramientas clave para resolver conflictos.<\/p>\n<p>\u00abSolo a trav\u00e9s de la uni\u00f3n y el compromiso podremos garantizar un futuro donde las mujeres puedan vivir libres de miedo, violencia y discriminaci\u00f3n\u00bb, concluy\u00f3 Vanesa L\u00f3pez, reiterando su compromiso de seguir trabajando desde el Congreso por un M\u00e9xico m\u00e1s justo y equitativo.<\/p>\n<p><img loading=\"lazy\" decoding=\"async\" class=\"alignnone size-medium wp-image-59595\" src=\"https:\/\/mediagroup.mx\/wp-content\/uploads\/2024\/11\/WhatsApp-Image-2024-11-27-at-18.46.53-300x185.jpeg\" alt=\"\" width=\"300\" height=\"185\" srcset=\"https:\/\/mediagroup.mx\/wp-content\/uploads\/2024\/11\/WhatsApp-Image-2024-11-27-at-18.46.53-300x185.jpeg 300w, https:\/\/mediagroup.mx\/wp-content\/uploads\/2024\/11\/WhatsApp-Image-2024-11-27-at-18.46.53-1024x632.jpeg 1024w, https:\/\/mediagroup.mx\/wp-content\/uploads\/2024\/11\/WhatsApp-Image-2024-11-27-at-18.46.53-768x474.jpeg 768w, https:\/\/mediagroup.mx\/wp-content\/uploads\/2024\/11\/WhatsApp-Image-2024-11-27-at-18.46.53-150x93.jpeg 150w, https:\/\/mediagroup.mx\/wp-content\/uploads\/2024\/11\/WhatsApp-Image-2024-11-27-at-18.46.53-696x429.jpeg 696w, https:\/\/mediagroup.mx\/wp-content\/uploads\/2024\/11\/WhatsApp-Image-2024-11-27-at-18.46.53-1068x659.jpeg 1068w, https:\/\/mediagroup.mx\/wp-content\/uploads\/2024\/11\/WhatsApp-Image-2024-11-27-at-18.46.53.jpeg 1269w\" sizes=\"auto, (max-width: 300px) 100vw, 300px\" \/><\/p>\n","protected":false},"excerpt":{"rendered":"<p>La Diputada Federal del Partido del Trabajo e integrante de la Comisi\u00f3n de Igualdad de G\u00e9nero, Vanesa L\u00f3pez, lanz\u00f3 un en\u00e9rgico llamado a combatir la violencia en todas sus manifestaciones, destacando la importancia de erradicar desde la violencia verbal hasta la feminicida, as\u00ed como aquella que ocurre entre mujeres. En el marco de su compromiso [&hellip;]<\/p>\n","protected":false},"author":2,"featured_media":59595,"comment_status":"closed","ping_status":"closed","sticky":false,"template":"","format":"standard","meta":{"om_disable_all_campaigns":false,"_monsterinsights_skip_tracking":false,"_monsterinsights_sitenote_active":false,"_monsterinsights_sitenote_note":"","_monsterinsights_sitenote_category":0,"_uf_show_specific_survey":0,"_uf_disable_surveys":false,"_jetpack_memberships_contains_paid_content":false,"footnotes":"","jetpack_publicize_message":"La Diputada Federal Vanesa L\u00f3pez llama a erradicar la violencia en todas sus formas","jetpack_publicize_feature_enabled":true,"jetpack_social_post_already_shared":true,"jetpack_social_options":{"image_generator_settings":{"template":"highway","default_image_id":0,"enabled":false},"version":2}},"categories":[15,63],"tags":[],"class_list":{"0":"post-59594","1":"post","2":"type-post","3":"status-publish","4":"format-standard","5":"has-post-thumbnail","7":"category-michoacan","8":"category-politica"},"aioseo_notices":[],"jetpack_publicize_connections":[],"jetpack_featured_media_url":"https:\/\/mediagroup.mx\/wp-content\/uploads\/2024\/11\/WhatsApp-Image-2024-11-27-at-18.46.53.jpeg","jetpack_sharing_enabled":true,"_links":{"self":[{"href":"https:\/\/mediagroup.mx\/index.php\/wp-json\/wp\/v2\/posts\/59594","targetHints":{"allow":["GET"]}}],"collection":[{"href":"https:\/\/mediagroup.mx\/index.php\/wp-json\/wp\/v2\/posts"}],"about":[{"href":"https:\/\/mediagroup.mx\/index.php\/wp-json\/wp\/v2\/types\/post"}],"author":[{"embeddable":true,"href":"https:\/\/mediagroup.mx\/index.php\/wp-json\/wp\/v2\/users\/2"}],"replies":[{"embeddable":true,"href":"https:\/\/mediagroup.mx\/index.php\/wp-json\/wp\/v2\/comments?post=59594"}],"version-history":[{"count":1,"href":"https:\/\/mediagroup.mx\/index.php\/wp-json\/wp\/v2\/posts\/59594\/revisions"}],"predecessor-version":[{"id":59596,"href":"https:\/\/mediagroup.mx\/index.php\/wp-json\/wp\/v2\/posts\/59594\/revisions\/59596"}],"wp:featuredmedia":[{"embeddable":true,"href":"https:\/\/mediagroup.mx\/index.php\/wp-json\/wp\/v2\/media\/59595"}],"wp:attachment":[{"href":"https:\/\/mediagroup.mx\/index.php\/wp-json\/wp\/v2\/media?parent=59594"}],"wp:term":[{"taxonomy":"category","embeddable":true,"href":"https:\/\/mediagroup.mx\/index.php\/wp-json\/wp\/v2\/categories?post=59594"},{"taxonomy":"post_tag","embeddable":true,"href":"https:\/\/mediagroup.mx\/index.php\/wp-json\/wp\/v2\/tags?post=59594"}],"curies":[{"name":"wp","href":"https:\/\/api.w.org\/{rel}","templated":true}]}}