{"id":59597,"date":"2024-11-28T10:27:28","date_gmt":"2024-11-28T16:27:28","guid":{"rendered":"https:\/\/mediagroup.mx\/?p=59597"},"modified":"2024-11-28T10:27:28","modified_gmt":"2024-11-28T16:27:28","slug":"diputado-jose-luis-tellez-marin-reitera-la-urgencia-de-atender-al-sector-ganadero-con-acciones-inmediatas","status":"publish","type":"post","link":"https:\/\/mediagroup.mx\/index.php\/2024\/11\/28\/diputado-jose-luis-tellez-marin-reitera-la-urgencia-de-atender-al-sector-ganadero-con-acciones-inmediatas\/","title":{"rendered":"Diputado Jos\u00e9 Luis T\u00e9llez Mar\u00edn reitera la urgencia de atender al sector ganadero con acciones inmediatas"},"content":{"rendered":"<p>Durante la sesi\u00f3n de la Comisi\u00f3n de Ganader\u00eda en la C\u00e1mara de Diputados, el legislador federal por el Partido del Trabajo, Jos\u00e9 Luis T\u00e9llez Mar\u00edn expres\u00f3 su preocupaci\u00f3n por los problemas que enfrenta el sector ganadero en el pa\u00eds y llam\u00f3 a una acci\u00f3n coordinada e inmediata para atender sus necesidades. Enfatiz\u00f3 que, ante la urgencia de la situaci\u00f3n, es indispensable establecer contacto directo con el Secretario de Ganader\u00eda para generar soluciones efectivas.<\/p>\n<p>\u00abEs fundamental que el d\u00eda de hoy mismo se establezca comunicaci\u00f3n con el Secretario. Si no puede acudir, al menos necesitamos que nos informe sobre las acciones en curso y que nos proporcione una cita para abordar el tema a profundidad. Si es necesario, estamos dispuestos a acudir todos los integrantes de la comisi\u00f3n para conocer la situaci\u00f3n y trabajar en conjunto en su soluci\u00f3n\u00bb, subray\u00f3 T\u00e9llez Mar\u00edn.<\/p>\n<p>El diputado federal reconoci\u00f3 la competencia y responsabilidad del Secretario de Ganader\u00eda, confiando en que responder\u00e1 de manera positiva a este llamado. Asimismo, destac\u00f3 la importancia de actuar r\u00e1pidamente para cumplir con la expectativa de los ganaderos, quienes dependen de una respuesta oportuna por parte de las autoridades. \u00abEl ganadero, especialmente en las regiones fronterizas, no puede esperar m\u00e1s; nuestra obligaci\u00f3n es darles una respuesta clara y tangible\u00bb, asegur\u00f3.<\/p>\n<p>T\u00e9llez Mar\u00edn hizo \u00e9nfasis en la necesidad de priorizar la acci\u00f3n sobre la burocracia, evitando retrasos innecesarios en los tr\u00e1mites legislativos. \u00abEl primer paso debe ser conocer de primera mano lo que se est\u00e1 haciendo y, si identificamos que no hay avances, entonces procederemos con las medidas legislativas correspondientes. Lo esencial es que los ciudadanos vean que estamos actuando en su beneficio\u00bb, a\u00f1adi\u00f3.<\/p>\n<p>Finalmente, el legislador reafirm\u00f3 su compromiso con el sector ganadero y su disposici\u00f3n para trabajar de manera colaborativa con las autoridades correspondientes. \u00abLa transparencia y la acci\u00f3n son fundamentales para construir confianza y generar soluciones que impacten de manera positiva en la vida de los productores. No dejaremos este tema hasta que el campo reciba el apoyo que merece\u00bb, concluy\u00f3.<\/p>\n<p><img loading=\"lazy\" decoding=\"async\" class=\"alignnone size-medium wp-image-59598\" src=\"https:\/\/mediagroup.mx\/wp-content\/uploads\/2024\/11\/WhatsApp-Image-2024-11-27-at-18.46.54-300x200.jpeg\" alt=\"\" width=\"300\" height=\"200\" srcset=\"https:\/\/mediagroup.mx\/wp-content\/uploads\/2024\/11\/WhatsApp-Image-2024-11-27-at-18.46.54-300x200.jpeg 300w, https:\/\/mediagroup.mx\/wp-content\/uploads\/2024\/11\/WhatsApp-Image-2024-11-27-at-18.46.54-1024x682.jpeg 1024w, https:\/\/mediagroup.mx\/wp-content\/uploads\/2024\/11\/WhatsApp-Image-2024-11-27-at-18.46.54-768x512.jpeg 768w, https:\/\/mediagroup.mx\/wp-content\/uploads\/2024\/11\/WhatsApp-Image-2024-11-27-at-18.46.54-1536x1023.jpeg 1536w, https:\/\/mediagroup.mx\/wp-content\/uploads\/2024\/11\/WhatsApp-Image-2024-11-27-at-18.46.54-150x100.jpeg 150w, https:\/\/mediagroup.mx\/wp-content\/uploads\/2024\/11\/WhatsApp-Image-2024-11-27-at-18.46.54-696x464.jpeg 696w, https:\/\/mediagroup.mx\/wp-content\/uploads\/2024\/11\/WhatsApp-Image-2024-11-27-at-18.46.54-1068x712.jpeg 1068w, https:\/\/mediagroup.mx\/wp-content\/uploads\/2024\/11\/WhatsApp-Image-2024-11-27-at-18.46.54.jpeg 1600w\" sizes=\"auto, (max-width: 300px) 100vw, 300px\" \/><\/p>\n","protected":false},"excerpt":{"rendered":"<p>Durante la sesi\u00f3n de la Comisi\u00f3n de Ganader\u00eda en la C\u00e1mara de Diputados, el legislador federal por el Partido del Trabajo, Jos\u00e9 Luis T\u00e9llez Mar\u00edn expres\u00f3 su preocupaci\u00f3n por los problemas que enfrenta el sector ganadero en el pa\u00eds y llam\u00f3 a una acci\u00f3n coordinada e inmediata para atender sus necesidades. Enfatiz\u00f3 que, ante la [&hellip;]<\/p>\n","protected":false},"author":2,"featured_media":59598,"comment_status":"closed","ping_status":"closed","sticky":false,"template":"","format":"standard","meta":{"om_disable_all_campaigns":false,"_monsterinsights_skip_tracking":false,"_monsterinsights_sitenote_active":false,"_monsterinsights_sitenote_note":"","_monsterinsights_sitenote_category":0,"_uf_show_specific_survey":0,"_uf_disable_surveys":false,"_jetpack_memberships_contains_paid_content":false,"footnotes":"","jetpack_publicize_message":"Diputado Jos\u00e9 Luis T\u00e9llez Mar\u00edn reitera la urgencia de atender al sector ganadero con acciones inmediatas","jetpack_publicize_feature_enabled":true,"jetpack_social_post_already_shared":true,"jetpack_social_options":{"image_generator_settings":{"template":"highway","default_image_id":0,"enabled":false},"version":2}},"categories":[15,63],"tags":[],"class_list":{"0":"post-59597","1":"post","2":"type-post","3":"status-publish","4":"format-standard","5":"has-post-thumbnail","7":"category-michoacan","8":"category-politica"},"aioseo_notices":[],"jetpack_publicize_connections":[],"jetpack_featured_media_url":"https:\/\/mediagroup.mx\/wp-content\/uploads\/2024\/11\/WhatsApp-Image-2024-11-27-at-18.46.54.jpeg","jetpack_sharing_enabled":true,"_links":{"self":[{"href":"https:\/\/mediagroup.mx\/index.php\/wp-json\/wp\/v2\/posts\/59597","targetHints":{"allow":["GET"]}}],"collection":[{"href":"https:\/\/mediagroup.mx\/index.php\/wp-json\/wp\/v2\/posts"}],"about":[{"href":"https:\/\/mediagroup.mx\/index.php\/wp-json\/wp\/v2\/types\/post"}],"author":[{"embeddable":true,"href":"https:\/\/mediagroup.mx\/index.php\/wp-json\/wp\/v2\/users\/2"}],"replies":[{"embeddable":true,"href":"https:\/\/mediagroup.mx\/index.php\/wp-json\/wp\/v2\/comments?post=59597"}],"version-history":[{"count":1,"href":"https:\/\/mediagroup.mx\/index.php\/wp-json\/wp\/v2\/posts\/59597\/revisions"}],"predecessor-version":[{"id":59599,"href":"https:\/\/mediagroup.mx\/index.php\/wp-json\/wp\/v2\/posts\/59597\/revisions\/59599"}],"wp:featuredmedia":[{"embeddable":true,"href":"https:\/\/mediagroup.mx\/index.php\/wp-json\/wp\/v2\/media\/59598"}],"wp:attachment":[{"href":"https:\/\/mediagroup.mx\/index.php\/wp-json\/wp\/v2\/media?parent=59597"}],"wp:term":[{"taxonomy":"category","embeddable":true,"href":"https:\/\/mediagroup.mx\/index.php\/wp-json\/wp\/v2\/categories?post=59597"},{"taxonomy":"post_tag","embeddable":true,"href":"https:\/\/mediagroup.mx\/index.php\/wp-json\/wp\/v2\/tags?post=59597"}],"curies":[{"name":"wp","href":"https:\/\/api.w.org\/{rel}","templated":true}]}}