{"id":59621,"date":"2024-11-28T16:41:08","date_gmt":"2024-11-28T22:41:08","guid":{"rendered":"https:\/\/mediagroup.mx\/?p=59621"},"modified":"2024-11-28T16:41:08","modified_gmt":"2024-11-28T22:41:08","slug":"giulianna-bugarini-celebra-reforma-a-la-umsnh-un-compromiso-con-la-educacion-publica","status":"publish","type":"post","link":"https:\/\/mediagroup.mx\/index.php\/2024\/11\/28\/giulianna-bugarini-celebra-reforma-a-la-umsnh-un-compromiso-con-la-educacion-publica\/","title":{"rendered":"Giulianna Bugarini celebra Reforma a la UMSNH: Un compromiso con la educaci\u00f3n p\u00fablica"},"content":{"rendered":"<p>La diputada local, Giulianna Bugarini, celebr\u00f3 la aprobaci\u00f3n de la reforma a la Universidad Michoacana de San Nicol\u00e1s de Hidalgo (UMSNH), consider\u00e1ndola un logro crucial para la educaci\u00f3n p\u00fablica en Michoac\u00e1n y un paso decisivo hacia el fortalecimiento de la instituci\u00f3n y el desarrollo del estado.<\/p>\n<p>\u201cEsta reforma no solo es una victoria para la educaci\u00f3n p\u00fablica, sino tambi\u00e9n para la justicia social y la democratizaci\u00f3n del conocimiento en Michoac\u00e1n\u201d, expres\u00f3 la diputada.<\/p>\n<p>Bugarini Torres destac\u00f3 que la reforma garantiza la estabilidad financiera de la universidad, lo que permitir\u00e1 el desarrollo de programas acad\u00e9micos de calidad, el fortalecimiento de la investigaci\u00f3n y el impulso de la innovaci\u00f3n.<\/p>\n<p>\u201cAl respaldar nuestra m\u00e1xima casa de estudios, estamos invirtiendo en el futuro de las nuevas generaciones y en el progreso de nuestro estado\u201d, a\u00f1adi\u00f3.<\/p>\n<p>La legisladora tambi\u00e9n resalt\u00f3 la importancia del nuevo marco legal que asegura un presupuesto m\u00ednimo del 4.5% de los egresos del estado para la Universidad Michoacana. \u201cEste compromiso financiero garantizar\u00e1 a la instituci\u00f3n los recursos necesarios para crecer y seguir siendo un pilar fundamental para la comunidad michoacana\u201d, explic\u00f3.<\/p>\n<p>Por \u00faltimo, Bugarini Torres hizo un llamado a la comunidad universitaria a unirse en torno a este proyecto transformador, asegurando que esta reforma representa un paso crucial para consolidar a la Universidad Michoacana como un motor de desarrollo para todo el estado<\/p>\n<p><img loading=\"lazy\" decoding=\"async\" class=\"alignnone size-medium wp-image-59622\" src=\"https:\/\/mediagroup.mx\/wp-content\/uploads\/2024\/11\/WhatsApp-Image-2024-11-28-at-15.13.59-1-300x200.jpeg\" alt=\"\" width=\"300\" height=\"200\" srcset=\"https:\/\/mediagroup.mx\/wp-content\/uploads\/2024\/11\/WhatsApp-Image-2024-11-28-at-15.13.59-1-300x200.jpeg 300w, https:\/\/mediagroup.mx\/wp-content\/uploads\/2024\/11\/WhatsApp-Image-2024-11-28-at-15.13.59-1-1024x682.jpeg 1024w, https:\/\/mediagroup.mx\/wp-content\/uploads\/2024\/11\/WhatsApp-Image-2024-11-28-at-15.13.59-1-768x512.jpeg 768w, https:\/\/mediagroup.mx\/wp-content\/uploads\/2024\/11\/WhatsApp-Image-2024-11-28-at-15.13.59-1-150x100.jpeg 150w, https:\/\/mediagroup.mx\/wp-content\/uploads\/2024\/11\/WhatsApp-Image-2024-11-28-at-15.13.59-1-696x464.jpeg 696w, https:\/\/mediagroup.mx\/wp-content\/uploads\/2024\/11\/WhatsApp-Image-2024-11-28-at-15.13.59-1-1068x712.jpeg 1068w, https:\/\/mediagroup.mx\/wp-content\/uploads\/2024\/11\/WhatsApp-Image-2024-11-28-at-15.13.59-1.jpeg 1280w\" sizes=\"auto, (max-width: 300px) 100vw, 300px\" \/><\/p>\n","protected":false},"excerpt":{"rendered":"<p>La diputada local, Giulianna Bugarini, celebr\u00f3 la aprobaci\u00f3n de la reforma a la Universidad Michoacana de San Nicol\u00e1s de Hidalgo (UMSNH), consider\u00e1ndola un logro crucial para la educaci\u00f3n p\u00fablica en Michoac\u00e1n y un paso decisivo hacia el fortalecimiento de la instituci\u00f3n y el desarrollo del estado. \u201cEsta reforma no solo es una victoria para la [&hellip;]<\/p>\n","protected":false},"author":2,"featured_media":59622,"comment_status":"closed","ping_status":"closed","sticky":false,"template":"","format":"standard","meta":{"om_disable_all_campaigns":false,"_monsterinsights_skip_tracking":false,"_monsterinsights_sitenote_active":false,"_monsterinsights_sitenote_note":"","_monsterinsights_sitenote_category":0,"_uf_show_specific_survey":0,"_uf_disable_surveys":false,"_jetpack_memberships_contains_paid_content":false,"footnotes":"","jetpack_publicize_message":"Giulianna Bugarini celebra Reforma a la UMSNH: Un compromiso con la educaci\u00f3n p\u00fablica","jetpack_publicize_feature_enabled":true,"jetpack_social_post_already_shared":true,"jetpack_social_options":{"image_generator_settings":{"template":"highway","default_image_id":0,"enabled":false},"version":2}},"categories":[15,63],"tags":[],"class_list":{"0":"post-59621","1":"post","2":"type-post","3":"status-publish","4":"format-standard","5":"has-post-thumbnail","7":"category-michoacan","8":"category-politica"},"aioseo_notices":[],"jetpack_publicize_connections":[],"jetpack_featured_media_url":"https:\/\/mediagroup.mx\/wp-content\/uploads\/2024\/11\/WhatsApp-Image-2024-11-28-at-15.13.59-1.jpeg","jetpack_sharing_enabled":true,"_links":{"self":[{"href":"https:\/\/mediagroup.mx\/index.php\/wp-json\/wp\/v2\/posts\/59621","targetHints":{"allow":["GET"]}}],"collection":[{"href":"https:\/\/mediagroup.mx\/index.php\/wp-json\/wp\/v2\/posts"}],"about":[{"href":"https:\/\/mediagroup.mx\/index.php\/wp-json\/wp\/v2\/types\/post"}],"author":[{"embeddable":true,"href":"https:\/\/mediagroup.mx\/index.php\/wp-json\/wp\/v2\/users\/2"}],"replies":[{"embeddable":true,"href":"https:\/\/mediagroup.mx\/index.php\/wp-json\/wp\/v2\/comments?post=59621"}],"version-history":[{"count":1,"href":"https:\/\/mediagroup.mx\/index.php\/wp-json\/wp\/v2\/posts\/59621\/revisions"}],"predecessor-version":[{"id":59623,"href":"https:\/\/mediagroup.mx\/index.php\/wp-json\/wp\/v2\/posts\/59621\/revisions\/59623"}],"wp:featuredmedia":[{"embeddable":true,"href":"https:\/\/mediagroup.mx\/index.php\/wp-json\/wp\/v2\/media\/59622"}],"wp:attachment":[{"href":"https:\/\/mediagroup.mx\/index.php\/wp-json\/wp\/v2\/media?parent=59621"}],"wp:term":[{"taxonomy":"category","embeddable":true,"href":"https:\/\/mediagroup.mx\/index.php\/wp-json\/wp\/v2\/categories?post=59621"},{"taxonomy":"post_tag","embeddable":true,"href":"https:\/\/mediagroup.mx\/index.php\/wp-json\/wp\/v2\/tags?post=59621"}],"curies":[{"name":"wp","href":"https:\/\/api.w.org\/{rel}","templated":true}]}}