{"id":59624,"date":"2024-11-28T16:42:38","date_gmt":"2024-11-28T22:42:38","guid":{"rendered":"https:\/\/mediagroup.mx\/?p=59624"},"modified":"2024-11-28T16:42:38","modified_gmt":"2024-11-28T22:42:38","slug":"atender-la-salud-mental-con-programas-educativos-integrales-propone-sandra-arreola","status":"publish","type":"post","link":"https:\/\/mediagroup.mx\/index.php\/2024\/11\/28\/atender-la-salud-mental-con-programas-educativos-integrales-propone-sandra-arreola\/","title":{"rendered":"Atender la salud mental con programas educativos integrales, propone Sandra Arreola"},"content":{"rendered":"<p>El acceso a servicios de salud mental se ha visto considerablemente reducido, ya que solo 2 de cada 10 personas con problemas o condiciones mentales reciben atenci\u00f3n adecuada.<\/p>\n<p>Esta situaci\u00f3n refleja una brecha cr\u00edtica en la atenci\u00f3n psicol\u00f3gica y subraya la necesidad urgente de integrar la salud mental de manera sistem\u00e1tica en diversos sectores, incluido el \u00e1mbito educativo, asevera la diputada Sandra Arreola Ruiz.<\/p>\n<p>La legisladora present\u00f3 el decreto de reforma a la fracci\u00f3n XI del art\u00edculo 53 del Ley de Educaci\u00f3n para el Estado de Michoac\u00e1n de Ocampo, para que precise que : \u201cEn los contenidos de los planes y programas de estudio que determine la autoridad federal, al impartirse en el Estado, de acuerdo con el tipo y nivel educativo, cada una de las autoridades en la materia, deber\u00e1 resaltar, de entre todos, los siguientes:<\/p>\n<p>I a X\u2026<\/p>\n<p>XI. La educaci\u00f3n socioemocional aplicandoprogramas relacionados con salud mental infantil y material informativo b\u00e1sico en salud mental a los padres o tutores con la finalidad de identificar alg\u00fan tipo de trastorno en el menor y aplicar las medidas preventivas en un primer momento\u201d.<\/p>\n<p>Arreola Ruiz destac\u00f3 que estos temas en los planes de estudio ayudar\u00e1 a crear un entorno escolar m\u00e1s inclusivo, seguro y saludable, donde los estudiantes puedan desarrollarse de manera integral, tanto en su dimensi\u00f3n cognitiva como emocional.<\/p>\n<p>\u201cAl fortalecer la salud mental en las aulas, no solo mejorar\u00e1 la calidad de vida de los estudiantes, sino que tambi\u00e9n se reducir\u00e1n los \u00edndices de acoso escolar, los trastornos emocionales y los problemas relacionados con la baja autoestima, contribuyendo a una sociedad m\u00e1s consciente, resiliente y emp\u00e1tica\u201d, expuso como parte de sus argumentos.<\/p>\n<p>Detall\u00f3 que la presencia de psic\u00f3logos en todas las escuelas, sirve no solo para prevenir un futuro incierto para los ni\u00f1os, tambi\u00e9n para ofrecerles un entorno en el que se sientan comprendidos, apoyados y valorados, independientemente de los retos que enfrenten.<\/p>\n<p>\u201cSe trata de ofrecer a los ni\u00f1os y adolescentes las herramientas necesarias para comprender y gestionar sus emociones, as\u00ed como de crear un ambiente seguro e inclusivo. Los psic\u00f3logos pueden trabajar directamente con los estudiantes, pero tambi\u00e9n con los profesores y padres, para fomentar un enfoque integral y colaborativo\u201d, agreg\u00f3.<\/p>\n<p>Urgi\u00f3 a los legisladores a apoyar esta propuesta para atender casos de diagn\u00f3stico y atenci\u00f3n para el TDAH (Trastorno de D\u00e9ficit de Atenci\u00f3n e Hiperactividad), una condici\u00f3n que afecta a un porcentaje significativo de ni\u00f1os y que, si no se maneja adecuadamente, y el autoestima de los ni\u00f1os, otro factor crucial en su desarrollo emocional y social.<\/p>\n<p><img loading=\"lazy\" decoding=\"async\" class=\"alignnone size-medium wp-image-59625\" src=\"https:\/\/mediagroup.mx\/wp-content\/uploads\/2024\/11\/WhatsApp-Image-2024-11-28-at-15.19.11-300x200.jpeg\" alt=\"\" width=\"300\" height=\"200\" srcset=\"https:\/\/mediagroup.mx\/wp-content\/uploads\/2024\/11\/WhatsApp-Image-2024-11-28-at-15.19.11-300x200.jpeg 300w, https:\/\/mediagroup.mx\/wp-content\/uploads\/2024\/11\/WhatsApp-Image-2024-11-28-at-15.19.11-1024x682.jpeg 1024w, https:\/\/mediagroup.mx\/wp-content\/uploads\/2024\/11\/WhatsApp-Image-2024-11-28-at-15.19.11-768x512.jpeg 768w, https:\/\/mediagroup.mx\/wp-content\/uploads\/2024\/11\/WhatsApp-Image-2024-11-28-at-15.19.11-1536x1023.jpeg 1536w, https:\/\/mediagroup.mx\/wp-content\/uploads\/2024\/11\/WhatsApp-Image-2024-11-28-at-15.19.11-150x100.jpeg 150w, https:\/\/mediagroup.mx\/wp-content\/uploads\/2024\/11\/WhatsApp-Image-2024-11-28-at-15.19.11-696x464.jpeg 696w, https:\/\/mediagroup.mx\/wp-content\/uploads\/2024\/11\/WhatsApp-Image-2024-11-28-at-15.19.11-1068x712.jpeg 1068w, https:\/\/mediagroup.mx\/wp-content\/uploads\/2024\/11\/WhatsApp-Image-2024-11-28-at-15.19.11.jpeg 1600w\" sizes=\"auto, (max-width: 300px) 100vw, 300px\" \/><\/p>\n","protected":false},"excerpt":{"rendered":"<p>El acceso a servicios de salud mental se ha visto considerablemente reducido, ya que solo 2 de cada 10 personas con problemas o condiciones mentales reciben atenci\u00f3n adecuada. Esta situaci\u00f3n refleja una brecha cr\u00edtica en la atenci\u00f3n psicol\u00f3gica y subraya la necesidad urgente de integrar la salud mental de manera sistem\u00e1tica en diversos sectores, incluido [&hellip;]<\/p>\n","protected":false},"author":2,"featured_media":59625,"comment_status":"closed","ping_status":"closed","sticky":false,"template":"","format":"standard","meta":{"om_disable_all_campaigns":false,"_monsterinsights_skip_tracking":false,"_monsterinsights_sitenote_active":false,"_monsterinsights_sitenote_note":"","_monsterinsights_sitenote_category":0,"_uf_show_specific_survey":0,"_uf_disable_surveys":false,"_jetpack_memberships_contains_paid_content":false,"footnotes":"","jetpack_publicize_message":"Atender la salud mental con programas educativos integrales, propone Sandra Arreola\r\n\r\n-La legisladora propuso una reforma para incluir en la educaci\u00f3n socio emocional a padres y tutores de menores en edad escolar.","jetpack_publicize_feature_enabled":true,"jetpack_social_post_already_shared":true,"jetpack_social_options":{"image_generator_settings":{"template":"highway","default_image_id":0,"enabled":false},"version":2}},"categories":[15,63],"tags":[],"class_list":{"0":"post-59624","1":"post","2":"type-post","3":"status-publish","4":"format-standard","5":"has-post-thumbnail","7":"category-michoacan","8":"category-politica"},"aioseo_notices":[],"jetpack_publicize_connections":[],"jetpack_featured_media_url":"https:\/\/mediagroup.mx\/wp-content\/uploads\/2024\/11\/WhatsApp-Image-2024-11-28-at-15.19.11.jpeg","jetpack_sharing_enabled":true,"_links":{"self":[{"href":"https:\/\/mediagroup.mx\/index.php\/wp-json\/wp\/v2\/posts\/59624","targetHints":{"allow":["GET"]}}],"collection":[{"href":"https:\/\/mediagroup.mx\/index.php\/wp-json\/wp\/v2\/posts"}],"about":[{"href":"https:\/\/mediagroup.mx\/index.php\/wp-json\/wp\/v2\/types\/post"}],"author":[{"embeddable":true,"href":"https:\/\/mediagroup.mx\/index.php\/wp-json\/wp\/v2\/users\/2"}],"replies":[{"embeddable":true,"href":"https:\/\/mediagroup.mx\/index.php\/wp-json\/wp\/v2\/comments?post=59624"}],"version-history":[{"count":1,"href":"https:\/\/mediagroup.mx\/index.php\/wp-json\/wp\/v2\/posts\/59624\/revisions"}],"predecessor-version":[{"id":59626,"href":"https:\/\/mediagroup.mx\/index.php\/wp-json\/wp\/v2\/posts\/59624\/revisions\/59626"}],"wp:featuredmedia":[{"embeddable":true,"href":"https:\/\/mediagroup.mx\/index.php\/wp-json\/wp\/v2\/media\/59625"}],"wp:attachment":[{"href":"https:\/\/mediagroup.mx\/index.php\/wp-json\/wp\/v2\/media?parent=59624"}],"wp:term":[{"taxonomy":"category","embeddable":true,"href":"https:\/\/mediagroup.mx\/index.php\/wp-json\/wp\/v2\/categories?post=59624"},{"taxonomy":"post_tag","embeddable":true,"href":"https:\/\/mediagroup.mx\/index.php\/wp-json\/wp\/v2\/tags?post=59624"}],"curies":[{"name":"wp","href":"https:\/\/api.w.org\/{rel}","templated":true}]}}