{"id":59648,"date":"2024-11-29T14:23:11","date_gmt":"2024-11-29T20:23:11","guid":{"rendered":"https:\/\/mediagroup.mx\/?p=59648"},"modified":"2024-11-29T14:23:11","modified_gmt":"2024-11-29T20:23:11","slug":"presenta-vicente-gomez-iniciativa-para-reconocer-la-labor-de-las-parteras-tradicionales-en-la-ley-de-salud","status":"publish","type":"post","link":"https:\/\/mediagroup.mx\/index.php\/2024\/11\/29\/presenta-vicente-gomez-iniciativa-para-reconocer-la-labor-de-las-parteras-tradicionales-en-la-ley-de-salud\/","title":{"rendered":"Presenta Vicente G\u00f3mez iniciativa para reconocer la labor de las parteras tradicionales en la Ley de Salud"},"content":{"rendered":"<p>Para promover el respeto, conocimiento y desarrollo de la medicina y parter\u00eda tradicional, el diputado por el Distrito XIX de Tac\u00e1mbaro, Vicente G\u00f3mez N\u00fa\u00f1ez, present\u00f3 una iniciativa para reformar y adicionar diversas disposiciones a la Ley de Salud del Estado de Michoac\u00e1n.<\/p>\n<p>Ante el pleno de la LXXVI Legislatura local, se\u00f1al\u00f3 que con esta propuesta se busca proteger el patrimonio cultural y el pleno goce y ejercicio de la libre determinaci\u00f3n de los pueblos y comunidades ind\u00edgenas.<\/p>\n<p>En tribuna, el legislador del Grupo Parlamentario del Partido del Trabajo (GPPT) justific\u00f3 que, el Informe sobre la Situaci\u00f3n Actual de la Parter\u00eda Ind\u00edgena 2021-2022 del Instituto Nacional de Pueblos Ind\u00edgenas, se\u00f1ala que la medicina y parter\u00eda tradicional han evitado muertes maternas y fetales en estados en donde se sigue ejerciendo est\u00e1 pr\u00e1ctica. De ah\u00ed, dijo, la necesidad de que los pueblos y comunidades ind\u00edgenas en Michoac\u00e1n sean tomados en cuenta en la formulaci\u00f3n de pol\u00edticas p\u00fablicas en el \u00e1rea de la salud.<\/p>\n<p>En este sentido, enumer\u00f3 cinco dimensiones que resaltan la importancia de la parter\u00eda tradicional: la preservaci\u00f3n de la salud, la atenci\u00f3n al parto, el apoyo emocional, el valor cultural y social; y, el papel jur\u00eddico.<\/p>\n<p>Ante sus hom\u00f3logos legisladores, destac\u00f3 que esta iniciativa es un reconocimiento a los saberes y pr\u00e1cticas ancestrales que forman parte de la cosmovisi\u00f3n y exaltan la identidad del pueblo.<\/p>\n<p><img loading=\"lazy\" decoding=\"async\" class=\"alignnone size-medium wp-image-59649\" src=\"https:\/\/mediagroup.mx\/wp-content\/uploads\/2024\/11\/WhatsApp-Image-2024-11-28-at-16.48.32-300x194.jpeg\" alt=\"\" width=\"300\" height=\"194\" srcset=\"https:\/\/mediagroup.mx\/wp-content\/uploads\/2024\/11\/WhatsApp-Image-2024-11-28-at-16.48.32-300x194.jpeg 300w, https:\/\/mediagroup.mx\/wp-content\/uploads\/2024\/11\/WhatsApp-Image-2024-11-28-at-16.48.32-1024x662.jpeg 1024w, https:\/\/mediagroup.mx\/wp-content\/uploads\/2024\/11\/WhatsApp-Image-2024-11-28-at-16.48.32-768x497.jpeg 768w, https:\/\/mediagroup.mx\/wp-content\/uploads\/2024\/11\/WhatsApp-Image-2024-11-28-at-16.48.32-150x97.jpeg 150w, https:\/\/mediagroup.mx\/wp-content\/uploads\/2024\/11\/WhatsApp-Image-2024-11-28-at-16.48.32-696x450.jpeg 696w, https:\/\/mediagroup.mx\/wp-content\/uploads\/2024\/11\/WhatsApp-Image-2024-11-28-at-16.48.32-1068x691.jpeg 1068w, https:\/\/mediagroup.mx\/wp-content\/uploads\/2024\/11\/WhatsApp-Image-2024-11-28-at-16.48.32.jpeg 1280w\" sizes=\"auto, (max-width: 300px) 100vw, 300px\" \/><\/p>\n","protected":false},"excerpt":{"rendered":"<p>Para promover el respeto, conocimiento y desarrollo de la medicina y parter\u00eda tradicional, el diputado por el Distrito XIX de Tac\u00e1mbaro, Vicente G\u00f3mez N\u00fa\u00f1ez, present\u00f3 una iniciativa para reformar y adicionar diversas disposiciones a la Ley de Salud del Estado de Michoac\u00e1n. Ante el pleno de la LXXVI Legislatura local, se\u00f1al\u00f3 que con esta propuesta [&hellip;]<\/p>\n","protected":false},"author":2,"featured_media":59649,"comment_status":"closed","ping_status":"closed","sticky":false,"template":"","format":"standard","meta":{"om_disable_all_campaigns":false,"_monsterinsights_skip_tracking":false,"_monsterinsights_sitenote_active":false,"_monsterinsights_sitenote_note":"","_monsterinsights_sitenote_category":0,"_uf_show_specific_survey":0,"_uf_disable_surveys":false,"_jetpack_memberships_contains_paid_content":false,"footnotes":"","jetpack_publicize_message":"Presenta Vicente G\u00f3mez iniciativa para reconocer la labor de las parteras tradicionales en la Ley de Salud","jetpack_publicize_feature_enabled":true,"jetpack_social_post_already_shared":true,"jetpack_social_options":{"image_generator_settings":{"template":"highway","default_image_id":0,"enabled":false},"version":2}},"categories":[15,63],"tags":[],"class_list":{"0":"post-59648","1":"post","2":"type-post","3":"status-publish","4":"format-standard","5":"has-post-thumbnail","7":"category-michoacan","8":"category-politica"},"aioseo_notices":[],"jetpack_publicize_connections":[],"jetpack_featured_media_url":"https:\/\/mediagroup.mx\/wp-content\/uploads\/2024\/11\/WhatsApp-Image-2024-11-28-at-16.48.32.jpeg","jetpack_sharing_enabled":true,"_links":{"self":[{"href":"https:\/\/mediagroup.mx\/index.php\/wp-json\/wp\/v2\/posts\/59648","targetHints":{"allow":["GET"]}}],"collection":[{"href":"https:\/\/mediagroup.mx\/index.php\/wp-json\/wp\/v2\/posts"}],"about":[{"href":"https:\/\/mediagroup.mx\/index.php\/wp-json\/wp\/v2\/types\/post"}],"author":[{"embeddable":true,"href":"https:\/\/mediagroup.mx\/index.php\/wp-json\/wp\/v2\/users\/2"}],"replies":[{"embeddable":true,"href":"https:\/\/mediagroup.mx\/index.php\/wp-json\/wp\/v2\/comments?post=59648"}],"version-history":[{"count":1,"href":"https:\/\/mediagroup.mx\/index.php\/wp-json\/wp\/v2\/posts\/59648\/revisions"}],"predecessor-version":[{"id":59650,"href":"https:\/\/mediagroup.mx\/index.php\/wp-json\/wp\/v2\/posts\/59648\/revisions\/59650"}],"wp:featuredmedia":[{"embeddable":true,"href":"https:\/\/mediagroup.mx\/index.php\/wp-json\/wp\/v2\/media\/59649"}],"wp:attachment":[{"href":"https:\/\/mediagroup.mx\/index.php\/wp-json\/wp\/v2\/media?parent=59648"}],"wp:term":[{"taxonomy":"category","embeddable":true,"href":"https:\/\/mediagroup.mx\/index.php\/wp-json\/wp\/v2\/categories?post=59648"},{"taxonomy":"post_tag","embeddable":true,"href":"https:\/\/mediagroup.mx\/index.php\/wp-json\/wp\/v2\/tags?post=59648"}],"curies":[{"name":"wp","href":"https:\/\/api.w.org\/{rel}","templated":true}]}}